{"id":3810,"date":"2011-11-25T20:30:55","date_gmt":"2011-11-25T19:30:55","guid":{"rendered":"http:\/\/enricomaciasloriental.fr\/WordPress\/?p=3810"},"modified":"2011-11-25T20:37:29","modified_gmt":"2011-11-25T19:37:29","slug":"decouvrez-la-premiere-bande-annonce-pour-la-verite-si-je-mens-3-2","status":"publish","type":"post","link":"https:\/\/enricomaciasloriental.fr\/WordPress\/decouvrez-la-premiere-bande-annonce-pour-la-verite-si-je-mens-3-2\/","title":{"rendered":"D\u00e9couvrez la premi\u00e8re bande-annonce pour La V\u00e9rit\u00e9 si je mens ! 3"},"content":{"rendered":"<p><a href=\"https:\/\/enricomaciasloriental.fr\/WordPress\/wp-content\/uploads\/\/2011\/11\/4eb4090fdad2d1.jpg\"><img fetchpriority=\"high\" decoding=\"async\" class=\"alignleft size-full wp-image-3807\" title=\"4eb4090fdad2d\" src=\"https:\/\/enricomaciasloriental.fr\/WordPress\/wp-content\/uploads\/\/2011\/11\/4eb4090fdad2d1.jpg\" alt=\"\" width=\"436\" height=\"582\" srcset=\"https:\/\/enricomaciasloriental.fr\/WordPress\/wp-content\/uploads\/2011\/11\/4eb4090fdad2d1.jpg 436w, https:\/\/enricomaciasloriental.fr\/WordPress\/wp-content\/uploads\/2011\/11\/4eb4090fdad2d1-224x300.jpg 224w\" sizes=\"(max-width: 436px) 100vw, 436px\" \/><\/a>Si vous avez un peu suivi l\u2019actualit\u00e9 du site Allocin\u00e9 vous savez sans doute que la bande-annonce pour\u00a0 <strong><a title=\"La V\u00e9rit\u00e9 si je mens ! 3\" href=\"http:\/\/www.lyricis.fr\/tag\/la-verite-si-je-mens-3\/\">La V\u00e9rit\u00e9 si je mens ! 3<\/a><\/strong>, sera disponible en exclusivit\u00e9 sur Allocin\u00e9 TV \u00e0 partir de 19h puis 20h sur le site en question, hors pour marquer le coup avec ce troisi\u00e8me volet de cette saga humoristique Allocin\u00e9 a propos\u00e9 a certain blog, dont Lyricis.fr de diffus\u00e9 en m\u00eame et presque en exclusivit\u00e9 la bande-annonce d\u00e8s 19h30, oui on s\u2019incruste, gr\u00e2ce \u00e0 \u00e7a vous pouvez d\u00e8s maintenant d\u00e9couvrir les nouvelles embrouille qui attendent Richard Anconina, Jos\u00e9 Garcia, Vincent Elbaz, Gilbert Melki, Bruno Solo, Aure Atika, Amira Casar, Enrico Macias, Elisa Tovati, Marc Andreoni, L\u00e9a Drucker, Nicole Calfan, Cyril Hanouna et Lucien Layani.<\/p>\n<p><strong>Synopsis<\/strong> :<br \/>\nEddie, Dov, Yvan et les autres\u2026 Nos chaleureux amis ont migr\u00e9 du Sentier moribond \u00e0 la banlieue florissante d\u2019Aubervilliers\u2026 L\u00e0 m\u00eame o\u00f9 les vieux entrepreneurs juifs ont laiss\u00e9 le terrain \u00e0 de jeunes grossistes chinois courageux et dynamiques\u2026<br \/>\nLa petite bande est toujours aussi soud\u00e9e, solidaire que lors des \u00e9pisodes pr\u00e9c\u00e9dents, et la vie suit son cours, au gr\u00e9 des petits \u00e9v\u00e8nements familiaux et des affaires.<br \/>\nDov semble toujours frivole, Eddie entreprenant, Yvan transi, Karine d\u00e9sinvolte, Sandra r\u00e9solue, Chochana na\u00efve, Serge irresponsable et mythomane. Quant \u00e0 Patrick, il est amoureux et l\u2019heureuse \u00e9lue est loin d\u2019\u00eatre facile d\u2019acc\u00e8s.<br \/>\nTout irait pour le mieux jusqu\u2019\u00e0 ce qu\u2019un vent mauvais apporte son lot d\u2019adversit\u00e9 compromettant s\u00e9rieusement la coh\u00e9sion du groupe.<br \/>\nSuccomberont-ils sous l\u2019orage \u00e0 la zizanie, ou bien, une fois de plus, \u00e0 force d\u2019entraide, de ruses et d\u2019habilet\u00e9, triompheront-ils de la crise avec panache ?<\/p>\n<p>http:\/\/www.allocine.fr\/video\/player_gen_cmedia=19263396&#038;cfilm=134545.html<\/p>\n<div id=\"allocine_blog\" style=\"width:450px; height:280px\"><object width=\"100%\" height=\"280px\"><param name=\"movie\" value=\"http:\/\/www.allocine.fr\/blogvision\/19263396\"><\/param><param name=\"allowFullScreen\" value=\"true\"><\/param><param name=\"allowScriptAccess\" value=\"always\"><\/param><embed src=\"http:\/\/www.allocine.fr\/blogvision\/19263396\" type=\"application\/x-shockwave-flash\" width=\"100%\" height=\"100%\" allowFullScreen=\"true\" allowScriptAccess=\"always\"><\/embed><\/object><\/div>\n","protected":false},"excerpt":{"rendered":"<p>Si vous avez un peu suivi l\u2019actualit\u00e9 du site Allocin\u00e9 vous savez sans doute que la bande-annonce pour\u00a0 La V\u00e9rit\u00e9 si je mens ! 3, sera disponible en exclusivit\u00e9 sur Allocin\u00e9 TV \u00e0 partir de 19h puis 20h sur le &hellip;<\/p>\n<p class=\"read-more\"> <a class=\"more-link\" href=\"https:\/\/enricomaciasloriental.fr\/WordPress\/decouvrez-la-premiere-bande-annonce-pour-la-verite-si-je-mens-3-2\/\"> <span class=\"screen-reader-text\">D\u00e9couvrez la premi\u00e8re bande-annonce pour La V\u00e9rit\u00e9 si je mens ! 3<\/span> Read More &raquo;<\/a><\/p>\n","protected":false},"author":36,"featured_media":0,"comment_status":"open","ping_status":"open","sticky":false,"template":"","format":"standard","meta":{"footnotes":""},"categories":[1],"tags":[],"class_list":["post-3810","post","type-post","status-publish","format-standard","hentry","category-actualites"],"yoast_head":"<!-- This site is optimized with the Yoast SEO plugin v27.4 - https:\/\/yoast.com\/product\/yoast-seo-wordpress\/ -->\n<title>D\u00e9couvrez la premi\u00e8re bande-annonce pour La V\u00e9rit\u00e9 si je mens ! 3 - ENRICO MACIAS L&#039;Oriental<\/title>\n<meta name=\"robots\" content=\"index, follow, max-snippet:-1, max-image-preview:large, max-video-preview:-1\" \/>\n<link rel=\"canonical\" href=\"https:\/\/enricomaciasloriental.fr\/WordPress\/decouvrez-la-premiere-bande-annonce-pour-la-verite-si-je-mens-3-2\/\" \/>\n<meta property=\"og:locale\" content=\"fr_FR\" \/>\n<meta property=\"og:type\" content=\"article\" \/>\n<meta property=\"og:title\" content=\"D\u00e9couvrez la premi\u00e8re bande-annonce pour La V\u00e9rit\u00e9 si je mens ! 3 - ENRICO MACIAS L&#039;Oriental\" \/>\n<meta property=\"og:description\" content=\"Si vous avez un peu suivi l\u2019actualit\u00e9 du site Allocin\u00e9 vous savez sans doute que la bande-annonce pour\u00a0 La V\u00e9rit\u00e9 si je mens ! 3, sera disponible en exclusivit\u00e9 sur Allocin\u00e9 TV \u00e0 partir de 19h puis 20h sur le &hellip; D\u00e9couvrez la premi\u00e8re bande-annonce pour La V\u00e9rit\u00e9 si je mens ! 3 Read More &raquo;\" \/>\n<meta property=\"og:url\" content=\"https:\/\/enricomaciasloriental.fr\/WordPress\/decouvrez-la-premiere-bande-annonce-pour-la-verite-si-je-mens-3-2\/\" \/>\n<meta property=\"og:site_name\" content=\"ENRICO MACIAS L&#039;Oriental\" \/>\n<meta property=\"article:published_time\" content=\"2011-11-25T19:30:55+00:00\" \/>\n<meta property=\"article:modified_time\" content=\"2011-11-25T19:37:29+00:00\" \/>\n<meta property=\"og:image\" content=\"http:\/\/enricomaciasloriental.fr\/WordPress\/wp-content\/uploads\/\/2011\/11\/4eb4090fdad2d1.jpg\" \/>\n<meta name=\"author\" content=\"Loriental\" \/>\n<meta name=\"twitter:card\" content=\"summary_large_image\" \/>\n<meta name=\"twitter:label1\" content=\"\u00c9crit par\" \/>\n\t<meta name=\"twitter:data1\" content=\"Loriental\" \/>\n\t<meta name=\"twitter:label2\" content=\"Dur\u00e9e de lecture estim\u00e9e\" \/>\n\t<meta name=\"twitter:data2\" content=\"1 minute\" \/>\n<script type=\"application\/ld+json\" class=\"yoast-schema-graph\">{\"@context\":\"https:\\\/\\\/schema.org\",\"@graph\":[{\"@type\":\"Article\",\"@id\":\"https:\\\/\\\/enricomaciasloriental.fr\\\/WordPress\\\/decouvrez-la-premiere-bande-annonce-pour-la-verite-si-je-mens-3-2\\\/#article\",\"isPartOf\":{\"@id\":\"https:\\\/\\\/enricomaciasloriental.fr\\\/WordPress\\\/decouvrez-la-premiere-bande-annonce-pour-la-verite-si-je-mens-3-2\\\/\"},\"author\":{\"name\":\"Loriental\",\"@id\":\"https:\\\/\\\/enricomaciasloriental.fr\\\/WordPress\\\/#\\\/schema\\\/person\\\/53fba112c6f4f0b335578890a816262e\"},\"headline\":\"D\u00e9couvrez la premi\u00e8re bande-annonce pour La V\u00e9rit\u00e9 si je mens ! 3\",\"datePublished\":\"2011-11-25T19:30:55+00:00\",\"dateModified\":\"2011-11-25T19:37:29+00:00\",\"mainEntityOfPage\":{\"@id\":\"https:\\\/\\\/enricomaciasloriental.fr\\\/WordPress\\\/decouvrez-la-premiere-bande-annonce-pour-la-verite-si-je-mens-3-2\\\/\"},\"wordCount\":310,\"commentCount\":0,\"publisher\":{\"@id\":\"https:\\\/\\\/enricomaciasloriental.fr\\\/WordPress\\\/#\\\/schema\\\/person\\\/53fba112c6f4f0b335578890a816262e\"},\"image\":{\"@id\":\"https:\\\/\\\/enricomaciasloriental.fr\\\/WordPress\\\/decouvrez-la-premiere-bande-annonce-pour-la-verite-si-je-mens-3-2\\\/#primaryimage\"},\"thumbnailUrl\":\"http:\\\/\\\/enricomaciasloriental.fr\\\/WordPress\\\/wp-content\\\/uploads\\\/\\\/2011\\\/11\\\/4eb4090fdad2d1.jpg\",\"articleSection\":[\"Actualit\u00e9s\"],\"inLanguage\":\"fr-FR\",\"potentialAction\":[{\"@type\":\"CommentAction\",\"name\":\"Comment\",\"target\":[\"https:\\\/\\\/enricomaciasloriental.fr\\\/WordPress\\\/decouvrez-la-premiere-bande-annonce-pour-la-verite-si-je-mens-3-2\\\/#respond\"]}]},{\"@type\":\"WebPage\",\"@id\":\"https:\\\/\\\/enricomaciasloriental.fr\\\/WordPress\\\/decouvrez-la-premiere-bande-annonce-pour-la-verite-si-je-mens-3-2\\\/\",\"url\":\"https:\\\/\\\/enricomaciasloriental.fr\\\/WordPress\\\/decouvrez-la-premiere-bande-annonce-pour-la-verite-si-je-mens-3-2\\\/\",\"name\":\"D\u00e9couvrez la premi\u00e8re bande-annonce pour La V\u00e9rit\u00e9 si je mens ! 3 - ENRICO MACIAS L&#039;Oriental\",\"isPartOf\":{\"@id\":\"https:\\\/\\\/enricomaciasloriental.fr\\\/WordPress\\\/#website\"},\"primaryImageOfPage\":{\"@id\":\"https:\\\/\\\/enricomaciasloriental.fr\\\/WordPress\\\/decouvrez-la-premiere-bande-annonce-pour-la-verite-si-je-mens-3-2\\\/#primaryimage\"},\"image\":{\"@id\":\"https:\\\/\\\/enricomaciasloriental.fr\\\/WordPress\\\/decouvrez-la-premiere-bande-annonce-pour-la-verite-si-je-mens-3-2\\\/#primaryimage\"},\"thumbnailUrl\":\"http:\\\/\\\/enricomaciasloriental.fr\\\/WordPress\\\/wp-content\\\/uploads\\\/\\\/2011\\\/11\\\/4eb4090fdad2d1.jpg\",\"datePublished\":\"2011-11-25T19:30:55+00:00\",\"dateModified\":\"2011-11-25T19:37:29+00:00\",\"breadcrumb\":{\"@id\":\"https:\\\/\\\/enricomaciasloriental.fr\\\/WordPress\\\/decouvrez-la-premiere-bande-annonce-pour-la-verite-si-je-mens-3-2\\\/#breadcrumb\"},\"inLanguage\":\"fr-FR\",\"potentialAction\":[{\"@type\":\"ReadAction\",\"target\":[\"https:\\\/\\\/enricomaciasloriental.fr\\\/WordPress\\\/decouvrez-la-premiere-bande-annonce-pour-la-verite-si-je-mens-3-2\\\/\"]}]},{\"@type\":\"ImageObject\",\"inLanguage\":\"fr-FR\",\"@id\":\"https:\\\/\\\/enricomaciasloriental.fr\\\/WordPress\\\/decouvrez-la-premiere-bande-annonce-pour-la-verite-si-je-mens-3-2\\\/#primaryimage\",\"url\":\"https:\\\/\\\/enricomaciasloriental.fr\\\/WordPress\\\/wp-content\\\/uploads\\\/\\\/2011\\\/11\\\/4eb4090fdad2d1.jpg\",\"contentUrl\":\"https:\\\/\\\/enricomaciasloriental.fr\\\/WordPress\\\/wp-content\\\/uploads\\\/\\\/2011\\\/11\\\/4eb4090fdad2d1.jpg\",\"width\":\"436\",\"height\":\"582\"},{\"@type\":\"BreadcrumbList\",\"@id\":\"https:\\\/\\\/enricomaciasloriental.fr\\\/WordPress\\\/decouvrez-la-premiere-bande-annonce-pour-la-verite-si-je-mens-3-2\\\/#breadcrumb\",\"itemListElement\":[{\"@type\":\"ListItem\",\"position\":1,\"name\":\"Accueil\",\"item\":\"https:\\\/\\\/enricomaciasloriental.fr\\\/WordPress\\\/\"},{\"@type\":\"ListItem\",\"position\":2,\"name\":\"D\u00e9couvrez la premi\u00e8re bande-annonce pour La V\u00e9rit\u00e9 si je mens ! 3\"}]},{\"@type\":\"WebSite\",\"@id\":\"https:\\\/\\\/enricomaciasloriental.fr\\\/WordPress\\\/#website\",\"url\":\"https:\\\/\\\/enricomaciasloriental.fr\\\/WordPress\\\/\",\"name\":\"ENRICO MACIAS L'Oriental\",\"description\":\"IL EST COMME LE SOLEIL\",\"publisher\":{\"@id\":\"https:\\\/\\\/enricomaciasloriental.fr\\\/WordPress\\\/#\\\/schema\\\/person\\\/53fba112c6f4f0b335578890a816262e\"},\"potentialAction\":[{\"@type\":\"SearchAction\",\"target\":{\"@type\":\"EntryPoint\",\"urlTemplate\":\"https:\\\/\\\/enricomaciasloriental.fr\\\/WordPress\\\/?s={search_term_string}\"},\"query-input\":{\"@type\":\"PropertyValueSpecification\",\"valueRequired\":true,\"valueName\":\"search_term_string\"}}],\"inLanguage\":\"fr-FR\"},{\"@type\":[\"Person\",\"Organization\"],\"@id\":\"https:\\\/\\\/enricomaciasloriental.fr\\\/WordPress\\\/#\\\/schema\\\/person\\\/53fba112c6f4f0b335578890a816262e\",\"name\":\"Loriental\",\"image\":{\"@type\":\"ImageObject\",\"inLanguage\":\"fr-FR\",\"@id\":\"https:\\\/\\\/enricomaciasloriental.fr\\\/WordPress\\\/wp-content\\\/uploads\\\/\\\/2015\\\/02\\\/cropped-bannier_altaiir-enrico.jpg\",\"url\":\"https:\\\/\\\/enricomaciasloriental.fr\\\/WordPress\\\/wp-content\\\/uploads\\\/\\\/2015\\\/02\\\/cropped-bannier_altaiir-enrico.jpg\",\"contentUrl\":\"https:\\\/\\\/enricomaciasloriental.fr\\\/WordPress\\\/wp-content\\\/uploads\\\/\\\/2015\\\/02\\\/cropped-bannier_altaiir-enrico.jpg\",\"width\":1200,\"height\":150,\"caption\":\"Loriental\"},\"logo\":{\"@id\":\"https:\\\/\\\/enricomaciasloriental.fr\\\/WordPress\\\/wp-content\\\/uploads\\\/\\\/2015\\\/02\\\/cropped-bannier_altaiir-enrico.jpg\"},\"sameAs\":[\"http:\\\/\\\/www.enricomaciasloriental.fr\\\/\"]}]}<\/script>\n<!-- \/ Yoast SEO plugin. -->","yoast_head_json":{"title":"D\u00e9couvrez la premi\u00e8re bande-annonce pour La V\u00e9rit\u00e9 si je mens ! 3 - ENRICO MACIAS L&#039;Oriental","robots":{"index":"index","follow":"follow","max-snippet":"max-snippet:-1","max-image-preview":"max-image-preview:large","max-video-preview":"max-video-preview:-1"},"canonical":"https:\/\/enricomaciasloriental.fr\/WordPress\/decouvrez-la-premiere-bande-annonce-pour-la-verite-si-je-mens-3-2\/","og_locale":"fr_FR","og_type":"article","og_title":"D\u00e9couvrez la premi\u00e8re bande-annonce pour La V\u00e9rit\u00e9 si je mens ! 3 - ENRICO MACIAS L&#039;Oriental","og_description":"Si vous avez un peu suivi l\u2019actualit\u00e9 du site Allocin\u00e9 vous savez sans doute que la bande-annonce pour\u00a0 La V\u00e9rit\u00e9 si je mens ! 3, sera disponible en exclusivit\u00e9 sur Allocin\u00e9 TV \u00e0 partir de 19h puis 20h sur le &hellip; D\u00e9couvrez la premi\u00e8re bande-annonce pour La V\u00e9rit\u00e9 si je mens ! 3 Read More &raquo;","og_url":"https:\/\/enricomaciasloriental.fr\/WordPress\/decouvrez-la-premiere-bande-annonce-pour-la-verite-si-je-mens-3-2\/","og_site_name":"ENRICO MACIAS L&#039;Oriental","article_published_time":"2011-11-25T19:30:55+00:00","article_modified_time":"2011-11-25T19:37:29+00:00","og_image":[{"url":"http:\/\/enricomaciasloriental.fr\/WordPress\/wp-content\/uploads\/\/2011\/11\/4eb4090fdad2d1.jpg","type":"","width":"","height":""}],"author":"Loriental","twitter_card":"summary_large_image","twitter_misc":{"\u00c9crit par":"Loriental","Dur\u00e9e de lecture estim\u00e9e":"1 minute"},"schema":{"@context":"https:\/\/schema.org","@graph":[{"@type":"Article","@id":"https:\/\/enricomaciasloriental.fr\/WordPress\/decouvrez-la-premiere-bande-annonce-pour-la-verite-si-je-mens-3-2\/#article","isPartOf":{"@id":"https:\/\/enricomaciasloriental.fr\/WordPress\/decouvrez-la-premiere-bande-annonce-pour-la-verite-si-je-mens-3-2\/"},"author":{"name":"Loriental","@id":"https:\/\/enricomaciasloriental.fr\/WordPress\/#\/schema\/person\/53fba112c6f4f0b335578890a816262e"},"headline":"D\u00e9couvrez la premi\u00e8re bande-annonce pour La V\u00e9rit\u00e9 si je mens ! 3","datePublished":"2011-11-25T19:30:55+00:00","dateModified":"2011-11-25T19:37:29+00:00","mainEntityOfPage":{"@id":"https:\/\/enricomaciasloriental.fr\/WordPress\/decouvrez-la-premiere-bande-annonce-pour-la-verite-si-je-mens-3-2\/"},"wordCount":310,"commentCount":0,"publisher":{"@id":"https:\/\/enricomaciasloriental.fr\/WordPress\/#\/schema\/person\/53fba112c6f4f0b335578890a816262e"},"image":{"@id":"https:\/\/enricomaciasloriental.fr\/WordPress\/decouvrez-la-premiere-bande-annonce-pour-la-verite-si-je-mens-3-2\/#primaryimage"},"thumbnailUrl":"http:\/\/enricomaciasloriental.fr\/WordPress\/wp-content\/uploads\/\/2011\/11\/4eb4090fdad2d1.jpg","articleSection":["Actualit\u00e9s"],"inLanguage":"fr-FR","potentialAction":[{"@type":"CommentAction","name":"Comment","target":["https:\/\/enricomaciasloriental.fr\/WordPress\/decouvrez-la-premiere-bande-annonce-pour-la-verite-si-je-mens-3-2\/#respond"]}]},{"@type":"WebPage","@id":"https:\/\/enricomaciasloriental.fr\/WordPress\/decouvrez-la-premiere-bande-annonce-pour-la-verite-si-je-mens-3-2\/","url":"https:\/\/enricomaciasloriental.fr\/WordPress\/decouvrez-la-premiere-bande-annonce-pour-la-verite-si-je-mens-3-2\/","name":"D\u00e9couvrez la premi\u00e8re bande-annonce pour La V\u00e9rit\u00e9 si je mens ! 3 - ENRICO MACIAS L&#039;Oriental","isPartOf":{"@id":"https:\/\/enricomaciasloriental.fr\/WordPress\/#website"},"primaryImageOfPage":{"@id":"https:\/\/enricomaciasloriental.fr\/WordPress\/decouvrez-la-premiere-bande-annonce-pour-la-verite-si-je-mens-3-2\/#primaryimage"},"image":{"@id":"https:\/\/enricomaciasloriental.fr\/WordPress\/decouvrez-la-premiere-bande-annonce-pour-la-verite-si-je-mens-3-2\/#primaryimage"},"thumbnailUrl":"http:\/\/enricomaciasloriental.fr\/WordPress\/wp-content\/uploads\/\/2011\/11\/4eb4090fdad2d1.jpg","datePublished":"2011-11-25T19:30:55+00:00","dateModified":"2011-11-25T19:37:29+00:00","breadcrumb":{"@id":"https:\/\/enricomaciasloriental.fr\/WordPress\/decouvrez-la-premiere-bande-annonce-pour-la-verite-si-je-mens-3-2\/#breadcrumb"},"inLanguage":"fr-FR","potentialAction":[{"@type":"ReadAction","target":["https:\/\/enricomaciasloriental.fr\/WordPress\/decouvrez-la-premiere-bande-annonce-pour-la-verite-si-je-mens-3-2\/"]}]},{"@type":"ImageObject","inLanguage":"fr-FR","@id":"https:\/\/enricomaciasloriental.fr\/WordPress\/decouvrez-la-premiere-bande-annonce-pour-la-verite-si-je-mens-3-2\/#primaryimage","url":"https:\/\/enricomaciasloriental.fr\/WordPress\/wp-content\/uploads\/\/2011\/11\/4eb4090fdad2d1.jpg","contentUrl":"https:\/\/enricomaciasloriental.fr\/WordPress\/wp-content\/uploads\/\/2011\/11\/4eb4090fdad2d1.jpg","width":"436","height":"582"},{"@type":"BreadcrumbList","@id":"https:\/\/enricomaciasloriental.fr\/WordPress\/decouvrez-la-premiere-bande-annonce-pour-la-verite-si-je-mens-3-2\/#breadcrumb","itemListElement":[{"@type":"ListItem","position":1,"name":"Accueil","item":"https:\/\/enricomaciasloriental.fr\/WordPress\/"},{"@type":"ListItem","position":2,"name":"D\u00e9couvrez la premi\u00e8re bande-annonce pour La V\u00e9rit\u00e9 si je mens ! 3"}]},{"@type":"WebSite","@id":"https:\/\/enricomaciasloriental.fr\/WordPress\/#website","url":"https:\/\/enricomaciasloriental.fr\/WordPress\/","name":"ENRICO MACIAS L'Oriental","description":"IL EST COMME LE SOLEIL","publisher":{"@id":"https:\/\/enricomaciasloriental.fr\/WordPress\/#\/schema\/person\/53fba112c6f4f0b335578890a816262e"},"potentialAction":[{"@type":"SearchAction","target":{"@type":"EntryPoint","urlTemplate":"https:\/\/enricomaciasloriental.fr\/WordPress\/?s={search_term_string}"},"query-input":{"@type":"PropertyValueSpecification","valueRequired":true,"valueName":"search_term_string"}}],"inLanguage":"fr-FR"},{"@type":["Person","Organization"],"@id":"https:\/\/enricomaciasloriental.fr\/WordPress\/#\/schema\/person\/53fba112c6f4f0b335578890a816262e","name":"Loriental","image":{"@type":"ImageObject","inLanguage":"fr-FR","@id":"https:\/\/enricomaciasloriental.fr\/WordPress\/wp-content\/uploads\/\/2015\/02\/cropped-bannier_altaiir-enrico.jpg","url":"https:\/\/enricomaciasloriental.fr\/WordPress\/wp-content\/uploads\/\/2015\/02\/cropped-bannier_altaiir-enrico.jpg","contentUrl":"https:\/\/enricomaciasloriental.fr\/WordPress\/wp-content\/uploads\/\/2015\/02\/cropped-bannier_altaiir-enrico.jpg","width":1200,"height":150,"caption":"Loriental"},"logo":{"@id":"https:\/\/enricomaciasloriental.fr\/WordPress\/wp-content\/uploads\/\/2015\/02\/cropped-bannier_altaiir-enrico.jpg"},"sameAs":["http:\/\/www.enricomaciasloriental.fr\/"]}]}},"featured_image_src":"","featured_image_src_square":false,"author_info":{"display_name":"Loriental","author_link":"https:\/\/enricomaciasloriental.fr\/WordPress\/author\/admin9234\/"},"rbea_author_info":{"display_name":"Loriental","author_link":"https:\/\/enricomaciasloriental.fr\/WordPress\/author\/admin9234\/"},"rbea_excerpt_info":"Si vous avez un peu suivi l\u2019actualit\u00e9 du site Allocin\u00e9 vous savez sans doute que la bande-annonce pour\u00a0 La V\u00e9rit\u00e9 si je mens ! 3, sera disponible en exclusivit\u00e9 sur Allocin\u00e9 TV \u00e0 partir de 19h puis 20h sur le &hellip;<p class=\"read-more\"> <a class=\"more-link\" href=\"https:\/\/enricomaciasloriental.fr\/WordPress\/decouvrez-la-premiere-bande-annonce-pour-la-verite-si-je-mens-3-2\/\"> <span class=\"screen-reader-text\">D\u00e9couvrez la premi\u00e8re bande-annonce pour La V\u00e9rit\u00e9 si je mens ! 3<\/span> Read More &raquo;<\/a><\/p>","category_list":"<a href=\"https:\/\/enricomaciasloriental.fr\/WordPress\/category\/actualites\/\">Actualit\u00e9s<\/a>","comments_num":"0 comments","_links":{"self":[{"href":"https:\/\/enricomaciasloriental.fr\/WordPress\/wp-json\/wp\/v2\/posts\/3810","targetHints":{"allow":["GET"]}}],"collection":[{"href":"https:\/\/enricomaciasloriental.fr\/WordPress\/wp-json\/wp\/v2\/posts"}],"about":[{"href":"https:\/\/enricomaciasloriental.fr\/WordPress\/wp-json\/wp\/v2\/types\/post"}],"author":[{"embeddable":true,"href":"https:\/\/enricomaciasloriental.fr\/WordPress\/wp-json\/wp\/v2\/users\/36"}],"replies":[{"embeddable":true,"href":"https:\/\/enricomaciasloriental.fr\/WordPress\/wp-json\/wp\/v2\/comments?post=3810"}],"version-history":[{"count":0,"href":"https:\/\/enricomaciasloriental.fr\/WordPress\/wp-json\/wp\/v2\/posts\/3810\/revisions"}],"wp:attachment":[{"href":"https:\/\/enricomaciasloriental.fr\/WordPress\/wp-json\/wp\/v2\/media?parent=3810"}],"wp:term":[{"taxonomy":"category","embeddable":true,"href":"https:\/\/enricomaciasloriental.fr\/WordPress\/wp-json\/wp\/v2\/categories?post=3810"},{"taxonomy":"post_tag","embeddable":true,"href":"https:\/\/enricomaciasloriental.fr\/WordPress\/wp-json\/wp\/v2\/tags?post=3810"}],"curies":[{"name":"wp","href":"https:\/\/api.w.org\/{rel}","templated":true}]}}