{"id":3839,"date":"2011-11-27T18:23:19","date_gmt":"2011-11-27T17:23:19","guid":{"rendered":"http:\/\/enricomaciasloriental.fr\/WordPress\/?p=3839"},"modified":"2012-02-25T15:32:11","modified_gmt":"2012-02-25T14:32:11","slug":"les-honneurs-pour-enrico-macias-a-montreal","status":"publish","type":"post","link":"https:\/\/enricomaciasloriental.fr\/WordPress\/les-honneurs-pour-enrico-macias-a-montreal\/","title":{"rendered":"Les honneurs pour Enrico Macias \u00e0 Montr\u00e9al"},"content":{"rendered":"<p><strong><a href=\"https:\/\/enricomaciasloriental.fr\/WordPress\/wp-content\/uploads\/\/2011\/11\/enrico_macias_2011_touki_montreal-1.jpg\"><img fetchpriority=\"high\" decoding=\"async\" class=\"alignleft size-medium wp-image-3840\" title=\"enrico_macias_2011_touki_montreal-1\" src=\"https:\/\/enricomaciasloriental.fr\/WordPress\/wp-content\/uploads\/\/2011\/11\/enrico_macias_2011_touki_montreal-1-300x220.jpg\" alt=\"\" width=\"300\" height=\"220\" srcset=\"https:\/\/enricomaciasloriental.fr\/WordPress\/wp-content\/uploads\/2011\/11\/enrico_macias_2011_touki_montreal-1-300x220.jpg 300w, https:\/\/enricomaciasloriental.fr\/WordPress\/wp-content\/uploads\/2011\/11\/enrico_macias_2011_touki_montreal-1.jpg 640w\" sizes=\"(max-width: 300px) 100vw, 300px\" \/><\/a>Le chanteur Enrico Macias, invit\u00e9 \u00e0 Montr\u00e9al par le Festival S\u00e9farad pour c\u00e9l\u00e9brer ses 50 ans de carri\u00e8re, a \u00e9t\u00e9 fait citoyen d\u2019honneur de la Ville de Montr\u00e9al<\/strong>.<\/p>\n<p>En compagnie des consulats g\u00e9n\u00e9raux de France, d\u2019\u00c9gypte et d\u2019Isra\u00ebl et du maire de Montr\u00e9al, Gerald Tremblay, Enrico Macias a sign\u00e9 le livre d\u2019or de la Ville, et a \u00e9galement re\u00e7u un certificat de reconnaissance et une sculpture l\u2019Homme de la paix.<\/p>\n<p>\u00ab Chanteur, compositeur, artiste et ambassadeur de la paix \u00e0 l\u2019ONU, Enrico Macias a marqu\u00e9 la chanson fran\u00e7aise gr\u00e2ce \u00e0 son talent artistique et \u00e0 une s\u00e9rie de succ\u00e8s populaires, en plus de s\u2019investir avec conviction dans la promotion de la paix entre les peuples \u00bb, a-t-on indiqu\u00e9 dans un communiqu\u00e9.<\/p>\n<p>Le maire de Montr\u00e9al a salu\u00e9 les qualit\u00e9s du chanteur, rappelant au public qu\u2019il avait toujours \u00e9t\u00e9 un admirateur inconditionn\u00e9 de celui qui est derri\u00e8re les classiques inclassables comme \u00ab France de mon enfance \u00bb, \u00ab Ouvre-moi La Porte \u00bb ou encore \u00ab Enfants De Tous Pays \u00bb.<\/p>\n<p>Voir l&rsquo;ensemble de l&rsquo;article en cliquant sur le lien suivant<\/p>\n<p>Article paru sur : Toukimontrealcom <a href=\"http:\/\/toukimontreal.com\/actualites\/2011\/11\/26\/les-honneurs-pour-enrico-macias-a-montreal\/?show=gallery&amp;pid=1684\" target=\"_blank\">ICI<\/a><\/p>\n<p>&nbsp;<\/p>\n","protected":false},"excerpt":{"rendered":"<p>Le chanteur Enrico Macias, invit\u00e9 \u00e0 Montr\u00e9al par le Festival S\u00e9farad pour c\u00e9l\u00e9brer ses 50 ans de carri\u00e8re, a \u00e9t\u00e9 fait citoyen d\u2019honneur de la Ville de Montr\u00e9al. En compagnie des consulats g\u00e9n\u00e9raux de France, d\u2019\u00c9gypte et d\u2019Isra\u00ebl et du &hellip;<\/p>\n<p class=\"read-more\"> <a class=\"more-link\" href=\"https:\/\/enricomaciasloriental.fr\/WordPress\/les-honneurs-pour-enrico-macias-a-montreal\/\"> <span class=\"screen-reader-text\">Les honneurs pour Enrico Macias \u00e0 Montr\u00e9al<\/span> Read More &raquo;<\/a><\/p>\n","protected":false},"author":36,"featured_media":0,"comment_status":"open","ping_status":"open","sticky":false,"template":"","format":"standard","meta":{"footnotes":""},"categories":[1],"tags":[],"class_list":["post-3839","post","type-post","status-publish","format-standard","hentry","category-actualites"],"yoast_head":"<!-- This site is optimized with the Yoast SEO plugin v27.4 - https:\/\/yoast.com\/product\/yoast-seo-wordpress\/ -->\n<title>Les honneurs pour Enrico Macias \u00e0 Montr\u00e9al  - ENRICO MACIAS L&#039;Oriental<\/title>\n<meta name=\"robots\" content=\"index, follow, max-snippet:-1, max-image-preview:large, max-video-preview:-1\" \/>\n<link rel=\"canonical\" href=\"https:\/\/enricomaciasloriental.fr\/WordPress\/les-honneurs-pour-enrico-macias-a-montreal\/\" \/>\n<meta property=\"og:locale\" content=\"fr_FR\" \/>\n<meta property=\"og:type\" content=\"article\" \/>\n<meta property=\"og:title\" content=\"Les honneurs pour Enrico Macias \u00e0 Montr\u00e9al  - ENRICO MACIAS L&#039;Oriental\" \/>\n<meta property=\"og:description\" content=\"Le chanteur Enrico Macias, invit\u00e9 \u00e0 Montr\u00e9al par le Festival S\u00e9farad pour c\u00e9l\u00e9brer ses 50 ans de carri\u00e8re, a \u00e9t\u00e9 fait citoyen d\u2019honneur de la Ville de Montr\u00e9al. En compagnie des consulats g\u00e9n\u00e9raux de France, d\u2019\u00c9gypte et d\u2019Isra\u00ebl et du &hellip; Les honneurs pour Enrico Macias \u00e0 Montr\u00e9al Read More &raquo;\" \/>\n<meta property=\"og:url\" content=\"https:\/\/enricomaciasloriental.fr\/WordPress\/les-honneurs-pour-enrico-macias-a-montreal\/\" \/>\n<meta property=\"og:site_name\" content=\"ENRICO MACIAS L&#039;Oriental\" \/>\n<meta property=\"article:published_time\" content=\"2011-11-27T17:23:19+00:00\" \/>\n<meta property=\"article:modified_time\" content=\"2012-02-25T14:32:11+00:00\" \/>\n<meta property=\"og:image\" content=\"http:\/\/enricomaciasloriental.fr\/WordPress\/wp-content\/uploads\/\/2011\/11\/enrico_macias_2011_touki_montreal-1-300x220.jpg\" \/>\n<meta name=\"author\" content=\"Loriental\" \/>\n<meta name=\"twitter:card\" content=\"summary_large_image\" \/>\n<meta name=\"twitter:label1\" content=\"\u00c9crit par\" \/>\n\t<meta name=\"twitter:data1\" content=\"Loriental\" \/>\n\t<meta name=\"twitter:label2\" content=\"Dur\u00e9e de lecture estim\u00e9e\" \/>\n\t<meta name=\"twitter:data2\" content=\"1 minute\" \/>\n<script type=\"application\/ld+json\" class=\"yoast-schema-graph\">{\"@context\":\"https:\\\/\\\/schema.org\",\"@graph\":[{\"@type\":\"Article\",\"@id\":\"https:\\\/\\\/enricomaciasloriental.fr\\\/WordPress\\\/les-honneurs-pour-enrico-macias-a-montreal\\\/#article\",\"isPartOf\":{\"@id\":\"https:\\\/\\\/enricomaciasloriental.fr\\\/WordPress\\\/les-honneurs-pour-enrico-macias-a-montreal\\\/\"},\"author\":{\"name\":\"Loriental\",\"@id\":\"https:\\\/\\\/enricomaciasloriental.fr\\\/WordPress\\\/#\\\/schema\\\/person\\\/53fba112c6f4f0b335578890a816262e\"},\"headline\":\"Les honneurs pour Enrico Macias \u00e0 Montr\u00e9al\",\"datePublished\":\"2011-11-27T17:23:19+00:00\",\"dateModified\":\"2012-02-25T14:32:11+00:00\",\"mainEntityOfPage\":{\"@id\":\"https:\\\/\\\/enricomaciasloriental.fr\\\/WordPress\\\/les-honneurs-pour-enrico-macias-a-montreal\\\/\"},\"wordCount\":207,\"commentCount\":0,\"publisher\":{\"@id\":\"https:\\\/\\\/enricomaciasloriental.fr\\\/WordPress\\\/#\\\/schema\\\/person\\\/53fba112c6f4f0b335578890a816262e\"},\"image\":{\"@id\":\"https:\\\/\\\/enricomaciasloriental.fr\\\/WordPress\\\/les-honneurs-pour-enrico-macias-a-montreal\\\/#primaryimage\"},\"thumbnailUrl\":\"http:\\\/\\\/enricomaciasloriental.fr\\\/WordPress\\\/wp-content\\\/uploads\\\/\\\/2011\\\/11\\\/enrico_macias_2011_touki_montreal-1-300x220.jpg\",\"articleSection\":[\"Actualit\u00e9s\"],\"inLanguage\":\"fr-FR\",\"potentialAction\":[{\"@type\":\"CommentAction\",\"name\":\"Comment\",\"target\":[\"https:\\\/\\\/enricomaciasloriental.fr\\\/WordPress\\\/les-honneurs-pour-enrico-macias-a-montreal\\\/#respond\"]}]},{\"@type\":\"WebPage\",\"@id\":\"https:\\\/\\\/enricomaciasloriental.fr\\\/WordPress\\\/les-honneurs-pour-enrico-macias-a-montreal\\\/\",\"url\":\"https:\\\/\\\/enricomaciasloriental.fr\\\/WordPress\\\/les-honneurs-pour-enrico-macias-a-montreal\\\/\",\"name\":\"Les honneurs pour Enrico Macias \u00e0 Montr\u00e9al - ENRICO MACIAS L&#039;Oriental\",\"isPartOf\":{\"@id\":\"https:\\\/\\\/enricomaciasloriental.fr\\\/WordPress\\\/#website\"},\"primaryImageOfPage\":{\"@id\":\"https:\\\/\\\/enricomaciasloriental.fr\\\/WordPress\\\/les-honneurs-pour-enrico-macias-a-montreal\\\/#primaryimage\"},\"image\":{\"@id\":\"https:\\\/\\\/enricomaciasloriental.fr\\\/WordPress\\\/les-honneurs-pour-enrico-macias-a-montreal\\\/#primaryimage\"},\"thumbnailUrl\":\"http:\\\/\\\/enricomaciasloriental.fr\\\/WordPress\\\/wp-content\\\/uploads\\\/\\\/2011\\\/11\\\/enrico_macias_2011_touki_montreal-1-300x220.jpg\",\"datePublished\":\"2011-11-27T17:23:19+00:00\",\"dateModified\":\"2012-02-25T14:32:11+00:00\",\"breadcrumb\":{\"@id\":\"https:\\\/\\\/enricomaciasloriental.fr\\\/WordPress\\\/les-honneurs-pour-enrico-macias-a-montreal\\\/#breadcrumb\"},\"inLanguage\":\"fr-FR\",\"potentialAction\":[{\"@type\":\"ReadAction\",\"target\":[\"https:\\\/\\\/enricomaciasloriental.fr\\\/WordPress\\\/les-honneurs-pour-enrico-macias-a-montreal\\\/\"]}]},{\"@type\":\"ImageObject\",\"inLanguage\":\"fr-FR\",\"@id\":\"https:\\\/\\\/enricomaciasloriental.fr\\\/WordPress\\\/les-honneurs-pour-enrico-macias-a-montreal\\\/#primaryimage\",\"url\":\"https:\\\/\\\/enricomaciasloriental.fr\\\/WordPress\\\/wp-content\\\/uploads\\\/\\\/2011\\\/11\\\/enrico_macias_2011_touki_montreal-1.jpg\",\"contentUrl\":\"https:\\\/\\\/enricomaciasloriental.fr\\\/WordPress\\\/wp-content\\\/uploads\\\/\\\/2011\\\/11\\\/enrico_macias_2011_touki_montreal-1.jpg\",\"width\":\"640\",\"height\":\"471\"},{\"@type\":\"BreadcrumbList\",\"@id\":\"https:\\\/\\\/enricomaciasloriental.fr\\\/WordPress\\\/les-honneurs-pour-enrico-macias-a-montreal\\\/#breadcrumb\",\"itemListElement\":[{\"@type\":\"ListItem\",\"position\":1,\"name\":\"Accueil\",\"item\":\"https:\\\/\\\/enricomaciasloriental.fr\\\/WordPress\\\/\"},{\"@type\":\"ListItem\",\"position\":2,\"name\":\"Les honneurs pour Enrico Macias \u00e0 Montr\u00e9al\"}]},{\"@type\":\"WebSite\",\"@id\":\"https:\\\/\\\/enricomaciasloriental.fr\\\/WordPress\\\/#website\",\"url\":\"https:\\\/\\\/enricomaciasloriental.fr\\\/WordPress\\\/\",\"name\":\"ENRICO MACIAS L'Oriental\",\"description\":\"IL EST COMME LE SOLEIL\",\"publisher\":{\"@id\":\"https:\\\/\\\/enricomaciasloriental.fr\\\/WordPress\\\/#\\\/schema\\\/person\\\/53fba112c6f4f0b335578890a816262e\"},\"potentialAction\":[{\"@type\":\"SearchAction\",\"target\":{\"@type\":\"EntryPoint\",\"urlTemplate\":\"https:\\\/\\\/enricomaciasloriental.fr\\\/WordPress\\\/?s={search_term_string}\"},\"query-input\":{\"@type\":\"PropertyValueSpecification\",\"valueRequired\":true,\"valueName\":\"search_term_string\"}}],\"inLanguage\":\"fr-FR\"},{\"@type\":[\"Person\",\"Organization\"],\"@id\":\"https:\\\/\\\/enricomaciasloriental.fr\\\/WordPress\\\/#\\\/schema\\\/person\\\/53fba112c6f4f0b335578890a816262e\",\"name\":\"Loriental\",\"image\":{\"@type\":\"ImageObject\",\"inLanguage\":\"fr-FR\",\"@id\":\"https:\\\/\\\/enricomaciasloriental.fr\\\/WordPress\\\/wp-content\\\/uploads\\\/\\\/2015\\\/02\\\/cropped-bannier_altaiir-enrico.jpg\",\"url\":\"https:\\\/\\\/enricomaciasloriental.fr\\\/WordPress\\\/wp-content\\\/uploads\\\/\\\/2015\\\/02\\\/cropped-bannier_altaiir-enrico.jpg\",\"contentUrl\":\"https:\\\/\\\/enricomaciasloriental.fr\\\/WordPress\\\/wp-content\\\/uploads\\\/\\\/2015\\\/02\\\/cropped-bannier_altaiir-enrico.jpg\",\"width\":1200,\"height\":150,\"caption\":\"Loriental\"},\"logo\":{\"@id\":\"https:\\\/\\\/enricomaciasloriental.fr\\\/WordPress\\\/wp-content\\\/uploads\\\/\\\/2015\\\/02\\\/cropped-bannier_altaiir-enrico.jpg\"},\"sameAs\":[\"http:\\\/\\\/www.enricomaciasloriental.fr\\\/\"]}]}<\/script>\n<!-- \/ Yoast SEO plugin. -->","yoast_head_json":{"title":"Les honneurs pour Enrico Macias \u00e0 Montr\u00e9al  - ENRICO MACIAS L&#039;Oriental","robots":{"index":"index","follow":"follow","max-snippet":"max-snippet:-1","max-image-preview":"max-image-preview:large","max-video-preview":"max-video-preview:-1"},"canonical":"https:\/\/enricomaciasloriental.fr\/WordPress\/les-honneurs-pour-enrico-macias-a-montreal\/","og_locale":"fr_FR","og_type":"article","og_title":"Les honneurs pour Enrico Macias \u00e0 Montr\u00e9al  - ENRICO MACIAS L&#039;Oriental","og_description":"Le chanteur Enrico Macias, invit\u00e9 \u00e0 Montr\u00e9al par le Festival S\u00e9farad pour c\u00e9l\u00e9brer ses 50 ans de carri\u00e8re, a \u00e9t\u00e9 fait citoyen d\u2019honneur de la Ville de Montr\u00e9al. En compagnie des consulats g\u00e9n\u00e9raux de France, d\u2019\u00c9gypte et d\u2019Isra\u00ebl et du &hellip; Les honneurs pour Enrico Macias \u00e0 Montr\u00e9al Read More &raquo;","og_url":"https:\/\/enricomaciasloriental.fr\/WordPress\/les-honneurs-pour-enrico-macias-a-montreal\/","og_site_name":"ENRICO MACIAS L&#039;Oriental","article_published_time":"2011-11-27T17:23:19+00:00","article_modified_time":"2012-02-25T14:32:11+00:00","og_image":[{"url":"http:\/\/enricomaciasloriental.fr\/WordPress\/wp-content\/uploads\/\/2011\/11\/enrico_macias_2011_touki_montreal-1-300x220.jpg","type":"","width":"","height":""}],"author":"Loriental","twitter_card":"summary_large_image","twitter_misc":{"\u00c9crit par":"Loriental","Dur\u00e9e de lecture estim\u00e9e":"1 minute"},"schema":{"@context":"https:\/\/schema.org","@graph":[{"@type":"Article","@id":"https:\/\/enricomaciasloriental.fr\/WordPress\/les-honneurs-pour-enrico-macias-a-montreal\/#article","isPartOf":{"@id":"https:\/\/enricomaciasloriental.fr\/WordPress\/les-honneurs-pour-enrico-macias-a-montreal\/"},"author":{"name":"Loriental","@id":"https:\/\/enricomaciasloriental.fr\/WordPress\/#\/schema\/person\/53fba112c6f4f0b335578890a816262e"},"headline":"Les honneurs pour Enrico Macias \u00e0 Montr\u00e9al","datePublished":"2011-11-27T17:23:19+00:00","dateModified":"2012-02-25T14:32:11+00:00","mainEntityOfPage":{"@id":"https:\/\/enricomaciasloriental.fr\/WordPress\/les-honneurs-pour-enrico-macias-a-montreal\/"},"wordCount":207,"commentCount":0,"publisher":{"@id":"https:\/\/enricomaciasloriental.fr\/WordPress\/#\/schema\/person\/53fba112c6f4f0b335578890a816262e"},"image":{"@id":"https:\/\/enricomaciasloriental.fr\/WordPress\/les-honneurs-pour-enrico-macias-a-montreal\/#primaryimage"},"thumbnailUrl":"http:\/\/enricomaciasloriental.fr\/WordPress\/wp-content\/uploads\/\/2011\/11\/enrico_macias_2011_touki_montreal-1-300x220.jpg","articleSection":["Actualit\u00e9s"],"inLanguage":"fr-FR","potentialAction":[{"@type":"CommentAction","name":"Comment","target":["https:\/\/enricomaciasloriental.fr\/WordPress\/les-honneurs-pour-enrico-macias-a-montreal\/#respond"]}]},{"@type":"WebPage","@id":"https:\/\/enricomaciasloriental.fr\/WordPress\/les-honneurs-pour-enrico-macias-a-montreal\/","url":"https:\/\/enricomaciasloriental.fr\/WordPress\/les-honneurs-pour-enrico-macias-a-montreal\/","name":"Les honneurs pour Enrico Macias \u00e0 Montr\u00e9al - ENRICO MACIAS L&#039;Oriental","isPartOf":{"@id":"https:\/\/enricomaciasloriental.fr\/WordPress\/#website"},"primaryImageOfPage":{"@id":"https:\/\/enricomaciasloriental.fr\/WordPress\/les-honneurs-pour-enrico-macias-a-montreal\/#primaryimage"},"image":{"@id":"https:\/\/enricomaciasloriental.fr\/WordPress\/les-honneurs-pour-enrico-macias-a-montreal\/#primaryimage"},"thumbnailUrl":"http:\/\/enricomaciasloriental.fr\/WordPress\/wp-content\/uploads\/\/2011\/11\/enrico_macias_2011_touki_montreal-1-300x220.jpg","datePublished":"2011-11-27T17:23:19+00:00","dateModified":"2012-02-25T14:32:11+00:00","breadcrumb":{"@id":"https:\/\/enricomaciasloriental.fr\/WordPress\/les-honneurs-pour-enrico-macias-a-montreal\/#breadcrumb"},"inLanguage":"fr-FR","potentialAction":[{"@type":"ReadAction","target":["https:\/\/enricomaciasloriental.fr\/WordPress\/les-honneurs-pour-enrico-macias-a-montreal\/"]}]},{"@type":"ImageObject","inLanguage":"fr-FR","@id":"https:\/\/enricomaciasloriental.fr\/WordPress\/les-honneurs-pour-enrico-macias-a-montreal\/#primaryimage","url":"https:\/\/enricomaciasloriental.fr\/WordPress\/wp-content\/uploads\/\/2011\/11\/enrico_macias_2011_touki_montreal-1.jpg","contentUrl":"https:\/\/enricomaciasloriental.fr\/WordPress\/wp-content\/uploads\/\/2011\/11\/enrico_macias_2011_touki_montreal-1.jpg","width":"640","height":"471"},{"@type":"BreadcrumbList","@id":"https:\/\/enricomaciasloriental.fr\/WordPress\/les-honneurs-pour-enrico-macias-a-montreal\/#breadcrumb","itemListElement":[{"@type":"ListItem","position":1,"name":"Accueil","item":"https:\/\/enricomaciasloriental.fr\/WordPress\/"},{"@type":"ListItem","position":2,"name":"Les honneurs pour Enrico Macias \u00e0 Montr\u00e9al"}]},{"@type":"WebSite","@id":"https:\/\/enricomaciasloriental.fr\/WordPress\/#website","url":"https:\/\/enricomaciasloriental.fr\/WordPress\/","name":"ENRICO MACIAS L'Oriental","description":"IL EST COMME LE SOLEIL","publisher":{"@id":"https:\/\/enricomaciasloriental.fr\/WordPress\/#\/schema\/person\/53fba112c6f4f0b335578890a816262e"},"potentialAction":[{"@type":"SearchAction","target":{"@type":"EntryPoint","urlTemplate":"https:\/\/enricomaciasloriental.fr\/WordPress\/?s={search_term_string}"},"query-input":{"@type":"PropertyValueSpecification","valueRequired":true,"valueName":"search_term_string"}}],"inLanguage":"fr-FR"},{"@type":["Person","Organization"],"@id":"https:\/\/enricomaciasloriental.fr\/WordPress\/#\/schema\/person\/53fba112c6f4f0b335578890a816262e","name":"Loriental","image":{"@type":"ImageObject","inLanguage":"fr-FR","@id":"https:\/\/enricomaciasloriental.fr\/WordPress\/wp-content\/uploads\/\/2015\/02\/cropped-bannier_altaiir-enrico.jpg","url":"https:\/\/enricomaciasloriental.fr\/WordPress\/wp-content\/uploads\/\/2015\/02\/cropped-bannier_altaiir-enrico.jpg","contentUrl":"https:\/\/enricomaciasloriental.fr\/WordPress\/wp-content\/uploads\/\/2015\/02\/cropped-bannier_altaiir-enrico.jpg","width":1200,"height":150,"caption":"Loriental"},"logo":{"@id":"https:\/\/enricomaciasloriental.fr\/WordPress\/wp-content\/uploads\/\/2015\/02\/cropped-bannier_altaiir-enrico.jpg"},"sameAs":["http:\/\/www.enricomaciasloriental.fr\/"]}]}},"featured_image_src":"","featured_image_src_square":false,"author_info":{"display_name":"Loriental","author_link":"https:\/\/enricomaciasloriental.fr\/WordPress\/author\/admin9234\/"},"rbea_author_info":{"display_name":"Loriental","author_link":"https:\/\/enricomaciasloriental.fr\/WordPress\/author\/admin9234\/"},"rbea_excerpt_info":"Le chanteur Enrico Macias, invit\u00e9 \u00e0 Montr\u00e9al par le Festival S\u00e9farad pour c\u00e9l\u00e9brer ses 50 ans de carri\u00e8re, a \u00e9t\u00e9 fait citoyen d\u2019honneur de la Ville de Montr\u00e9al. En compagnie des consulats g\u00e9n\u00e9raux de France, d\u2019\u00c9gypte et d\u2019Isra\u00ebl et du &hellip;<p class=\"read-more\"> <a class=\"more-link\" href=\"https:\/\/enricomaciasloriental.fr\/WordPress\/les-honneurs-pour-enrico-macias-a-montreal\/\"> <span class=\"screen-reader-text\">Les honneurs pour Enrico Macias \u00e0 Montr\u00e9al<\/span> Read More &raquo;<\/a><\/p>","category_list":"<a href=\"https:\/\/enricomaciasloriental.fr\/WordPress\/category\/actualites\/\">Actualit\u00e9s<\/a>","comments_num":"0 comments","_links":{"self":[{"href":"https:\/\/enricomaciasloriental.fr\/WordPress\/wp-json\/wp\/v2\/posts\/3839","targetHints":{"allow":["GET"]}}],"collection":[{"href":"https:\/\/enricomaciasloriental.fr\/WordPress\/wp-json\/wp\/v2\/posts"}],"about":[{"href":"https:\/\/enricomaciasloriental.fr\/WordPress\/wp-json\/wp\/v2\/types\/post"}],"author":[{"embeddable":true,"href":"https:\/\/enricomaciasloriental.fr\/WordPress\/wp-json\/wp\/v2\/users\/36"}],"replies":[{"embeddable":true,"href":"https:\/\/enricomaciasloriental.fr\/WordPress\/wp-json\/wp\/v2\/comments?post=3839"}],"version-history":[{"count":0,"href":"https:\/\/enricomaciasloriental.fr\/WordPress\/wp-json\/wp\/v2\/posts\/3839\/revisions"}],"wp:attachment":[{"href":"https:\/\/enricomaciasloriental.fr\/WordPress\/wp-json\/wp\/v2\/media?parent=3839"}],"wp:term":[{"taxonomy":"category","embeddable":true,"href":"https:\/\/enricomaciasloriental.fr\/WordPress\/wp-json\/wp\/v2\/categories?post=3839"},{"taxonomy":"post_tag","embeddable":true,"href":"https:\/\/enricomaciasloriental.fr\/WordPress\/wp-json\/wp\/v2\/tags?post=3839"}],"curies":[{"name":"wp","href":"https:\/\/api.w.org\/{rel}","templated":true}]}}