{"id":3875,"date":"2011-12-03T13:53:53","date_gmt":"2011-12-03T12:53:53","guid":{"rendered":"http:\/\/enricomaciasloriental.fr\/WordPress\/?p=3875"},"modified":"2011-12-03T13:53:56","modified_gmt":"2011-12-03T12:53:56","slug":"prime-special-de-%e2%80%9cchabada%e2%80%9d-pendant-les-fetes-les-invites-de-daniela-lumbroso","status":"publish","type":"post","link":"https:\/\/enricomaciasloriental.fr\/WordPress\/prime-special-de-%e2%80%9cchabada%e2%80%9d-pendant-les-fetes-les-invites-de-daniela-lumbroso\/","title":{"rendered":"Prime sp\u00e9cial de \u201cChabada\u201d pendant les f\u00eates : les invit\u00e9s de Daniela Lumbroso"},"content":{"rendered":"<div><img decoding=\"async\" class=\"alignleft size-medium wp-image-3876\" title=\"daniela_lumbroso_chabada01\" src=\"https:\/\/enricomaciasloriental.fr\/WordPress\/wp-content\/uploads\/\/2011\/12\/daniela_lumbroso_chabada01-300x136.jpg\" alt=\"\" width=\"300\" height=\"136\" srcset=\"https:\/\/enricomaciasloriental.fr\/WordPress\/wp-content\/uploads\/2011\/12\/daniela_lumbroso_chabada01-300x136.jpg 300w, https:\/\/enricomaciasloriental.fr\/WordPress\/wp-content\/uploads\/2011\/12\/daniela_lumbroso_chabada01.jpg 626w\" sizes=\"(max-width: 300px) 100vw, 300px\" \/>Article publi\u00e9 Samedi 03 D\u00e9cembre 2011 \u00e0 12:08<br \/>\nMis en ligne\u00a0 par <strong>Jean-Marc VERDREL<\/strong><strong>Les 12, 13 et 14 d\u00e9cembre prochains, Daniela Lumbroso enregistrera plusieurs num\u00e9ros de son magazine \u201cChabada\u201d dont un prime sp\u00e9cial qui sera diffus\u00e9 au cours des f\u00eates de fin d&rsquo;ann\u00e9e.<\/strong><\/p>\n<div>Le prime sera enregistr\u00e9<strong> lundi 12 d\u00e9cembre de 19:30 \u00e0 23:30<\/strong> avec <strong>Chim\u00e8ne Badi, Michael Bubble, Coeur de Pirate, Amel Bent, Gr\u00e9goire, Elie Semoun, Anggun, Jeane Manson, Chantale Ladesou, Nicoletta, Nicole Croisille, Hugues Auffray, Golden Gate Quartet, Gerard Lenorman<\/strong> et bien d&rsquo;autres encore&#8230;<\/p>\n<p><strong>Mardi 13 d\u00e9cembre de 13:00 \u00e0 16:30<\/strong>, <strong>Daniela Lumbroso<\/strong> enregistrera une<strong> sp\u00e9ciale Laurent Voulzy<\/strong> avec<strong> Laurent Voulzy<\/strong> bien s\u00fbr,<strong> Axelle Red, Ours <\/strong> et d&rsquo;autres invit\u00e9s en cours de confirmation. <strong>Mardi 13 d\u00e9cembre de 19:00 \u00e0 22:30<\/strong>,<strong> sp\u00e9ciale Maritie et Gilbert Carpentier<\/strong>, les invit\u00e9s sont en cours de confirmation. <strong>Mercredi 14 d\u00e9cembre de 13:00 \u00e0 16:30<\/strong>, <strong>sp\u00e9ciale \u201cLa v\u00e9rit\u00e9 si je mens 3\u201d<\/strong> avec<strong> Enrico Macias, Max Boublil, Elisa Tovati, Bruno Solo, Dany Brillant, Emmanuel Moire<\/strong> et d&rsquo;autres invit\u00e9s en cours de confirmation. <strong>Mercredi 14 d\u00e9cembre de 19:00 \u00e0 22:30<\/strong>,<strong> sp\u00e9ciale Patrick S\u00e9bastien<\/strong>, invit\u00e9s en cours de confirmation.<\/p>\n<p><strong>Assister \u00e0 l&rsquo;\u00e9mission \u201cChabada\u201d sur France 3. <\/strong>Tout au long de la saison, des invitations sont offertes pour venir assister aux tournages de l&rsquo;\u00e9mission par <strong>Cassandra<\/strong>. R\u00e9servez sans tarder, le nombre de places est limit\u00e9&#8230; Le tournage se d\u00e9roule au Pr\u00e9 Saint-Gervais.<\/p>\n<\/div>\n<p><strong>Pour vous inscrire cliquez <a href=\"http:\/\/www.coulisses-tv.fr\/index.php?option=com_content&amp;view=article&amp;id=3714:prime-special-de-chabada-pendant-les-fetes--les-invites-de-daniela-lumbroso&amp;catid=53:tournages-emissions&amp;Itemid=143\" target=\"_blank\">ICI<\/a><\/strong><\/p>\n<\/p>\n<\/div>\n","protected":false},"excerpt":{"rendered":"<p>Article publi\u00e9 Samedi 03 D\u00e9cembre 2011 \u00e0 12:08 Mis en ligne\u00a0 par Jean-Marc VERDRELLes 12, 13 et 14 d\u00e9cembre prochains, Daniela Lumbroso enregistrera plusieurs num\u00e9ros de son magazine \u201cChabada\u201d dont un prime sp\u00e9cial qui sera diffus\u00e9 au cours des f\u00eates &hellip;<\/p>\n<p class=\"read-more\"> <a class=\"more-link\" href=\"https:\/\/enricomaciasloriental.fr\/WordPress\/prime-special-de-%e2%80%9cchabada%e2%80%9d-pendant-les-fetes-les-invites-de-daniela-lumbroso\/\"> <span class=\"screen-reader-text\">Prime sp\u00e9cial de \u201cChabada\u201d pendant les f\u00eates : les invit\u00e9s de Daniela Lumbroso<\/span> Read More &raquo;<\/a><\/p>\n","protected":false},"author":36,"featured_media":0,"comment_status":"open","ping_status":"open","sticky":false,"template":"","format":"standard","meta":{"footnotes":""},"categories":[1],"tags":[],"class_list":["post-3875","post","type-post","status-publish","format-standard","hentry","category-actualites"],"yoast_head":"<!-- This site is optimized with the Yoast SEO plugin v27.4 - https:\/\/yoast.com\/product\/yoast-seo-wordpress\/ -->\n<title>Prime sp\u00e9cial de \u201cChabada\u201d pendant les f\u00eates : les invit\u00e9s de Daniela Lumbroso  - ENRICO MACIAS L&#039;Oriental<\/title>\n<meta name=\"robots\" content=\"index, follow, max-snippet:-1, max-image-preview:large, max-video-preview:-1\" \/>\n<link rel=\"canonical\" href=\"https:\/\/enricomaciasloriental.fr\/WordPress\/prime-special-de-\u201cchabada\u201d-pendant-les-fetes-les-invites-de-daniela-lumbroso\/\" \/>\n<meta property=\"og:locale\" content=\"fr_FR\" \/>\n<meta property=\"og:type\" content=\"article\" \/>\n<meta property=\"og:title\" content=\"Prime sp\u00e9cial de \u201cChabada\u201d pendant les f\u00eates : les invit\u00e9s de Daniela Lumbroso  - ENRICO MACIAS L&#039;Oriental\" \/>\n<meta property=\"og:description\" content=\"Article publi\u00e9 Samedi 03 D\u00e9cembre 2011 \u00e0 12:08 Mis en ligne\u00a0 par Jean-Marc VERDRELLes 12, 13 et 14 d\u00e9cembre prochains, Daniela Lumbroso enregistrera plusieurs num\u00e9ros de son magazine \u201cChabada\u201d dont un prime sp\u00e9cial qui sera diffus\u00e9 au cours des f\u00eates &hellip; Prime sp\u00e9cial de \u201cChabada\u201d pendant les f\u00eates : les invit\u00e9s de Daniela Lumbroso Read More &raquo;\" \/>\n<meta property=\"og:url\" content=\"https:\/\/enricomaciasloriental.fr\/WordPress\/prime-special-de-\u201cchabada\u201d-pendant-les-fetes-les-invites-de-daniela-lumbroso\/\" \/>\n<meta property=\"og:site_name\" content=\"ENRICO MACIAS L&#039;Oriental\" \/>\n<meta property=\"article:published_time\" content=\"2011-12-03T12:53:53+00:00\" \/>\n<meta property=\"article:modified_time\" content=\"2011-12-03T12:53:56+00:00\" \/>\n<meta property=\"og:image\" content=\"http:\/\/enricomaciasloriental.fr\/WordPress\/wp-content\/uploads\/\/2011\/12\/daniela_lumbroso_chabada01-300x136.jpg\" \/>\n<meta name=\"author\" content=\"Loriental\" \/>\n<meta name=\"twitter:card\" content=\"summary_large_image\" \/>\n<meta name=\"twitter:label1\" content=\"\u00c9crit par\" \/>\n\t<meta name=\"twitter:data1\" content=\"Loriental\" \/>\n\t<meta name=\"twitter:label2\" content=\"Dur\u00e9e de lecture estim\u00e9e\" \/>\n\t<meta name=\"twitter:data2\" content=\"1 minute\" \/>\n<script type=\"application\/ld+json\" class=\"yoast-schema-graph\">{\"@context\":\"https:\\\/\\\/schema.org\",\"@graph\":[{\"@type\":\"Article\",\"@id\":\"https:\\\/\\\/enricomaciasloriental.fr\\\/WordPress\\\/prime-special-de-%e2%80%9cchabada%e2%80%9d-pendant-les-fetes-les-invites-de-daniela-lumbroso\\\/#article\",\"isPartOf\":{\"@id\":\"https:\\\/\\\/enricomaciasloriental.fr\\\/WordPress\\\/prime-special-de-%e2%80%9cchabada%e2%80%9d-pendant-les-fetes-les-invites-de-daniela-lumbroso\\\/\"},\"author\":{\"name\":\"Loriental\",\"@id\":\"https:\\\/\\\/enricomaciasloriental.fr\\\/WordPress\\\/#\\\/schema\\\/person\\\/53fba112c6f4f0b335578890a816262e\"},\"headline\":\"Prime sp\u00e9cial de \u201cChabada\u201d pendant les f\u00eates : les invit\u00e9s de Daniela Lumbroso\",\"datePublished\":\"2011-12-03T12:53:53+00:00\",\"dateModified\":\"2011-12-03T12:53:56+00:00\",\"mainEntityOfPage\":{\"@id\":\"https:\\\/\\\/enricomaciasloriental.fr\\\/WordPress\\\/prime-special-de-%e2%80%9cchabada%e2%80%9d-pendant-les-fetes-les-invites-de-daniela-lumbroso\\\/\"},\"wordCount\":248,\"commentCount\":0,\"publisher\":{\"@id\":\"https:\\\/\\\/enricomaciasloriental.fr\\\/WordPress\\\/#\\\/schema\\\/person\\\/53fba112c6f4f0b335578890a816262e\"},\"image\":{\"@id\":\"https:\\\/\\\/enricomaciasloriental.fr\\\/WordPress\\\/prime-special-de-%e2%80%9cchabada%e2%80%9d-pendant-les-fetes-les-invites-de-daniela-lumbroso\\\/#primaryimage\"},\"thumbnailUrl\":\"http:\\\/\\\/enricomaciasloriental.fr\\\/WordPress\\\/wp-content\\\/uploads\\\/\\\/2011\\\/12\\\/daniela_lumbroso_chabada01-300x136.jpg\",\"articleSection\":[\"Actualit\u00e9s\"],\"inLanguage\":\"fr-FR\",\"potentialAction\":[{\"@type\":\"CommentAction\",\"name\":\"Comment\",\"target\":[\"https:\\\/\\\/enricomaciasloriental.fr\\\/WordPress\\\/prime-special-de-%e2%80%9cchabada%e2%80%9d-pendant-les-fetes-les-invites-de-daniela-lumbroso\\\/#respond\"]}]},{\"@type\":\"WebPage\",\"@id\":\"https:\\\/\\\/enricomaciasloriental.fr\\\/WordPress\\\/prime-special-de-%e2%80%9cchabada%e2%80%9d-pendant-les-fetes-les-invites-de-daniela-lumbroso\\\/\",\"url\":\"https:\\\/\\\/enricomaciasloriental.fr\\\/WordPress\\\/prime-special-de-%e2%80%9cchabada%e2%80%9d-pendant-les-fetes-les-invites-de-daniela-lumbroso\\\/\",\"name\":\"Prime sp\u00e9cial de \u201cChabada\u201d pendant les f\u00eates : les invit\u00e9s de Daniela Lumbroso - ENRICO MACIAS L&#039;Oriental\",\"isPartOf\":{\"@id\":\"https:\\\/\\\/enricomaciasloriental.fr\\\/WordPress\\\/#website\"},\"primaryImageOfPage\":{\"@id\":\"https:\\\/\\\/enricomaciasloriental.fr\\\/WordPress\\\/prime-special-de-%e2%80%9cchabada%e2%80%9d-pendant-les-fetes-les-invites-de-daniela-lumbroso\\\/#primaryimage\"},\"image\":{\"@id\":\"https:\\\/\\\/enricomaciasloriental.fr\\\/WordPress\\\/prime-special-de-%e2%80%9cchabada%e2%80%9d-pendant-les-fetes-les-invites-de-daniela-lumbroso\\\/#primaryimage\"},\"thumbnailUrl\":\"http:\\\/\\\/enricomaciasloriental.fr\\\/WordPress\\\/wp-content\\\/uploads\\\/\\\/2011\\\/12\\\/daniela_lumbroso_chabada01-300x136.jpg\",\"datePublished\":\"2011-12-03T12:53:53+00:00\",\"dateModified\":\"2011-12-03T12:53:56+00:00\",\"breadcrumb\":{\"@id\":\"https:\\\/\\\/enricomaciasloriental.fr\\\/WordPress\\\/prime-special-de-%e2%80%9cchabada%e2%80%9d-pendant-les-fetes-les-invites-de-daniela-lumbroso\\\/#breadcrumb\"},\"inLanguage\":\"fr-FR\",\"potentialAction\":[{\"@type\":\"ReadAction\",\"target\":[\"https:\\\/\\\/enricomaciasloriental.fr\\\/WordPress\\\/prime-special-de-%e2%80%9cchabada%e2%80%9d-pendant-les-fetes-les-invites-de-daniela-lumbroso\\\/\"]}]},{\"@type\":\"ImageObject\",\"inLanguage\":\"fr-FR\",\"@id\":\"https:\\\/\\\/enricomaciasloriental.fr\\\/WordPress\\\/prime-special-de-%e2%80%9cchabada%e2%80%9d-pendant-les-fetes-les-invites-de-daniela-lumbroso\\\/#primaryimage\",\"url\":\"https:\\\/\\\/enricomaciasloriental.fr\\\/WordPress\\\/wp-content\\\/uploads\\\/\\\/2011\\\/12\\\/daniela_lumbroso_chabada01.jpg\",\"contentUrl\":\"https:\\\/\\\/enricomaciasloriental.fr\\\/WordPress\\\/wp-content\\\/uploads\\\/\\\/2011\\\/12\\\/daniela_lumbroso_chabada01.jpg\",\"width\":\"626\",\"height\":\"285\"},{\"@type\":\"BreadcrumbList\",\"@id\":\"https:\\\/\\\/enricomaciasloriental.fr\\\/WordPress\\\/prime-special-de-%e2%80%9cchabada%e2%80%9d-pendant-les-fetes-les-invites-de-daniela-lumbroso\\\/#breadcrumb\",\"itemListElement\":[{\"@type\":\"ListItem\",\"position\":1,\"name\":\"Accueil\",\"item\":\"https:\\\/\\\/enricomaciasloriental.fr\\\/WordPress\\\/\"},{\"@type\":\"ListItem\",\"position\":2,\"name\":\"Prime sp\u00e9cial de \u201cChabada\u201d pendant les f\u00eates : les invit\u00e9s de Daniela Lumbroso\"}]},{\"@type\":\"WebSite\",\"@id\":\"https:\\\/\\\/enricomaciasloriental.fr\\\/WordPress\\\/#website\",\"url\":\"https:\\\/\\\/enricomaciasloriental.fr\\\/WordPress\\\/\",\"name\":\"ENRICO MACIAS L'Oriental\",\"description\":\"IL EST COMME LE SOLEIL\",\"publisher\":{\"@id\":\"https:\\\/\\\/enricomaciasloriental.fr\\\/WordPress\\\/#\\\/schema\\\/person\\\/53fba112c6f4f0b335578890a816262e\"},\"potentialAction\":[{\"@type\":\"SearchAction\",\"target\":{\"@type\":\"EntryPoint\",\"urlTemplate\":\"https:\\\/\\\/enricomaciasloriental.fr\\\/WordPress\\\/?s={search_term_string}\"},\"query-input\":{\"@type\":\"PropertyValueSpecification\",\"valueRequired\":true,\"valueName\":\"search_term_string\"}}],\"inLanguage\":\"fr-FR\"},{\"@type\":[\"Person\",\"Organization\"],\"@id\":\"https:\\\/\\\/enricomaciasloriental.fr\\\/WordPress\\\/#\\\/schema\\\/person\\\/53fba112c6f4f0b335578890a816262e\",\"name\":\"Loriental\",\"image\":{\"@type\":\"ImageObject\",\"inLanguage\":\"fr-FR\",\"@id\":\"https:\\\/\\\/enricomaciasloriental.fr\\\/WordPress\\\/wp-content\\\/uploads\\\/\\\/2015\\\/02\\\/cropped-bannier_altaiir-enrico.jpg\",\"url\":\"https:\\\/\\\/enricomaciasloriental.fr\\\/WordPress\\\/wp-content\\\/uploads\\\/\\\/2015\\\/02\\\/cropped-bannier_altaiir-enrico.jpg\",\"contentUrl\":\"https:\\\/\\\/enricomaciasloriental.fr\\\/WordPress\\\/wp-content\\\/uploads\\\/\\\/2015\\\/02\\\/cropped-bannier_altaiir-enrico.jpg\",\"width\":1200,\"height\":150,\"caption\":\"Loriental\"},\"logo\":{\"@id\":\"https:\\\/\\\/enricomaciasloriental.fr\\\/WordPress\\\/wp-content\\\/uploads\\\/\\\/2015\\\/02\\\/cropped-bannier_altaiir-enrico.jpg\"},\"sameAs\":[\"http:\\\/\\\/www.enricomaciasloriental.fr\\\/\"]}]}<\/script>\n<!-- \/ Yoast SEO plugin. -->","yoast_head_json":{"title":"Prime sp\u00e9cial de \u201cChabada\u201d pendant les f\u00eates : les invit\u00e9s de Daniela Lumbroso  - ENRICO MACIAS L&#039;Oriental","robots":{"index":"index","follow":"follow","max-snippet":"max-snippet:-1","max-image-preview":"max-image-preview:large","max-video-preview":"max-video-preview:-1"},"canonical":"https:\/\/enricomaciasloriental.fr\/WordPress\/prime-special-de-\u201cchabada\u201d-pendant-les-fetes-les-invites-de-daniela-lumbroso\/","og_locale":"fr_FR","og_type":"article","og_title":"Prime sp\u00e9cial de \u201cChabada\u201d pendant les f\u00eates : les invit\u00e9s de Daniela Lumbroso  - ENRICO MACIAS L&#039;Oriental","og_description":"Article publi\u00e9 Samedi 03 D\u00e9cembre 2011 \u00e0 12:08 Mis en ligne\u00a0 par Jean-Marc VERDRELLes 12, 13 et 14 d\u00e9cembre prochains, Daniela Lumbroso enregistrera plusieurs num\u00e9ros de son magazine \u201cChabada\u201d dont un prime sp\u00e9cial qui sera diffus\u00e9 au cours des f\u00eates &hellip; Prime sp\u00e9cial de \u201cChabada\u201d pendant les f\u00eates : les invit\u00e9s de Daniela Lumbroso Read More &raquo;","og_url":"https:\/\/enricomaciasloriental.fr\/WordPress\/prime-special-de-\u201cchabada\u201d-pendant-les-fetes-les-invites-de-daniela-lumbroso\/","og_site_name":"ENRICO MACIAS L&#039;Oriental","article_published_time":"2011-12-03T12:53:53+00:00","article_modified_time":"2011-12-03T12:53:56+00:00","og_image":[{"url":"http:\/\/enricomaciasloriental.fr\/WordPress\/wp-content\/uploads\/\/2011\/12\/daniela_lumbroso_chabada01-300x136.jpg","type":"","width":"","height":""}],"author":"Loriental","twitter_card":"summary_large_image","twitter_misc":{"\u00c9crit par":"Loriental","Dur\u00e9e de lecture estim\u00e9e":"1 minute"},"schema":{"@context":"https:\/\/schema.org","@graph":[{"@type":"Article","@id":"https:\/\/enricomaciasloriental.fr\/WordPress\/prime-special-de-%e2%80%9cchabada%e2%80%9d-pendant-les-fetes-les-invites-de-daniela-lumbroso\/#article","isPartOf":{"@id":"https:\/\/enricomaciasloriental.fr\/WordPress\/prime-special-de-%e2%80%9cchabada%e2%80%9d-pendant-les-fetes-les-invites-de-daniela-lumbroso\/"},"author":{"name":"Loriental","@id":"https:\/\/enricomaciasloriental.fr\/WordPress\/#\/schema\/person\/53fba112c6f4f0b335578890a816262e"},"headline":"Prime sp\u00e9cial de \u201cChabada\u201d pendant les f\u00eates : les invit\u00e9s de Daniela Lumbroso","datePublished":"2011-12-03T12:53:53+00:00","dateModified":"2011-12-03T12:53:56+00:00","mainEntityOfPage":{"@id":"https:\/\/enricomaciasloriental.fr\/WordPress\/prime-special-de-%e2%80%9cchabada%e2%80%9d-pendant-les-fetes-les-invites-de-daniela-lumbroso\/"},"wordCount":248,"commentCount":0,"publisher":{"@id":"https:\/\/enricomaciasloriental.fr\/WordPress\/#\/schema\/person\/53fba112c6f4f0b335578890a816262e"},"image":{"@id":"https:\/\/enricomaciasloriental.fr\/WordPress\/prime-special-de-%e2%80%9cchabada%e2%80%9d-pendant-les-fetes-les-invites-de-daniela-lumbroso\/#primaryimage"},"thumbnailUrl":"http:\/\/enricomaciasloriental.fr\/WordPress\/wp-content\/uploads\/\/2011\/12\/daniela_lumbroso_chabada01-300x136.jpg","articleSection":["Actualit\u00e9s"],"inLanguage":"fr-FR","potentialAction":[{"@type":"CommentAction","name":"Comment","target":["https:\/\/enricomaciasloriental.fr\/WordPress\/prime-special-de-%e2%80%9cchabada%e2%80%9d-pendant-les-fetes-les-invites-de-daniela-lumbroso\/#respond"]}]},{"@type":"WebPage","@id":"https:\/\/enricomaciasloriental.fr\/WordPress\/prime-special-de-%e2%80%9cchabada%e2%80%9d-pendant-les-fetes-les-invites-de-daniela-lumbroso\/","url":"https:\/\/enricomaciasloriental.fr\/WordPress\/prime-special-de-%e2%80%9cchabada%e2%80%9d-pendant-les-fetes-les-invites-de-daniela-lumbroso\/","name":"Prime sp\u00e9cial de \u201cChabada\u201d pendant les f\u00eates : les invit\u00e9s de Daniela Lumbroso - ENRICO MACIAS L&#039;Oriental","isPartOf":{"@id":"https:\/\/enricomaciasloriental.fr\/WordPress\/#website"},"primaryImageOfPage":{"@id":"https:\/\/enricomaciasloriental.fr\/WordPress\/prime-special-de-%e2%80%9cchabada%e2%80%9d-pendant-les-fetes-les-invites-de-daniela-lumbroso\/#primaryimage"},"image":{"@id":"https:\/\/enricomaciasloriental.fr\/WordPress\/prime-special-de-%e2%80%9cchabada%e2%80%9d-pendant-les-fetes-les-invites-de-daniela-lumbroso\/#primaryimage"},"thumbnailUrl":"http:\/\/enricomaciasloriental.fr\/WordPress\/wp-content\/uploads\/\/2011\/12\/daniela_lumbroso_chabada01-300x136.jpg","datePublished":"2011-12-03T12:53:53+00:00","dateModified":"2011-12-03T12:53:56+00:00","breadcrumb":{"@id":"https:\/\/enricomaciasloriental.fr\/WordPress\/prime-special-de-%e2%80%9cchabada%e2%80%9d-pendant-les-fetes-les-invites-de-daniela-lumbroso\/#breadcrumb"},"inLanguage":"fr-FR","potentialAction":[{"@type":"ReadAction","target":["https:\/\/enricomaciasloriental.fr\/WordPress\/prime-special-de-%e2%80%9cchabada%e2%80%9d-pendant-les-fetes-les-invites-de-daniela-lumbroso\/"]}]},{"@type":"ImageObject","inLanguage":"fr-FR","@id":"https:\/\/enricomaciasloriental.fr\/WordPress\/prime-special-de-%e2%80%9cchabada%e2%80%9d-pendant-les-fetes-les-invites-de-daniela-lumbroso\/#primaryimage","url":"https:\/\/enricomaciasloriental.fr\/WordPress\/wp-content\/uploads\/\/2011\/12\/daniela_lumbroso_chabada01.jpg","contentUrl":"https:\/\/enricomaciasloriental.fr\/WordPress\/wp-content\/uploads\/\/2011\/12\/daniela_lumbroso_chabada01.jpg","width":"626","height":"285"},{"@type":"BreadcrumbList","@id":"https:\/\/enricomaciasloriental.fr\/WordPress\/prime-special-de-%e2%80%9cchabada%e2%80%9d-pendant-les-fetes-les-invites-de-daniela-lumbroso\/#breadcrumb","itemListElement":[{"@type":"ListItem","position":1,"name":"Accueil","item":"https:\/\/enricomaciasloriental.fr\/WordPress\/"},{"@type":"ListItem","position":2,"name":"Prime sp\u00e9cial de \u201cChabada\u201d pendant les f\u00eates : les invit\u00e9s de Daniela Lumbroso"}]},{"@type":"WebSite","@id":"https:\/\/enricomaciasloriental.fr\/WordPress\/#website","url":"https:\/\/enricomaciasloriental.fr\/WordPress\/","name":"ENRICO MACIAS L'Oriental","description":"IL EST COMME LE SOLEIL","publisher":{"@id":"https:\/\/enricomaciasloriental.fr\/WordPress\/#\/schema\/person\/53fba112c6f4f0b335578890a816262e"},"potentialAction":[{"@type":"SearchAction","target":{"@type":"EntryPoint","urlTemplate":"https:\/\/enricomaciasloriental.fr\/WordPress\/?s={search_term_string}"},"query-input":{"@type":"PropertyValueSpecification","valueRequired":true,"valueName":"search_term_string"}}],"inLanguage":"fr-FR"},{"@type":["Person","Organization"],"@id":"https:\/\/enricomaciasloriental.fr\/WordPress\/#\/schema\/person\/53fba112c6f4f0b335578890a816262e","name":"Loriental","image":{"@type":"ImageObject","inLanguage":"fr-FR","@id":"https:\/\/enricomaciasloriental.fr\/WordPress\/wp-content\/uploads\/\/2015\/02\/cropped-bannier_altaiir-enrico.jpg","url":"https:\/\/enricomaciasloriental.fr\/WordPress\/wp-content\/uploads\/\/2015\/02\/cropped-bannier_altaiir-enrico.jpg","contentUrl":"https:\/\/enricomaciasloriental.fr\/WordPress\/wp-content\/uploads\/\/2015\/02\/cropped-bannier_altaiir-enrico.jpg","width":1200,"height":150,"caption":"Loriental"},"logo":{"@id":"https:\/\/enricomaciasloriental.fr\/WordPress\/wp-content\/uploads\/\/2015\/02\/cropped-bannier_altaiir-enrico.jpg"},"sameAs":["http:\/\/www.enricomaciasloriental.fr\/"]}]}},"featured_image_src":"","featured_image_src_square":false,"author_info":{"display_name":"Loriental","author_link":"https:\/\/enricomaciasloriental.fr\/WordPress\/author\/admin9234\/"},"rbea_author_info":{"display_name":"Loriental","author_link":"https:\/\/enricomaciasloriental.fr\/WordPress\/author\/admin9234\/"},"rbea_excerpt_info":"Article publi\u00e9 Samedi 03 D\u00e9cembre 2011 \u00e0 12:08 Mis en ligne\u00a0 par Jean-Marc VERDRELLes 12, 13 et 14 d\u00e9cembre prochains, Daniela Lumbroso enregistrera plusieurs num\u00e9ros de son magazine \u201cChabada\u201d dont un prime sp\u00e9cial qui sera diffus\u00e9 au cours des f\u00eates &hellip;<p class=\"read-more\"> <a class=\"more-link\" href=\"https:\/\/enricomaciasloriental.fr\/WordPress\/prime-special-de-%e2%80%9cchabada%e2%80%9d-pendant-les-fetes-les-invites-de-daniela-lumbroso\/\"> <span class=\"screen-reader-text\">Prime sp\u00e9cial de \u201cChabada\u201d pendant les f\u00eates : les invit\u00e9s de Daniela Lumbroso<\/span> Read More &raquo;<\/a><\/p>","category_list":"<a href=\"https:\/\/enricomaciasloriental.fr\/WordPress\/category\/actualites\/\">Actualit\u00e9s<\/a>","comments_num":"0 comments","_links":{"self":[{"href":"https:\/\/enricomaciasloriental.fr\/WordPress\/wp-json\/wp\/v2\/posts\/3875","targetHints":{"allow":["GET"]}}],"collection":[{"href":"https:\/\/enricomaciasloriental.fr\/WordPress\/wp-json\/wp\/v2\/posts"}],"about":[{"href":"https:\/\/enricomaciasloriental.fr\/WordPress\/wp-json\/wp\/v2\/types\/post"}],"author":[{"embeddable":true,"href":"https:\/\/enricomaciasloriental.fr\/WordPress\/wp-json\/wp\/v2\/users\/36"}],"replies":[{"embeddable":true,"href":"https:\/\/enricomaciasloriental.fr\/WordPress\/wp-json\/wp\/v2\/comments?post=3875"}],"version-history":[{"count":0,"href":"https:\/\/enricomaciasloriental.fr\/WordPress\/wp-json\/wp\/v2\/posts\/3875\/revisions"}],"wp:attachment":[{"href":"https:\/\/enricomaciasloriental.fr\/WordPress\/wp-json\/wp\/v2\/media?parent=3875"}],"wp:term":[{"taxonomy":"category","embeddable":true,"href":"https:\/\/enricomaciasloriental.fr\/WordPress\/wp-json\/wp\/v2\/categories?post=3875"},{"taxonomy":"post_tag","embeddable":true,"href":"https:\/\/enricomaciasloriental.fr\/WordPress\/wp-json\/wp\/v2\/tags?post=3875"}],"curies":[{"name":"wp","href":"https:\/\/api.w.org\/{rel}","templated":true}]}}