{"id":4292,"date":"2012-02-25T20:43:03","date_gmt":"2012-02-25T19:43:03","guid":{"rendered":"http:\/\/enricomaciasloriental.fr\/WordPress\/?p=4292"},"modified":"2012-02-25T20:46:30","modified_gmt":"2012-02-25T19:46:30","slug":"enrico-macias-et-jocya-etaient-invites-darianne-et-beatrice-massenet-sur-europe-1","status":"publish","type":"post","link":"https:\/\/enricomaciasloriental.fr\/WordPress\/enrico-macias-et-jocya-etaient-invites-darianne-et-beatrice-massenet-sur-europe-1\/","title":{"rendered":"Enrico Macias et Jocya \u00e9taient invit\u00e9s d&rsquo;Arianne et B\u00e9atrice Massenet sur Europe 1"},"content":{"rendered":"<p>Enrico Macias et Jocya \u00e9taient invit\u00e9s d&rsquo; Ariane et B\u00e9atrice Massenet sur Europe 1 aujourd&rsquo;hui \u00e0 14h<\/p>\n<p>dans l&rsquo;\u00e9mission \u00ab\u00a0C&rsquo;est de famille\u00a0\u00bb<\/p>\n<p>Vous pouvez les \u00e9couter en suivant ce lien <a href=\"http:\/\/www.europe1.fr\/MediaCenter\/Emissions\/C-est-de-famille\/Sons\/C-est-de-famille-Enrico-Macias-et-sa-fille-Jocya-963369\/\" target=\"_blank\"><span style=\"font-size: large;\"><strong>ICI<\/strong><\/span><\/a><\/p>\n<p>&nbsp;<\/p>\n<p>&nbsp;<\/p>\n<p>&nbsp;<\/p>\n","protected":false},"excerpt":{"rendered":"<p>Enrico Macias et Jocya \u00e9taient invit\u00e9s d&rsquo; Ariane et B\u00e9atrice Massenet sur Europe 1 aujourd&rsquo;hui \u00e0 14h dans l&rsquo;\u00e9mission \u00ab\u00a0C&rsquo;est de famille\u00a0\u00bb Vous pouvez les \u00e9couter en suivant ce lien ICI &nbsp; &nbsp; &nbsp;<\/p>\n","protected":false},"author":36,"featured_media":0,"comment_status":"open","ping_status":"open","sticky":false,"template":"","format":"standard","meta":{"footnotes":""},"categories":[1],"tags":[],"class_list":["post-4292","post","type-post","status-publish","format-standard","hentry","category-actualites"],"yoast_head":"<!-- This site is optimized with the Yoast SEO plugin v27.4 - https:\/\/yoast.com\/product\/yoast-seo-wordpress\/ -->\n<title>Enrico Macias et Jocya \u00e9taient invit\u00e9s d&#039;Arianne et B\u00e9atrice Massenet sur Europe 1 - ENRICO MACIAS L&#039;Oriental<\/title>\n<meta name=\"robots\" content=\"index, follow, max-snippet:-1, max-image-preview:large, max-video-preview:-1\" \/>\n<link rel=\"canonical\" href=\"https:\/\/enricomaciasloriental.fr\/WordPress\/enrico-macias-et-jocya-etaient-invites-darianne-et-beatrice-massenet-sur-europe-1\/\" \/>\n<meta property=\"og:locale\" content=\"fr_FR\" \/>\n<meta property=\"og:type\" content=\"article\" \/>\n<meta property=\"og:title\" content=\"Enrico Macias et Jocya \u00e9taient invit\u00e9s d&#039;Arianne et B\u00e9atrice Massenet sur Europe 1 - ENRICO MACIAS L&#039;Oriental\" \/>\n<meta property=\"og:description\" content=\"Enrico Macias et Jocya \u00e9taient invit\u00e9s d&rsquo; Ariane et B\u00e9atrice Massenet sur Europe 1 aujourd&rsquo;hui \u00e0 14h dans l&rsquo;\u00e9mission \u00ab\u00a0C&rsquo;est de famille\u00a0\u00bb Vous pouvez les \u00e9couter en suivant ce lien ICI &nbsp; &nbsp; &nbsp;\" \/>\n<meta property=\"og:url\" content=\"https:\/\/enricomaciasloriental.fr\/WordPress\/enrico-macias-et-jocya-etaient-invites-darianne-et-beatrice-massenet-sur-europe-1\/\" \/>\n<meta property=\"og:site_name\" content=\"ENRICO MACIAS L&#039;Oriental\" \/>\n<meta property=\"article:published_time\" content=\"2012-02-25T19:43:03+00:00\" \/>\n<meta property=\"article:modified_time\" content=\"2012-02-25T19:46:30+00:00\" \/>\n<meta property=\"og:image\" content=\"https:\/\/enricomaciasloriental.fr\/WordPress\/wp-content\/uploads\/\/2019\/02\/article-902.jpg\" \/>\n\t<meta property=\"og:image:width\" content=\"700\" \/>\n\t<meta property=\"og:image:height\" content=\"497\" \/>\n\t<meta property=\"og:image:type\" content=\"image\/jpeg\" \/>\n<meta name=\"author\" content=\"Loriental\" \/>\n<meta name=\"twitter:card\" content=\"summary_large_image\" \/>\n<meta name=\"twitter:label1\" content=\"\u00c9crit par\" \/>\n\t<meta name=\"twitter:data1\" content=\"Loriental\" \/>\n<script type=\"application\/ld+json\" class=\"yoast-schema-graph\">{\"@context\":\"https:\\\/\\\/schema.org\",\"@graph\":[{\"@type\":\"Article\",\"@id\":\"https:\\\/\\\/enricomaciasloriental.fr\\\/WordPress\\\/enrico-macias-et-jocya-etaient-invites-darianne-et-beatrice-massenet-sur-europe-1\\\/#article\",\"isPartOf\":{\"@id\":\"https:\\\/\\\/enricomaciasloriental.fr\\\/WordPress\\\/enrico-macias-et-jocya-etaient-invites-darianne-et-beatrice-massenet-sur-europe-1\\\/\"},\"author\":{\"name\":\"Loriental\",\"@id\":\"https:\\\/\\\/enricomaciasloriental.fr\\\/WordPress\\\/#\\\/schema\\\/person\\\/53fba112c6f4f0b335578890a816262e\"},\"headline\":\"Enrico Macias et Jocya \u00e9taient invit\u00e9s d&rsquo;Arianne et B\u00e9atrice Massenet sur Europe 1\",\"datePublished\":\"2012-02-25T19:43:03+00:00\",\"dateModified\":\"2012-02-25T19:46:30+00:00\",\"mainEntityOfPage\":{\"@id\":\"https:\\\/\\\/enricomaciasloriental.fr\\\/WordPress\\\/enrico-macias-et-jocya-etaient-invites-darianne-et-beatrice-massenet-sur-europe-1\\\/\"},\"wordCount\":52,\"commentCount\":6,\"publisher\":{\"@id\":\"https:\\\/\\\/enricomaciasloriental.fr\\\/WordPress\\\/#\\\/schema\\\/person\\\/53fba112c6f4f0b335578890a816262e\"},\"articleSection\":[\"Actualit\u00e9s\"],\"inLanguage\":\"fr-FR\",\"potentialAction\":[{\"@type\":\"CommentAction\",\"name\":\"Comment\",\"target\":[\"https:\\\/\\\/enricomaciasloriental.fr\\\/WordPress\\\/enrico-macias-et-jocya-etaient-invites-darianne-et-beatrice-massenet-sur-europe-1\\\/#respond\"]}]},{\"@type\":\"WebPage\",\"@id\":\"https:\\\/\\\/enricomaciasloriental.fr\\\/WordPress\\\/enrico-macias-et-jocya-etaient-invites-darianne-et-beatrice-massenet-sur-europe-1\\\/\",\"url\":\"https:\\\/\\\/enricomaciasloriental.fr\\\/WordPress\\\/enrico-macias-et-jocya-etaient-invites-darianne-et-beatrice-massenet-sur-europe-1\\\/\",\"name\":\"Enrico Macias et Jocya \u00e9taient invit\u00e9s d'Arianne et B\u00e9atrice Massenet sur Europe 1 - ENRICO MACIAS L&#039;Oriental\",\"isPartOf\":{\"@id\":\"https:\\\/\\\/enricomaciasloriental.fr\\\/WordPress\\\/#website\"},\"datePublished\":\"2012-02-25T19:43:03+00:00\",\"dateModified\":\"2012-02-25T19:46:30+00:00\",\"breadcrumb\":{\"@id\":\"https:\\\/\\\/enricomaciasloriental.fr\\\/WordPress\\\/enrico-macias-et-jocya-etaient-invites-darianne-et-beatrice-massenet-sur-europe-1\\\/#breadcrumb\"},\"inLanguage\":\"fr-FR\",\"potentialAction\":[{\"@type\":\"ReadAction\",\"target\":[\"https:\\\/\\\/enricomaciasloriental.fr\\\/WordPress\\\/enrico-macias-et-jocya-etaient-invites-darianne-et-beatrice-massenet-sur-europe-1\\\/\"]}]},{\"@type\":\"BreadcrumbList\",\"@id\":\"https:\\\/\\\/enricomaciasloriental.fr\\\/WordPress\\\/enrico-macias-et-jocya-etaient-invites-darianne-et-beatrice-massenet-sur-europe-1\\\/#breadcrumb\",\"itemListElement\":[{\"@type\":\"ListItem\",\"position\":1,\"name\":\"Accueil\",\"item\":\"https:\\\/\\\/enricomaciasloriental.fr\\\/WordPress\\\/\"},{\"@type\":\"ListItem\",\"position\":2,\"name\":\"Enrico Macias et Jocya \u00e9taient invit\u00e9s d&rsquo;Arianne et B\u00e9atrice Massenet sur Europe 1\"}]},{\"@type\":\"WebSite\",\"@id\":\"https:\\\/\\\/enricomaciasloriental.fr\\\/WordPress\\\/#website\",\"url\":\"https:\\\/\\\/enricomaciasloriental.fr\\\/WordPress\\\/\",\"name\":\"ENRICO MACIAS L'Oriental\",\"description\":\"IL EST COMME LE SOLEIL\",\"publisher\":{\"@id\":\"https:\\\/\\\/enricomaciasloriental.fr\\\/WordPress\\\/#\\\/schema\\\/person\\\/53fba112c6f4f0b335578890a816262e\"},\"potentialAction\":[{\"@type\":\"SearchAction\",\"target\":{\"@type\":\"EntryPoint\",\"urlTemplate\":\"https:\\\/\\\/enricomaciasloriental.fr\\\/WordPress\\\/?s={search_term_string}\"},\"query-input\":{\"@type\":\"PropertyValueSpecification\",\"valueRequired\":true,\"valueName\":\"search_term_string\"}}],\"inLanguage\":\"fr-FR\"},{\"@type\":[\"Person\",\"Organization\"],\"@id\":\"https:\\\/\\\/enricomaciasloriental.fr\\\/WordPress\\\/#\\\/schema\\\/person\\\/53fba112c6f4f0b335578890a816262e\",\"name\":\"Loriental\",\"image\":{\"@type\":\"ImageObject\",\"inLanguage\":\"fr-FR\",\"@id\":\"https:\\\/\\\/enricomaciasloriental.fr\\\/WordPress\\\/wp-content\\\/uploads\\\/\\\/2015\\\/02\\\/cropped-bannier_altaiir-enrico.jpg\",\"url\":\"https:\\\/\\\/enricomaciasloriental.fr\\\/WordPress\\\/wp-content\\\/uploads\\\/\\\/2015\\\/02\\\/cropped-bannier_altaiir-enrico.jpg\",\"contentUrl\":\"https:\\\/\\\/enricomaciasloriental.fr\\\/WordPress\\\/wp-content\\\/uploads\\\/\\\/2015\\\/02\\\/cropped-bannier_altaiir-enrico.jpg\",\"width\":1200,\"height\":150,\"caption\":\"Loriental\"},\"logo\":{\"@id\":\"https:\\\/\\\/enricomaciasloriental.fr\\\/WordPress\\\/wp-content\\\/uploads\\\/\\\/2015\\\/02\\\/cropped-bannier_altaiir-enrico.jpg\"},\"sameAs\":[\"http:\\\/\\\/www.enricomaciasloriental.fr\\\/\"]}]}<\/script>\n<!-- \/ Yoast SEO plugin. -->","yoast_head_json":{"title":"Enrico Macias et Jocya \u00e9taient invit\u00e9s d'Arianne et B\u00e9atrice Massenet sur Europe 1 - ENRICO MACIAS L&#039;Oriental","robots":{"index":"index","follow":"follow","max-snippet":"max-snippet:-1","max-image-preview":"max-image-preview:large","max-video-preview":"max-video-preview:-1"},"canonical":"https:\/\/enricomaciasloriental.fr\/WordPress\/enrico-macias-et-jocya-etaient-invites-darianne-et-beatrice-massenet-sur-europe-1\/","og_locale":"fr_FR","og_type":"article","og_title":"Enrico Macias et Jocya \u00e9taient invit\u00e9s d'Arianne et B\u00e9atrice Massenet sur Europe 1 - ENRICO MACIAS L&#039;Oriental","og_description":"Enrico Macias et Jocya \u00e9taient invit\u00e9s d&rsquo; Ariane et B\u00e9atrice Massenet sur Europe 1 aujourd&rsquo;hui \u00e0 14h dans l&rsquo;\u00e9mission \u00ab\u00a0C&rsquo;est de famille\u00a0\u00bb Vous pouvez les \u00e9couter en suivant ce lien ICI &nbsp; &nbsp; &nbsp;","og_url":"https:\/\/enricomaciasloriental.fr\/WordPress\/enrico-macias-et-jocya-etaient-invites-darianne-et-beatrice-massenet-sur-europe-1\/","og_site_name":"ENRICO MACIAS L&#039;Oriental","article_published_time":"2012-02-25T19:43:03+00:00","article_modified_time":"2012-02-25T19:46:30+00:00","og_image":[{"width":700,"height":497,"url":"https:\/\/enricomaciasloriental.fr\/WordPress\/wp-content\/uploads\/\/2019\/02\/article-902.jpg","type":"image\/jpeg"}],"author":"Loriental","twitter_card":"summary_large_image","twitter_misc":{"\u00c9crit par":"Loriental"},"schema":{"@context":"https:\/\/schema.org","@graph":[{"@type":"Article","@id":"https:\/\/enricomaciasloriental.fr\/WordPress\/enrico-macias-et-jocya-etaient-invites-darianne-et-beatrice-massenet-sur-europe-1\/#article","isPartOf":{"@id":"https:\/\/enricomaciasloriental.fr\/WordPress\/enrico-macias-et-jocya-etaient-invites-darianne-et-beatrice-massenet-sur-europe-1\/"},"author":{"name":"Loriental","@id":"https:\/\/enricomaciasloriental.fr\/WordPress\/#\/schema\/person\/53fba112c6f4f0b335578890a816262e"},"headline":"Enrico Macias et Jocya \u00e9taient invit\u00e9s d&rsquo;Arianne et B\u00e9atrice Massenet sur Europe 1","datePublished":"2012-02-25T19:43:03+00:00","dateModified":"2012-02-25T19:46:30+00:00","mainEntityOfPage":{"@id":"https:\/\/enricomaciasloriental.fr\/WordPress\/enrico-macias-et-jocya-etaient-invites-darianne-et-beatrice-massenet-sur-europe-1\/"},"wordCount":52,"commentCount":6,"publisher":{"@id":"https:\/\/enricomaciasloriental.fr\/WordPress\/#\/schema\/person\/53fba112c6f4f0b335578890a816262e"},"articleSection":["Actualit\u00e9s"],"inLanguage":"fr-FR","potentialAction":[{"@type":"CommentAction","name":"Comment","target":["https:\/\/enricomaciasloriental.fr\/WordPress\/enrico-macias-et-jocya-etaient-invites-darianne-et-beatrice-massenet-sur-europe-1\/#respond"]}]},{"@type":"WebPage","@id":"https:\/\/enricomaciasloriental.fr\/WordPress\/enrico-macias-et-jocya-etaient-invites-darianne-et-beatrice-massenet-sur-europe-1\/","url":"https:\/\/enricomaciasloriental.fr\/WordPress\/enrico-macias-et-jocya-etaient-invites-darianne-et-beatrice-massenet-sur-europe-1\/","name":"Enrico Macias et Jocya \u00e9taient invit\u00e9s d'Arianne et B\u00e9atrice Massenet sur Europe 1 - ENRICO MACIAS L&#039;Oriental","isPartOf":{"@id":"https:\/\/enricomaciasloriental.fr\/WordPress\/#website"},"datePublished":"2012-02-25T19:43:03+00:00","dateModified":"2012-02-25T19:46:30+00:00","breadcrumb":{"@id":"https:\/\/enricomaciasloriental.fr\/WordPress\/enrico-macias-et-jocya-etaient-invites-darianne-et-beatrice-massenet-sur-europe-1\/#breadcrumb"},"inLanguage":"fr-FR","potentialAction":[{"@type":"ReadAction","target":["https:\/\/enricomaciasloriental.fr\/WordPress\/enrico-macias-et-jocya-etaient-invites-darianne-et-beatrice-massenet-sur-europe-1\/"]}]},{"@type":"BreadcrumbList","@id":"https:\/\/enricomaciasloriental.fr\/WordPress\/enrico-macias-et-jocya-etaient-invites-darianne-et-beatrice-massenet-sur-europe-1\/#breadcrumb","itemListElement":[{"@type":"ListItem","position":1,"name":"Accueil","item":"https:\/\/enricomaciasloriental.fr\/WordPress\/"},{"@type":"ListItem","position":2,"name":"Enrico Macias et Jocya \u00e9taient invit\u00e9s d&rsquo;Arianne et B\u00e9atrice Massenet sur Europe 1"}]},{"@type":"WebSite","@id":"https:\/\/enricomaciasloriental.fr\/WordPress\/#website","url":"https:\/\/enricomaciasloriental.fr\/WordPress\/","name":"ENRICO MACIAS L'Oriental","description":"IL EST COMME LE SOLEIL","publisher":{"@id":"https:\/\/enricomaciasloriental.fr\/WordPress\/#\/schema\/person\/53fba112c6f4f0b335578890a816262e"},"potentialAction":[{"@type":"SearchAction","target":{"@type":"EntryPoint","urlTemplate":"https:\/\/enricomaciasloriental.fr\/WordPress\/?s={search_term_string}"},"query-input":{"@type":"PropertyValueSpecification","valueRequired":true,"valueName":"search_term_string"}}],"inLanguage":"fr-FR"},{"@type":["Person","Organization"],"@id":"https:\/\/enricomaciasloriental.fr\/WordPress\/#\/schema\/person\/53fba112c6f4f0b335578890a816262e","name":"Loriental","image":{"@type":"ImageObject","inLanguage":"fr-FR","@id":"https:\/\/enricomaciasloriental.fr\/WordPress\/wp-content\/uploads\/\/2015\/02\/cropped-bannier_altaiir-enrico.jpg","url":"https:\/\/enricomaciasloriental.fr\/WordPress\/wp-content\/uploads\/\/2015\/02\/cropped-bannier_altaiir-enrico.jpg","contentUrl":"https:\/\/enricomaciasloriental.fr\/WordPress\/wp-content\/uploads\/\/2015\/02\/cropped-bannier_altaiir-enrico.jpg","width":1200,"height":150,"caption":"Loriental"},"logo":{"@id":"https:\/\/enricomaciasloriental.fr\/WordPress\/wp-content\/uploads\/\/2015\/02\/cropped-bannier_altaiir-enrico.jpg"},"sameAs":["http:\/\/www.enricomaciasloriental.fr\/"]}]}},"featured_image_src":"","featured_image_src_square":false,"author_info":{"display_name":"Loriental","author_link":"https:\/\/enricomaciasloriental.fr\/WordPress\/author\/admin9234\/"},"rbea_author_info":{"display_name":"Loriental","author_link":"https:\/\/enricomaciasloriental.fr\/WordPress\/author\/admin9234\/"},"rbea_excerpt_info":"Enrico Macias et Jocya \u00e9taient invit\u00e9s d&rsquo; Ariane et B\u00e9atrice Massenet sur Europe 1 aujourd&rsquo;hui \u00e0 14h dans l&rsquo;\u00e9mission \u00ab\u00a0C&rsquo;est de famille\u00a0\u00bb Vous pouvez les \u00e9couter en suivant ce lien ICI &nbsp; &nbsp; &nbsp;","category_list":"<a href=\"https:\/\/enricomaciasloriental.fr\/WordPress\/category\/actualites\/\">Actualit\u00e9s<\/a>","comments_num":"6 comments","_links":{"self":[{"href":"https:\/\/enricomaciasloriental.fr\/WordPress\/wp-json\/wp\/v2\/posts\/4292","targetHints":{"allow":["GET"]}}],"collection":[{"href":"https:\/\/enricomaciasloriental.fr\/WordPress\/wp-json\/wp\/v2\/posts"}],"about":[{"href":"https:\/\/enricomaciasloriental.fr\/WordPress\/wp-json\/wp\/v2\/types\/post"}],"author":[{"embeddable":true,"href":"https:\/\/enricomaciasloriental.fr\/WordPress\/wp-json\/wp\/v2\/users\/36"}],"replies":[{"embeddable":true,"href":"https:\/\/enricomaciasloriental.fr\/WordPress\/wp-json\/wp\/v2\/comments?post=4292"}],"version-history":[{"count":0,"href":"https:\/\/enricomaciasloriental.fr\/WordPress\/wp-json\/wp\/v2\/posts\/4292\/revisions"}],"wp:attachment":[{"href":"https:\/\/enricomaciasloriental.fr\/WordPress\/wp-json\/wp\/v2\/media?parent=4292"}],"wp:term":[{"taxonomy":"category","embeddable":true,"href":"https:\/\/enricomaciasloriental.fr\/WordPress\/wp-json\/wp\/v2\/categories?post=4292"},{"taxonomy":"post_tag","embeddable":true,"href":"https:\/\/enricomaciasloriental.fr\/WordPress\/wp-json\/wp\/v2\/tags?post=4292"}],"curies":[{"name":"wp","href":"https:\/\/api.w.org\/{rel}","templated":true}]}}