{"id":4453,"date":"2012-03-15T07:26:15","date_gmt":"2012-03-15T06:26:15","guid":{"rendered":"http:\/\/enricomaciasloriental.fr\/WordPress\/?p=4453"},"modified":"2012-03-15T07:26:15","modified_gmt":"2012-03-15T06:26:15","slug":"je-souhaite-finir-ma-vie-en-faisant-ce-metier","status":"publish","type":"post","link":"https:\/\/enricomaciasloriental.fr\/WordPress\/je-souhaite-finir-ma-vie-en-faisant-ce-metier\/","title":{"rendered":"\u00ab Je souhaite finir ma vie en faisant ce m\u00e9tier \u00bb"},"content":{"rendered":"<p><img fetchpriority=\"high\" decoding=\"async\" class=\"alignleft size-medium wp-image-4454\" title=\"enrico_macias_interview\" src=\"https:\/\/enricomaciasloriental.fr\/WordPress\/wp-content\/uploads\/\/2012\/03\/enrico_macias_interview-202x300.jpg\" alt=\"\" width=\"202\" height=\"300\" srcset=\"https:\/\/enricomaciasloriental.fr\/WordPress\/wp-content\/uploads\/2012\/03\/enrico_macias_interview-202x300.jpg 202w, https:\/\/enricomaciasloriental.fr\/WordPress\/wp-content\/uploads\/2012\/03\/enrico_macias_interview.jpg 473w\" sizes=\"(max-width: 202px) 100vw, 202px\" \/> <strong><em>Interview<\/em><\/p>\n<p>Enrico MACIAS<\/strong> <strong> <em> <\/em><\/strong><strong> <\/strong><strong> <\/strong><strong><br \/>\n<\/strong><\/p>\n<p><strong> <\/strong><strong> <\/strong><strong> <\/strong><strong> <\/strong><strong>Jeudi 15 Mars 2012 &#8211; 20h30 &#8211; Le Pasino &#8211; AIX EN PROVENCE &#8211; 40\u20ac\u00a0 <em> <\/em><\/strong><a href=\"http:\/\/www.ticketnet.fr\/manifestation\/idmanif\/234199\"><em><strong>R\u00e9servez ici ! <\/strong><\/em><\/a> <strong><br \/>\n<\/strong><strong>Vendredi 16 Mars 2012 &#8211; 20h45 &#8211; Th\u00e9\u00e2tre Galli &#8211; SANARY SUR MER &#8211; 41\u20ac\u00a0 <\/strong><strong><em> <\/em><\/strong><em><strong><a href=\"http:\/\/www.ticketnet.fr\/manifestation\/idmanif\/237424\">R\u00e9servez ici !<\/a><br \/>\n<\/strong><\/em><strong>Samedi 17 Mars 2012 &#8211; 20h30 &#8211; Casino du Palais de la M\u00e9diterran\u00e9e &#8211; NICE &#8211; 40\u20ac\u00a0 <\/strong><strong> <em> <\/em><\/strong><a href=\"http:\/\/www.ticketnet.fr\/manifestation\/idmanif\/237676\"><em><strong>R\u00e9servez ici ! <\/strong><\/em><\/a><\/p>\n<p>&nbsp;<\/p>\n<p>Morgane L. : Plus de 70 ans et 50 ans de carri\u00e8re, d\u2019o\u00f9 vous vient cette in\u00e9puisable \u00e9nergie ?<br \/>\n<strong>Enrico Macias :<\/strong> Je ne sais pas comment je fais\u2026 Je trouve que c\u2019est une immense chance de f\u00eater mes 50 ans de carri\u00e8re cette ann\u00e9e, de durer tant que \u00e7a et d\u2019\u00eatre en bonne sant\u00e9. Mais je pense que l\u2019\u00e9nergie me vient de l\u2019amour du public et de l\u2019amour de mon entourage, de mes enfants, de mes petits-enfants\u2026 J\u2019ai eu un gros malheur, j\u2019ai perdu ma femme il y a 3 ans et j\u2019ai vraiment pens\u00e9 tout arr\u00eater\u2026 J\u2019\u00e9tais dans un \u00e9tat lamentable et c\u2019est mon fils Jean-Claude qui m\u2019a remis sur les rails en me parlant du concept du dernier album. \u00c7a m\u2019a occup\u00e9\u2026 Pas \u00e0 oublier ma peine mais \u00e0 me consoler de ma peine.<\/p>\n<p><em><strong>\u00ab Voyage d\u2019une M\u00e9lodie \u00bb ?<\/strong><\/em> Il s\u2019agit d\u2019une m\u00e9lodie universelle qui repr\u00e9sente diff\u00e9rentes racines, famili\u00e8res et \u00e9trang\u00e8res. Et je la fais voyager pour \u00e9changer toutes ces cultures de fa\u00e7on \u00e0 rapprocher les gens. Je crois que le 1er m\u00e9dicament de l\u2019humanit\u00e9 en dehors de l\u2019amour, c\u2019est la culture sous toutes ses formes\u2026 Et moi, c\u2019est la chanson.<\/p>\n<p><em><strong>Amour, racines, famille\u2026 Cet album s\u2019inscrit donc dans la m\u00eame lign\u00e9e ?<\/strong><\/em> Exactement dans la m\u00eame lign\u00e9e ! Tout est assez festif m\u00eame celle dont j\u2019ai compos\u00e9 la musique et o\u00f9 je chante une pri\u00e8re tr\u00e8s gaie Shalom Aleikhem, \u00ab Que la paix soit sur vous \u00bb.\u00a0 La seule chanson qui est tr\u00e8s s\u00e9rieuse et solennelle raconte l\u2019histoire de gens qui \u00e9taient aux camps de Vilnius pendant la Shoah. C\u2019\u00e9tait un ghetto o\u00f9 \u00e9taient incarc\u00e9r\u00e9s des juifs. Parmi eux, il y avait un auteur-compositeur et pendant leur immense souffrance, il leur a invent\u00e9 une chanson pleine d\u2019espoir. Personne n\u2019a surv\u00e9cu \u00e0 ce camp, la seule survivante a \u00e9t\u00e9 cette chanson et j\u2019ai tenu \u00e0 l\u2019enregistrer en la m\u00e9moire de toutes les victimes de la Shoah. J\u2019aurais du la chanter en yiddish mais j\u2019ai tenu \u00e0 la chanter en fran\u00e7ais pour que tout le monde la comprenne\u2026<\/p>\n<p>Suite de l&rsquo;interview ici : <a href=\"http:\/\/www.le-mensuel.fr\/index.php\/interviews\/67-itwmaitres\/2940-enrico-macias-interview\">http:\/\/www.le-mensuel.fr\/index.php\/interviews\/67-itwmaitres\/2940-enrico-macias-interview<\/a><\/p>\n<p><em><strong>Enrico Macias en concert<\/strong> <\/em>Propos recueillis par Morgane Las Dit Peisson pour Le Mensuel<\/p>\n","protected":false},"excerpt":{"rendered":"<p>Interview Enrico MACIAS Jeudi 15 Mars 2012 &#8211; 20h30 &#8211; Le Pasino &#8211; AIX EN PROVENCE &#8211; 40\u20ac\u00a0 R\u00e9servez ici ! Vendredi 16 Mars 2012 &#8211; 20h45 &#8211; Th\u00e9\u00e2tre Galli &#8211; SANARY SUR MER &#8211; 41\u20ac\u00a0 R\u00e9servez ici ! Samedi &hellip;<\/p>\n<p class=\"read-more\"> <a class=\"more-link\" href=\"https:\/\/enricomaciasloriental.fr\/WordPress\/je-souhaite-finir-ma-vie-en-faisant-ce-metier\/\"> <span class=\"screen-reader-text\">\u00ab Je souhaite finir ma vie en faisant ce m\u00e9tier \u00bb<\/span> Read More &raquo;<\/a><\/p>\n","protected":false},"author":36,"featured_media":0,"comment_status":"open","ping_status":"open","sticky":false,"template":"","format":"standard","meta":{"footnotes":""},"categories":[1],"tags":[],"class_list":["post-4453","post","type-post","status-publish","format-standard","hentry","category-actualites"],"yoast_head":"<!-- This site is optimized with the Yoast SEO plugin v27.4 - https:\/\/yoast.com\/product\/yoast-seo-wordpress\/ -->\n<title>\u00ab Je souhaite finir ma vie en faisant ce m\u00e9tier \u00bb - ENRICO MACIAS L&#039;Oriental<\/title>\n<meta name=\"robots\" content=\"index, follow, max-snippet:-1, max-image-preview:large, max-video-preview:-1\" \/>\n<link rel=\"canonical\" href=\"https:\/\/enricomaciasloriental.fr\/WordPress\/je-souhaite-finir-ma-vie-en-faisant-ce-metier\/\" \/>\n<meta property=\"og:locale\" content=\"fr_FR\" \/>\n<meta property=\"og:type\" content=\"article\" \/>\n<meta property=\"og:title\" content=\"\u00ab Je souhaite finir ma vie en faisant ce m\u00e9tier \u00bb - ENRICO MACIAS L&#039;Oriental\" \/>\n<meta property=\"og:description\" content=\"Interview Enrico MACIAS Jeudi 15 Mars 2012 &#8211; 20h30 &#8211; Le Pasino &#8211; AIX EN PROVENCE &#8211; 40\u20ac\u00a0 R\u00e9servez ici ! Vendredi 16 Mars 2012 &#8211; 20h45 &#8211; Th\u00e9\u00e2tre Galli &#8211; SANARY SUR MER &#8211; 41\u20ac\u00a0 R\u00e9servez ici ! Samedi &hellip; \u00ab Je souhaite finir ma vie en faisant ce m\u00e9tier \u00bb Read More &raquo;\" \/>\n<meta property=\"og:url\" content=\"https:\/\/enricomaciasloriental.fr\/WordPress\/je-souhaite-finir-ma-vie-en-faisant-ce-metier\/\" \/>\n<meta property=\"og:site_name\" content=\"ENRICO MACIAS L&#039;Oriental\" \/>\n<meta property=\"article:published_time\" content=\"2012-03-15T06:26:15+00:00\" \/>\n<meta property=\"og:image\" content=\"http:\/\/enricomaciasloriental.fr\/WordPress\/wp-content\/uploads\/\/2012\/03\/enrico_macias_interview-202x300.jpg\" \/>\n<meta name=\"author\" content=\"Loriental\" \/>\n<meta name=\"twitter:card\" content=\"summary_large_image\" \/>\n<meta name=\"twitter:label1\" content=\"\u00c9crit par\" \/>\n\t<meta name=\"twitter:data1\" content=\"Loriental\" \/>\n\t<meta name=\"twitter:label2\" content=\"Dur\u00e9e de lecture estim\u00e9e\" \/>\n\t<meta name=\"twitter:data2\" content=\"2 minutes\" \/>\n<script type=\"application\/ld+json\" class=\"yoast-schema-graph\">{\"@context\":\"https:\\\/\\\/schema.org\",\"@graph\":[{\"@type\":\"Article\",\"@id\":\"https:\\\/\\\/enricomaciasloriental.fr\\\/WordPress\\\/je-souhaite-finir-ma-vie-en-faisant-ce-metier\\\/#article\",\"isPartOf\":{\"@id\":\"https:\\\/\\\/enricomaciasloriental.fr\\\/WordPress\\\/je-souhaite-finir-ma-vie-en-faisant-ce-metier\\\/\"},\"author\":{\"name\":\"Loriental\",\"@id\":\"https:\\\/\\\/enricomaciasloriental.fr\\\/WordPress\\\/#\\\/schema\\\/person\\\/53fba112c6f4f0b335578890a816262e\"},\"headline\":\"\u00ab Je souhaite finir ma vie en faisant ce m\u00e9tier \u00bb\",\"datePublished\":\"2012-03-15T06:26:15+00:00\",\"mainEntityOfPage\":{\"@id\":\"https:\\\/\\\/enricomaciasloriental.fr\\\/WordPress\\\/je-souhaite-finir-ma-vie-en-faisant-ce-metier\\\/\"},\"wordCount\":471,\"commentCount\":0,\"publisher\":{\"@id\":\"https:\\\/\\\/enricomaciasloriental.fr\\\/WordPress\\\/#\\\/schema\\\/person\\\/53fba112c6f4f0b335578890a816262e\"},\"image\":{\"@id\":\"https:\\\/\\\/enricomaciasloriental.fr\\\/WordPress\\\/je-souhaite-finir-ma-vie-en-faisant-ce-metier\\\/#primaryimage\"},\"thumbnailUrl\":\"http:\\\/\\\/enricomaciasloriental.fr\\\/WordPress\\\/wp-content\\\/uploads\\\/\\\/2012\\\/03\\\/enrico_macias_interview-202x300.jpg\",\"articleSection\":[\"Actualit\u00e9s\"],\"inLanguage\":\"fr-FR\",\"potentialAction\":[{\"@type\":\"CommentAction\",\"name\":\"Comment\",\"target\":[\"https:\\\/\\\/enricomaciasloriental.fr\\\/WordPress\\\/je-souhaite-finir-ma-vie-en-faisant-ce-metier\\\/#respond\"]}]},{\"@type\":\"WebPage\",\"@id\":\"https:\\\/\\\/enricomaciasloriental.fr\\\/WordPress\\\/je-souhaite-finir-ma-vie-en-faisant-ce-metier\\\/\",\"url\":\"https:\\\/\\\/enricomaciasloriental.fr\\\/WordPress\\\/je-souhaite-finir-ma-vie-en-faisant-ce-metier\\\/\",\"name\":\"\u00ab Je souhaite finir ma vie en faisant ce m\u00e9tier \u00bb - ENRICO MACIAS L&#039;Oriental\",\"isPartOf\":{\"@id\":\"https:\\\/\\\/enricomaciasloriental.fr\\\/WordPress\\\/#website\"},\"primaryImageOfPage\":{\"@id\":\"https:\\\/\\\/enricomaciasloriental.fr\\\/WordPress\\\/je-souhaite-finir-ma-vie-en-faisant-ce-metier\\\/#primaryimage\"},\"image\":{\"@id\":\"https:\\\/\\\/enricomaciasloriental.fr\\\/WordPress\\\/je-souhaite-finir-ma-vie-en-faisant-ce-metier\\\/#primaryimage\"},\"thumbnailUrl\":\"http:\\\/\\\/enricomaciasloriental.fr\\\/WordPress\\\/wp-content\\\/uploads\\\/\\\/2012\\\/03\\\/enrico_macias_interview-202x300.jpg\",\"datePublished\":\"2012-03-15T06:26:15+00:00\",\"breadcrumb\":{\"@id\":\"https:\\\/\\\/enricomaciasloriental.fr\\\/WordPress\\\/je-souhaite-finir-ma-vie-en-faisant-ce-metier\\\/#breadcrumb\"},\"inLanguage\":\"fr-FR\",\"potentialAction\":[{\"@type\":\"ReadAction\",\"target\":[\"https:\\\/\\\/enricomaciasloriental.fr\\\/WordPress\\\/je-souhaite-finir-ma-vie-en-faisant-ce-metier\\\/\"]}]},{\"@type\":\"ImageObject\",\"inLanguage\":\"fr-FR\",\"@id\":\"https:\\\/\\\/enricomaciasloriental.fr\\\/WordPress\\\/je-souhaite-finir-ma-vie-en-faisant-ce-metier\\\/#primaryimage\",\"url\":\"https:\\\/\\\/enricomaciasloriental.fr\\\/WordPress\\\/wp-content\\\/uploads\\\/\\\/2012\\\/03\\\/enrico_macias_interview.jpg\",\"contentUrl\":\"https:\\\/\\\/enricomaciasloriental.fr\\\/WordPress\\\/wp-content\\\/uploads\\\/\\\/2012\\\/03\\\/enrico_macias_interview.jpg\",\"width\":\"473\",\"height\":\"700\"},{\"@type\":\"BreadcrumbList\",\"@id\":\"https:\\\/\\\/enricomaciasloriental.fr\\\/WordPress\\\/je-souhaite-finir-ma-vie-en-faisant-ce-metier\\\/#breadcrumb\",\"itemListElement\":[{\"@type\":\"ListItem\",\"position\":1,\"name\":\"Accueil\",\"item\":\"https:\\\/\\\/enricomaciasloriental.fr\\\/WordPress\\\/\"},{\"@type\":\"ListItem\",\"position\":2,\"name\":\"\u00ab Je souhaite finir ma vie en faisant ce m\u00e9tier \u00bb\"}]},{\"@type\":\"WebSite\",\"@id\":\"https:\\\/\\\/enricomaciasloriental.fr\\\/WordPress\\\/#website\",\"url\":\"https:\\\/\\\/enricomaciasloriental.fr\\\/WordPress\\\/\",\"name\":\"ENRICO MACIAS L'Oriental\",\"description\":\"IL EST COMME LE SOLEIL\",\"publisher\":{\"@id\":\"https:\\\/\\\/enricomaciasloriental.fr\\\/WordPress\\\/#\\\/schema\\\/person\\\/53fba112c6f4f0b335578890a816262e\"},\"potentialAction\":[{\"@type\":\"SearchAction\",\"target\":{\"@type\":\"EntryPoint\",\"urlTemplate\":\"https:\\\/\\\/enricomaciasloriental.fr\\\/WordPress\\\/?s={search_term_string}\"},\"query-input\":{\"@type\":\"PropertyValueSpecification\",\"valueRequired\":true,\"valueName\":\"search_term_string\"}}],\"inLanguage\":\"fr-FR\"},{\"@type\":[\"Person\",\"Organization\"],\"@id\":\"https:\\\/\\\/enricomaciasloriental.fr\\\/WordPress\\\/#\\\/schema\\\/person\\\/53fba112c6f4f0b335578890a816262e\",\"name\":\"Loriental\",\"image\":{\"@type\":\"ImageObject\",\"inLanguage\":\"fr-FR\",\"@id\":\"https:\\\/\\\/enricomaciasloriental.fr\\\/WordPress\\\/wp-content\\\/uploads\\\/\\\/2015\\\/02\\\/cropped-bannier_altaiir-enrico.jpg\",\"url\":\"https:\\\/\\\/enricomaciasloriental.fr\\\/WordPress\\\/wp-content\\\/uploads\\\/\\\/2015\\\/02\\\/cropped-bannier_altaiir-enrico.jpg\",\"contentUrl\":\"https:\\\/\\\/enricomaciasloriental.fr\\\/WordPress\\\/wp-content\\\/uploads\\\/\\\/2015\\\/02\\\/cropped-bannier_altaiir-enrico.jpg\",\"width\":1200,\"height\":150,\"caption\":\"Loriental\"},\"logo\":{\"@id\":\"https:\\\/\\\/enricomaciasloriental.fr\\\/WordPress\\\/wp-content\\\/uploads\\\/\\\/2015\\\/02\\\/cropped-bannier_altaiir-enrico.jpg\"},\"sameAs\":[\"http:\\\/\\\/www.enricomaciasloriental.fr\\\/\"]}]}<\/script>\n<!-- \/ Yoast SEO plugin. -->","yoast_head_json":{"title":"\u00ab Je souhaite finir ma vie en faisant ce m\u00e9tier \u00bb - ENRICO MACIAS L&#039;Oriental","robots":{"index":"index","follow":"follow","max-snippet":"max-snippet:-1","max-image-preview":"max-image-preview:large","max-video-preview":"max-video-preview:-1"},"canonical":"https:\/\/enricomaciasloriental.fr\/WordPress\/je-souhaite-finir-ma-vie-en-faisant-ce-metier\/","og_locale":"fr_FR","og_type":"article","og_title":"\u00ab Je souhaite finir ma vie en faisant ce m\u00e9tier \u00bb - ENRICO MACIAS L&#039;Oriental","og_description":"Interview Enrico MACIAS Jeudi 15 Mars 2012 &#8211; 20h30 &#8211; Le Pasino &#8211; AIX EN PROVENCE &#8211; 40\u20ac\u00a0 R\u00e9servez ici ! Vendredi 16 Mars 2012 &#8211; 20h45 &#8211; Th\u00e9\u00e2tre Galli &#8211; SANARY SUR MER &#8211; 41\u20ac\u00a0 R\u00e9servez ici ! Samedi &hellip; \u00ab Je souhaite finir ma vie en faisant ce m\u00e9tier \u00bb Read More &raquo;","og_url":"https:\/\/enricomaciasloriental.fr\/WordPress\/je-souhaite-finir-ma-vie-en-faisant-ce-metier\/","og_site_name":"ENRICO MACIAS L&#039;Oriental","article_published_time":"2012-03-15T06:26:15+00:00","og_image":[{"url":"http:\/\/enricomaciasloriental.fr\/WordPress\/wp-content\/uploads\/\/2012\/03\/enrico_macias_interview-202x300.jpg","type":"","width":"","height":""}],"author":"Loriental","twitter_card":"summary_large_image","twitter_misc":{"\u00c9crit par":"Loriental","Dur\u00e9e de lecture estim\u00e9e":"2 minutes"},"schema":{"@context":"https:\/\/schema.org","@graph":[{"@type":"Article","@id":"https:\/\/enricomaciasloriental.fr\/WordPress\/je-souhaite-finir-ma-vie-en-faisant-ce-metier\/#article","isPartOf":{"@id":"https:\/\/enricomaciasloriental.fr\/WordPress\/je-souhaite-finir-ma-vie-en-faisant-ce-metier\/"},"author":{"name":"Loriental","@id":"https:\/\/enricomaciasloriental.fr\/WordPress\/#\/schema\/person\/53fba112c6f4f0b335578890a816262e"},"headline":"\u00ab Je souhaite finir ma vie en faisant ce m\u00e9tier \u00bb","datePublished":"2012-03-15T06:26:15+00:00","mainEntityOfPage":{"@id":"https:\/\/enricomaciasloriental.fr\/WordPress\/je-souhaite-finir-ma-vie-en-faisant-ce-metier\/"},"wordCount":471,"commentCount":0,"publisher":{"@id":"https:\/\/enricomaciasloriental.fr\/WordPress\/#\/schema\/person\/53fba112c6f4f0b335578890a816262e"},"image":{"@id":"https:\/\/enricomaciasloriental.fr\/WordPress\/je-souhaite-finir-ma-vie-en-faisant-ce-metier\/#primaryimage"},"thumbnailUrl":"http:\/\/enricomaciasloriental.fr\/WordPress\/wp-content\/uploads\/\/2012\/03\/enrico_macias_interview-202x300.jpg","articleSection":["Actualit\u00e9s"],"inLanguage":"fr-FR","potentialAction":[{"@type":"CommentAction","name":"Comment","target":["https:\/\/enricomaciasloriental.fr\/WordPress\/je-souhaite-finir-ma-vie-en-faisant-ce-metier\/#respond"]}]},{"@type":"WebPage","@id":"https:\/\/enricomaciasloriental.fr\/WordPress\/je-souhaite-finir-ma-vie-en-faisant-ce-metier\/","url":"https:\/\/enricomaciasloriental.fr\/WordPress\/je-souhaite-finir-ma-vie-en-faisant-ce-metier\/","name":"\u00ab Je souhaite finir ma vie en faisant ce m\u00e9tier \u00bb - ENRICO MACIAS L&#039;Oriental","isPartOf":{"@id":"https:\/\/enricomaciasloriental.fr\/WordPress\/#website"},"primaryImageOfPage":{"@id":"https:\/\/enricomaciasloriental.fr\/WordPress\/je-souhaite-finir-ma-vie-en-faisant-ce-metier\/#primaryimage"},"image":{"@id":"https:\/\/enricomaciasloriental.fr\/WordPress\/je-souhaite-finir-ma-vie-en-faisant-ce-metier\/#primaryimage"},"thumbnailUrl":"http:\/\/enricomaciasloriental.fr\/WordPress\/wp-content\/uploads\/\/2012\/03\/enrico_macias_interview-202x300.jpg","datePublished":"2012-03-15T06:26:15+00:00","breadcrumb":{"@id":"https:\/\/enricomaciasloriental.fr\/WordPress\/je-souhaite-finir-ma-vie-en-faisant-ce-metier\/#breadcrumb"},"inLanguage":"fr-FR","potentialAction":[{"@type":"ReadAction","target":["https:\/\/enricomaciasloriental.fr\/WordPress\/je-souhaite-finir-ma-vie-en-faisant-ce-metier\/"]}]},{"@type":"ImageObject","inLanguage":"fr-FR","@id":"https:\/\/enricomaciasloriental.fr\/WordPress\/je-souhaite-finir-ma-vie-en-faisant-ce-metier\/#primaryimage","url":"https:\/\/enricomaciasloriental.fr\/WordPress\/wp-content\/uploads\/\/2012\/03\/enrico_macias_interview.jpg","contentUrl":"https:\/\/enricomaciasloriental.fr\/WordPress\/wp-content\/uploads\/\/2012\/03\/enrico_macias_interview.jpg","width":"473","height":"700"},{"@type":"BreadcrumbList","@id":"https:\/\/enricomaciasloriental.fr\/WordPress\/je-souhaite-finir-ma-vie-en-faisant-ce-metier\/#breadcrumb","itemListElement":[{"@type":"ListItem","position":1,"name":"Accueil","item":"https:\/\/enricomaciasloriental.fr\/WordPress\/"},{"@type":"ListItem","position":2,"name":"\u00ab Je souhaite finir ma vie en faisant ce m\u00e9tier \u00bb"}]},{"@type":"WebSite","@id":"https:\/\/enricomaciasloriental.fr\/WordPress\/#website","url":"https:\/\/enricomaciasloriental.fr\/WordPress\/","name":"ENRICO MACIAS L'Oriental","description":"IL EST COMME LE SOLEIL","publisher":{"@id":"https:\/\/enricomaciasloriental.fr\/WordPress\/#\/schema\/person\/53fba112c6f4f0b335578890a816262e"},"potentialAction":[{"@type":"SearchAction","target":{"@type":"EntryPoint","urlTemplate":"https:\/\/enricomaciasloriental.fr\/WordPress\/?s={search_term_string}"},"query-input":{"@type":"PropertyValueSpecification","valueRequired":true,"valueName":"search_term_string"}}],"inLanguage":"fr-FR"},{"@type":["Person","Organization"],"@id":"https:\/\/enricomaciasloriental.fr\/WordPress\/#\/schema\/person\/53fba112c6f4f0b335578890a816262e","name":"Loriental","image":{"@type":"ImageObject","inLanguage":"fr-FR","@id":"https:\/\/enricomaciasloriental.fr\/WordPress\/wp-content\/uploads\/\/2015\/02\/cropped-bannier_altaiir-enrico.jpg","url":"https:\/\/enricomaciasloriental.fr\/WordPress\/wp-content\/uploads\/\/2015\/02\/cropped-bannier_altaiir-enrico.jpg","contentUrl":"https:\/\/enricomaciasloriental.fr\/WordPress\/wp-content\/uploads\/\/2015\/02\/cropped-bannier_altaiir-enrico.jpg","width":1200,"height":150,"caption":"Loriental"},"logo":{"@id":"https:\/\/enricomaciasloriental.fr\/WordPress\/wp-content\/uploads\/\/2015\/02\/cropped-bannier_altaiir-enrico.jpg"},"sameAs":["http:\/\/www.enricomaciasloriental.fr\/"]}]}},"featured_image_src":"","featured_image_src_square":false,"author_info":{"display_name":"Loriental","author_link":"https:\/\/enricomaciasloriental.fr\/WordPress\/author\/admin9234\/"},"rbea_author_info":{"display_name":"Loriental","author_link":"https:\/\/enricomaciasloriental.fr\/WordPress\/author\/admin9234\/"},"rbea_excerpt_info":"Interview Enrico MACIAS Jeudi 15 Mars 2012 &#8211; 20h30 &#8211; Le Pasino &#8211; AIX EN PROVENCE &#8211; 40\u20ac\u00a0 R\u00e9servez ici ! Vendredi 16 Mars 2012 &#8211; 20h45 &#8211; Th\u00e9\u00e2tre Galli &#8211; SANARY SUR MER &#8211; 41\u20ac\u00a0 R\u00e9servez ici ! Samedi &hellip;<p class=\"read-more\"> <a class=\"more-link\" href=\"https:\/\/enricomaciasloriental.fr\/WordPress\/je-souhaite-finir-ma-vie-en-faisant-ce-metier\/\"> <span class=\"screen-reader-text\">\u00ab Je souhaite finir ma vie en faisant ce m\u00e9tier \u00bb<\/span> Read More &raquo;<\/a><\/p>","category_list":"<a href=\"https:\/\/enricomaciasloriental.fr\/WordPress\/category\/actualites\/\">Actualit\u00e9s<\/a>","comments_num":"0 comments","_links":{"self":[{"href":"https:\/\/enricomaciasloriental.fr\/WordPress\/wp-json\/wp\/v2\/posts\/4453","targetHints":{"allow":["GET"]}}],"collection":[{"href":"https:\/\/enricomaciasloriental.fr\/WordPress\/wp-json\/wp\/v2\/posts"}],"about":[{"href":"https:\/\/enricomaciasloriental.fr\/WordPress\/wp-json\/wp\/v2\/types\/post"}],"author":[{"embeddable":true,"href":"https:\/\/enricomaciasloriental.fr\/WordPress\/wp-json\/wp\/v2\/users\/36"}],"replies":[{"embeddable":true,"href":"https:\/\/enricomaciasloriental.fr\/WordPress\/wp-json\/wp\/v2\/comments?post=4453"}],"version-history":[{"count":0,"href":"https:\/\/enricomaciasloriental.fr\/WordPress\/wp-json\/wp\/v2\/posts\/4453\/revisions"}],"wp:attachment":[{"href":"https:\/\/enricomaciasloriental.fr\/WordPress\/wp-json\/wp\/v2\/media?parent=4453"}],"wp:term":[{"taxonomy":"category","embeddable":true,"href":"https:\/\/enricomaciasloriental.fr\/WordPress\/wp-json\/wp\/v2\/categories?post=4453"},{"taxonomy":"post_tag","embeddable":true,"href":"https:\/\/enricomaciasloriental.fr\/WordPress\/wp-json\/wp\/v2\/tags?post=4453"}],"curies":[{"name":"wp","href":"https:\/\/api.w.org\/{rel}","templated":true}]}}