{"id":4749,"date":"2012-06-21T17:22:26","date_gmt":"2012-06-21T15:22:26","guid":{"rendered":"http:\/\/enricomaciasloriental.fr\/WordPress\/?p=4749"},"modified":"2012-06-21T17:22:26","modified_gmt":"2012-06-21T15:22:26","slug":"enrico-macias-donner-lespoir-aux-pieds-noirs-et-aux-harkis","status":"publish","type":"post","link":"https:\/\/enricomaciasloriental.fr\/WordPress\/enrico-macias-donner-lespoir-aux-pieds-noirs-et-aux-harkis\/","title":{"rendered":"Enrico Macias: \u00ab\u00a0Donner l&rsquo;espoir aux pieds-noirs et aux harkis\u00a0\u00bb"},"content":{"rendered":"<p><a href=\"https:\/\/enricomaciasloriental.fr\/WordPress\/wp-content\/uploads\/\/2012\/06\/image-quay-17440721-small.jpg\"><img fetchpriority=\"high\" decoding=\"async\" class=\"alignleft size-medium wp-image-4750\" title=\"image-quay-17440721-small\" src=\"https:\/\/enricomaciasloriental.fr\/WordPress\/wp-content\/uploads\/\/2012\/06\/image-quay-17440721-small-300x297.jpg\" alt=\"\" width=\"300\" height=\"297\" srcset=\"https:\/\/enricomaciasloriental.fr\/WordPress\/wp-content\/uploads\/2012\/06\/image-quay-17440721-small-300x297.jpg 300w, https:\/\/enricomaciasloriental.fr\/WordPress\/wp-content\/uploads\/2012\/06\/image-quay-17440721-small-150x150.jpg 150w, https:\/\/enricomaciasloriental.fr\/WordPress\/wp-content\/uploads\/2012\/06\/image-quay-17440721-small.jpg 500w\" sizes=\"(max-width: 300px) 100vw, 300px\" \/><\/a>\u00ab Le drame, c\u2019est que nous n\u2019avons pas fini notre deuil. Nos racines ont \u00e9t\u00e9 bafou\u00e9es, nous n\u2019arrivons pas \u00e0 cicatriser \u00bb, d\u00e9plore Enrico Macias, qui viendra, demain soir, chanter pour tous.(Photo Frantz Bouton)<\/p>\n<p><strong><\/strong><\/p>\n<p><strong>L\u2019auteur d\u2019Adieu mon pays vient c\u00e9l\u00e9brer les souvenirs des rapatri\u00e9s d\u2019Alg\u00e9rieen chansons, demain soir, place de la Libert\u00e9 \u00e0 Toulon, devant des milliers de personnes<\/strong><\/p>\n<p>L&rsquo;\u00e9v\u00e9nement \u00e0 Toulon ce mois-ci, c&rsquo;est le cinquanti\u00e8me anniversaire de l&rsquo;arriv\u00e9e des Fran\u00e7ais d&rsquo;Alg\u00e9rie. \u00c0 partir du 22 juin, une exposition-souvenir rassemble, au Mus\u00e9e d&rsquo;art de Toulon (dans la salle de l&rsquo;ancien mus\u00e9um, boulevard du G\u00e9n\u00e9ral Leclerc), des objets, photographies et t\u00e9moignages. En lien avec cette r\u00e9trospective, Enrico Macias sera sur la place de la Libert\u00e9, vendredi soir, pour partager ses souvenirs en chansons. Rencontre.<\/p>\n<p><strong>Ce cinquanti\u00e8me anniversaire signifie quoi pour vous ?<\/strong><\/p>\n<p>C&rsquo;est un d\u00e9part douloureux et une reconstruction en France un peu difficile. J&rsquo;\u00e9tais instituteur, mais je n&rsquo;ai pas eu de poste. Heureusement, j&rsquo;avais ma guitare\u2026 C&rsquo;est aussi le d\u00e9but d&rsquo;une longue histoire d&rsquo;amour avec le public fran\u00e7ais, les pieds-noirs et les harkis. Et puis, c&rsquo;est le cinquanti\u00e8me anniversaire de mon mariage avec Suzy\u2026<\/p>\n<p><strong>Qu&rsquo;est-ce qu&rsquo;\u00eatre pied-noir aujourd&rsquo;hui ? Comment vivent vos enfants et petits enfants ?<\/strong><\/p>\n<p>J&rsquo;ai deux enfants, cinq petits-enfants, trois gar\u00e7ons et deux filles. Ils sont tr\u00e8s proches de moi. Ils veulent savoir d&rsquo;o\u00f9 ils viennent, voir le pays o\u00f9 sont n\u00e9s leurs parents. Le ressenti pied-noir ne s&rsquo;\u00e9teindra pas avec ma g\u00e9n\u00e9ration. Il y a toujours la m\u00e9moire, le respect d&rsquo;une situation dramatique, la douleur d&rsquo;avoir perdu des \u00eatres chers. Le drame, c&rsquo;est que nous n&rsquo;avons pas fini notre deuil. Je pense encore \u00e0 tous ceux qui ont \u00e9t\u00e9 enlev\u00e9s et dont on a perdu la trace. Nos racines ont \u00e9t\u00e9 bafou\u00e9es, nous n&rsquo;arrivons pas \u00e0 cicatriser.<\/p>\n<p><strong>Qu&rsquo;est que la libert\u00e9 pour vous ?<\/strong><\/p>\n<p>Pouvoir se balader dans la rue sans crainte. La libert\u00e9 de pouvoir s&rsquo;exprimer. J&rsquo;avais entre 15 et 22 ans, j&rsquo;ai connu la violence, la peur, la douleur. Je n&rsquo;ai pas eu de jeunesse. Heureusement, j&rsquo;avais la musique et Suzy.<\/p>\n<p><strong>Vous avez port\u00e9 le symbole de l&rsquo;exil et \u0153uvr\u00e9 \u00e0 la r\u00e9conciliation. Cette qu\u00eate est toujours pr\u00e9sente ?<\/strong><\/p>\n<p>Elle restera en moi. C&rsquo;est mon d\u00e9sir le plus cher. Je suis un inconditionnel pacifiste, malgr\u00e9 toutes les humiliations que j&rsquo;ai subies.<\/p>\n<p><strong>On vous a refus\u00e9 en Alg\u00e9rie ?<\/strong><\/p>\n<p>Pour un voyage officiel avec Nicolas Sarkozy, les autorit\u00e9s s&rsquo;y sont oppos\u00e9es. Je n&rsquo;ai pas compris.<\/p>\n<p><strong>Vous avez toujours soutenu Nicolas Sarkozy, sans \u00eatre ni de gauche ni de droite, pourquoi ?<\/strong><\/p>\n<p>Parce que c&rsquo;est un grand homme. Un humaniste, un homme de parole, fid\u00e8le en amiti\u00e9, d\u00e9fenseur de la France. Il va beaucoup manquer.<\/p>\n<p><strong>Que pensez-vous de l&rsquo;ouverture du th\u00e9\u00e2tre Libert\u00e9 sur la M\u00e9diterran\u00e9e ?<\/strong><\/p>\n<p>Cette volont\u00e9 d&rsquo;universalit\u00e9 correspond \u00e0 mes valeurs. C&rsquo;est de l&rsquo;amour. Et l&rsquo;amour, c&rsquo;est l&rsquo;\u00e9change.<\/p>\n<p><strong>Avez-vous un lien particulier avec Toulon ?<\/strong><\/p>\n<p>Oh oui ! Je me rappelle\u2026 quand on est arriv\u00e9s, on allait passer nos vacances \u00e0 Toulon. On se baignait au Mourillon. J&rsquo;aimais aussi le foot. La ville me rappelle aussi mes premiers spectacles, et notamment une premi\u00e8re partie de Gilbert B\u00e9caud dans l&rsquo;\u00e9mission t\u00e9l\u00e9 <em>Cinq colonnes \u00e0 la une.<\/em><\/p>\n<p><strong>Vous avez f\u00eat\u00e9 vos cinquante ans de carri\u00e8re en 2012. On vous aime toujours\u2026<\/strong><\/p>\n<p>Cinquante ans ! C&rsquo;est un sacr\u00e9 privil\u00e8ge ! \u00c7a efface tous les \u00e9checs, les bons et les mauvais moments. Quoi qu&rsquo;il en soit, je ne regrette rien. Je me suis construit. J&rsquo;ai dout\u00e9. Mais c&rsquo;est bien ! Cela permet de recr\u00e9er, de se renouveler.<\/p>\n<p><strong>Comment allez-vous aujourd&rsquo;hui ?<\/strong><\/p>\n<p>Assez bien. Mais je ne supporte pas la disparition de ma femme. Elle est d\u00e9c\u00e9d\u00e9e il y a quatre ans, et pour moi, c&rsquo;est hier. Je tiens gr\u00e2ce \u00e0 l&rsquo;amour de mes enfants, de mon public.<\/p>\n<p><strong>Quelle est votre chanson f\u00e9tiche ?<\/strong><\/p>\n<p>La premi\u00e8re, celle qui a construit ma carri\u00e8re : <em>Adieu mon pays !<\/em>C&rsquo;est aussi l&rsquo;anniversaire de cette chanson, cette ann\u00e9e. Savez-vous qu&rsquo;il n&rsquo;y a pas un seul tour chant o\u00f9 je ne l&rsquo;ai pas reprise ?<\/p>\n<p><strong>Qu&rsquo;avez-vous envie de donner ce vendredi soir ?<\/strong><\/p>\n<p>L&rsquo;espoir \u00e0 tous les pieds-noirs et tous les harkis (ils sont souvent oubli\u00e9s mais la situation a \u00e9t\u00e9 dramatique pour eux). J&rsquo;ai envie de cr\u00e9er un mouvement de fraternit\u00e9 entre toutes les communaut\u00e9s\u2026<\/p>\n<p>&nbsp;<\/p>\n<p>Article paru sur Var matin ICI : <a href=\"http:\/\/www.varmatin.com\/societe\/enrico-macias-donner-lespoir-aux-pieds-noirs-et-aux-harkis.895643.html\">http:\/\/www.varmatin.com\/societe\/enrico-macias-donner-lespoir-aux-pieds-noirs-et-aux-harkis.895643.html<\/a><\/p>\n","protected":false},"excerpt":{"rendered":"<p>\u00ab Le drame, c\u2019est que nous n\u2019avons pas fini notre deuil. Nos racines ont \u00e9t\u00e9 bafou\u00e9es, nous n\u2019arrivons pas \u00e0 cicatriser \u00bb, d\u00e9plore Enrico Macias, qui viendra, demain soir, chanter pour tous.(Photo Frantz Bouton) L\u2019auteur d\u2019Adieu mon pays vient c\u00e9l\u00e9brer &hellip;<\/p>\n<p class=\"read-more\"> <a class=\"more-link\" href=\"https:\/\/enricomaciasloriental.fr\/WordPress\/enrico-macias-donner-lespoir-aux-pieds-noirs-et-aux-harkis\/\"> <span class=\"screen-reader-text\">Enrico Macias: \u00ab\u00a0Donner l&rsquo;espoir aux pieds-noirs et aux harkis\u00a0\u00bb<\/span> Read More &raquo;<\/a><\/p>\n","protected":false},"author":36,"featured_media":0,"comment_status":"open","ping_status":"open","sticky":false,"template":"","format":"standard","meta":{"footnotes":""},"categories":[1],"tags":[],"class_list":["post-4749","post","type-post","status-publish","format-standard","hentry","category-actualites"],"yoast_head":"<!-- This site is optimized with the Yoast SEO plugin v27.4 - https:\/\/yoast.com\/product\/yoast-seo-wordpress\/ -->\n<title>Enrico Macias: &quot;Donner l&#039;espoir aux pieds-noirs et aux harkis&quot; - ENRICO MACIAS L&#039;Oriental<\/title>\n<meta name=\"robots\" content=\"index, follow, max-snippet:-1, max-image-preview:large, max-video-preview:-1\" \/>\n<link rel=\"canonical\" href=\"https:\/\/enricomaciasloriental.fr\/WordPress\/enrico-macias-donner-lespoir-aux-pieds-noirs-et-aux-harkis\/\" \/>\n<meta property=\"og:locale\" content=\"fr_FR\" \/>\n<meta property=\"og:type\" content=\"article\" \/>\n<meta property=\"og:title\" content=\"Enrico Macias: &quot;Donner l&#039;espoir aux pieds-noirs et aux harkis&quot; - ENRICO MACIAS L&#039;Oriental\" \/>\n<meta property=\"og:description\" content=\"\u00ab Le drame, c\u2019est que nous n\u2019avons pas fini notre deuil. Nos racines ont \u00e9t\u00e9 bafou\u00e9es, nous n\u2019arrivons pas \u00e0 cicatriser \u00bb, d\u00e9plore Enrico Macias, qui viendra, demain soir, chanter pour tous.(Photo Frantz Bouton) L\u2019auteur d\u2019Adieu mon pays vient c\u00e9l\u00e9brer &hellip; Enrico Macias: \u00ab\u00a0Donner l&rsquo;espoir aux pieds-noirs et aux harkis\u00a0\u00bb Read More &raquo;\" \/>\n<meta property=\"og:url\" content=\"https:\/\/enricomaciasloriental.fr\/WordPress\/enrico-macias-donner-lespoir-aux-pieds-noirs-et-aux-harkis\/\" \/>\n<meta property=\"og:site_name\" content=\"ENRICO MACIAS L&#039;Oriental\" \/>\n<meta property=\"article:published_time\" content=\"2012-06-21T15:22:26+00:00\" \/>\n<meta property=\"og:image\" content=\"http:\/\/enricomaciasloriental.fr\/WordPress\/wp-content\/uploads\/\/2012\/06\/image-quay-17440721-small-300x297.jpg\" \/>\n<meta name=\"author\" content=\"Loriental\" \/>\n<meta name=\"twitter:card\" content=\"summary_large_image\" \/>\n<meta name=\"twitter:label1\" content=\"\u00c9crit par\" \/>\n\t<meta name=\"twitter:data1\" content=\"Loriental\" \/>\n\t<meta name=\"twitter:label2\" content=\"Dur\u00e9e de lecture estim\u00e9e\" \/>\n\t<meta name=\"twitter:data2\" content=\"4 minutes\" \/>\n<script type=\"application\/ld+json\" class=\"yoast-schema-graph\">{\"@context\":\"https:\\\/\\\/schema.org\",\"@graph\":[{\"@type\":\"Article\",\"@id\":\"https:\\\/\\\/enricomaciasloriental.fr\\\/WordPress\\\/enrico-macias-donner-lespoir-aux-pieds-noirs-et-aux-harkis\\\/#article\",\"isPartOf\":{\"@id\":\"https:\\\/\\\/enricomaciasloriental.fr\\\/WordPress\\\/enrico-macias-donner-lespoir-aux-pieds-noirs-et-aux-harkis\\\/\"},\"author\":{\"name\":\"Loriental\",\"@id\":\"https:\\\/\\\/enricomaciasloriental.fr\\\/WordPress\\\/#\\\/schema\\\/person\\\/53fba112c6f4f0b335578890a816262e\"},\"headline\":\"Enrico Macias: \u00ab\u00a0Donner l&rsquo;espoir aux pieds-noirs et aux harkis\u00a0\u00bb\",\"datePublished\":\"2012-06-21T15:22:26+00:00\",\"mainEntityOfPage\":{\"@id\":\"https:\\\/\\\/enricomaciasloriental.fr\\\/WordPress\\\/enrico-macias-donner-lespoir-aux-pieds-noirs-et-aux-harkis\\\/\"},\"wordCount\":820,\"commentCount\":0,\"publisher\":{\"@id\":\"https:\\\/\\\/enricomaciasloriental.fr\\\/WordPress\\\/#\\\/schema\\\/person\\\/53fba112c6f4f0b335578890a816262e\"},\"image\":{\"@id\":\"https:\\\/\\\/enricomaciasloriental.fr\\\/WordPress\\\/enrico-macias-donner-lespoir-aux-pieds-noirs-et-aux-harkis\\\/#primaryimage\"},\"thumbnailUrl\":\"http:\\\/\\\/enricomaciasloriental.fr\\\/WordPress\\\/wp-content\\\/uploads\\\/\\\/2012\\\/06\\\/image-quay-17440721-small-300x297.jpg\",\"articleSection\":[\"Actualit\u00e9s\"],\"inLanguage\":\"fr-FR\",\"potentialAction\":[{\"@type\":\"CommentAction\",\"name\":\"Comment\",\"target\":[\"https:\\\/\\\/enricomaciasloriental.fr\\\/WordPress\\\/enrico-macias-donner-lespoir-aux-pieds-noirs-et-aux-harkis\\\/#respond\"]}]},{\"@type\":\"WebPage\",\"@id\":\"https:\\\/\\\/enricomaciasloriental.fr\\\/WordPress\\\/enrico-macias-donner-lespoir-aux-pieds-noirs-et-aux-harkis\\\/\",\"url\":\"https:\\\/\\\/enricomaciasloriental.fr\\\/WordPress\\\/enrico-macias-donner-lespoir-aux-pieds-noirs-et-aux-harkis\\\/\",\"name\":\"Enrico Macias: \\\"Donner l'espoir aux pieds-noirs et aux harkis\\\" - ENRICO MACIAS L&#039;Oriental\",\"isPartOf\":{\"@id\":\"https:\\\/\\\/enricomaciasloriental.fr\\\/WordPress\\\/#website\"},\"primaryImageOfPage\":{\"@id\":\"https:\\\/\\\/enricomaciasloriental.fr\\\/WordPress\\\/enrico-macias-donner-lespoir-aux-pieds-noirs-et-aux-harkis\\\/#primaryimage\"},\"image\":{\"@id\":\"https:\\\/\\\/enricomaciasloriental.fr\\\/WordPress\\\/enrico-macias-donner-lespoir-aux-pieds-noirs-et-aux-harkis\\\/#primaryimage\"},\"thumbnailUrl\":\"http:\\\/\\\/enricomaciasloriental.fr\\\/WordPress\\\/wp-content\\\/uploads\\\/\\\/2012\\\/06\\\/image-quay-17440721-small-300x297.jpg\",\"datePublished\":\"2012-06-21T15:22:26+00:00\",\"breadcrumb\":{\"@id\":\"https:\\\/\\\/enricomaciasloriental.fr\\\/WordPress\\\/enrico-macias-donner-lespoir-aux-pieds-noirs-et-aux-harkis\\\/#breadcrumb\"},\"inLanguage\":\"fr-FR\",\"potentialAction\":[{\"@type\":\"ReadAction\",\"target\":[\"https:\\\/\\\/enricomaciasloriental.fr\\\/WordPress\\\/enrico-macias-donner-lespoir-aux-pieds-noirs-et-aux-harkis\\\/\"]}]},{\"@type\":\"ImageObject\",\"inLanguage\":\"fr-FR\",\"@id\":\"https:\\\/\\\/enricomaciasloriental.fr\\\/WordPress\\\/enrico-macias-donner-lespoir-aux-pieds-noirs-et-aux-harkis\\\/#primaryimage\",\"url\":\"https:\\\/\\\/enricomaciasloriental.fr\\\/WordPress\\\/wp-content\\\/uploads\\\/\\\/2012\\\/06\\\/image-quay-17440721-small.jpg\",\"contentUrl\":\"https:\\\/\\\/enricomaciasloriental.fr\\\/WordPress\\\/wp-content\\\/uploads\\\/\\\/2012\\\/06\\\/image-quay-17440721-small.jpg\",\"width\":\"500\",\"height\":\"496\"},{\"@type\":\"BreadcrumbList\",\"@id\":\"https:\\\/\\\/enricomaciasloriental.fr\\\/WordPress\\\/enrico-macias-donner-lespoir-aux-pieds-noirs-et-aux-harkis\\\/#breadcrumb\",\"itemListElement\":[{\"@type\":\"ListItem\",\"position\":1,\"name\":\"Accueil\",\"item\":\"https:\\\/\\\/enricomaciasloriental.fr\\\/WordPress\\\/\"},{\"@type\":\"ListItem\",\"position\":2,\"name\":\"Enrico Macias: \u00ab\u00a0Donner l&rsquo;espoir aux pieds-noirs et aux harkis\u00a0\u00bb\"}]},{\"@type\":\"WebSite\",\"@id\":\"https:\\\/\\\/enricomaciasloriental.fr\\\/WordPress\\\/#website\",\"url\":\"https:\\\/\\\/enricomaciasloriental.fr\\\/WordPress\\\/\",\"name\":\"ENRICO MACIAS L'Oriental\",\"description\":\"IL EST COMME LE SOLEIL\",\"publisher\":{\"@id\":\"https:\\\/\\\/enricomaciasloriental.fr\\\/WordPress\\\/#\\\/schema\\\/person\\\/53fba112c6f4f0b335578890a816262e\"},\"potentialAction\":[{\"@type\":\"SearchAction\",\"target\":{\"@type\":\"EntryPoint\",\"urlTemplate\":\"https:\\\/\\\/enricomaciasloriental.fr\\\/WordPress\\\/?s={search_term_string}\"},\"query-input\":{\"@type\":\"PropertyValueSpecification\",\"valueRequired\":true,\"valueName\":\"search_term_string\"}}],\"inLanguage\":\"fr-FR\"},{\"@type\":[\"Person\",\"Organization\"],\"@id\":\"https:\\\/\\\/enricomaciasloriental.fr\\\/WordPress\\\/#\\\/schema\\\/person\\\/53fba112c6f4f0b335578890a816262e\",\"name\":\"Loriental\",\"image\":{\"@type\":\"ImageObject\",\"inLanguage\":\"fr-FR\",\"@id\":\"https:\\\/\\\/enricomaciasloriental.fr\\\/WordPress\\\/wp-content\\\/uploads\\\/\\\/2015\\\/02\\\/cropped-bannier_altaiir-enrico.jpg\",\"url\":\"https:\\\/\\\/enricomaciasloriental.fr\\\/WordPress\\\/wp-content\\\/uploads\\\/\\\/2015\\\/02\\\/cropped-bannier_altaiir-enrico.jpg\",\"contentUrl\":\"https:\\\/\\\/enricomaciasloriental.fr\\\/WordPress\\\/wp-content\\\/uploads\\\/\\\/2015\\\/02\\\/cropped-bannier_altaiir-enrico.jpg\",\"width\":1200,\"height\":150,\"caption\":\"Loriental\"},\"logo\":{\"@id\":\"https:\\\/\\\/enricomaciasloriental.fr\\\/WordPress\\\/wp-content\\\/uploads\\\/\\\/2015\\\/02\\\/cropped-bannier_altaiir-enrico.jpg\"},\"sameAs\":[\"http:\\\/\\\/www.enricomaciasloriental.fr\\\/\"]}]}<\/script>\n<!-- \/ Yoast SEO plugin. -->","yoast_head_json":{"title":"Enrico Macias: \"Donner l'espoir aux pieds-noirs et aux harkis\" - ENRICO MACIAS L&#039;Oriental","robots":{"index":"index","follow":"follow","max-snippet":"max-snippet:-1","max-image-preview":"max-image-preview:large","max-video-preview":"max-video-preview:-1"},"canonical":"https:\/\/enricomaciasloriental.fr\/WordPress\/enrico-macias-donner-lespoir-aux-pieds-noirs-et-aux-harkis\/","og_locale":"fr_FR","og_type":"article","og_title":"Enrico Macias: \"Donner l'espoir aux pieds-noirs et aux harkis\" - ENRICO MACIAS L&#039;Oriental","og_description":"\u00ab Le drame, c\u2019est que nous n\u2019avons pas fini notre deuil. Nos racines ont \u00e9t\u00e9 bafou\u00e9es, nous n\u2019arrivons pas \u00e0 cicatriser \u00bb, d\u00e9plore Enrico Macias, qui viendra, demain soir, chanter pour tous.(Photo Frantz Bouton) L\u2019auteur d\u2019Adieu mon pays vient c\u00e9l\u00e9brer &hellip; Enrico Macias: \u00ab\u00a0Donner l&rsquo;espoir aux pieds-noirs et aux harkis\u00a0\u00bb Read More &raquo;","og_url":"https:\/\/enricomaciasloriental.fr\/WordPress\/enrico-macias-donner-lespoir-aux-pieds-noirs-et-aux-harkis\/","og_site_name":"ENRICO MACIAS L&#039;Oriental","article_published_time":"2012-06-21T15:22:26+00:00","og_image":[{"url":"http:\/\/enricomaciasloriental.fr\/WordPress\/wp-content\/uploads\/\/2012\/06\/image-quay-17440721-small-300x297.jpg","type":"","width":"","height":""}],"author":"Loriental","twitter_card":"summary_large_image","twitter_misc":{"\u00c9crit par":"Loriental","Dur\u00e9e de lecture estim\u00e9e":"4 minutes"},"schema":{"@context":"https:\/\/schema.org","@graph":[{"@type":"Article","@id":"https:\/\/enricomaciasloriental.fr\/WordPress\/enrico-macias-donner-lespoir-aux-pieds-noirs-et-aux-harkis\/#article","isPartOf":{"@id":"https:\/\/enricomaciasloriental.fr\/WordPress\/enrico-macias-donner-lespoir-aux-pieds-noirs-et-aux-harkis\/"},"author":{"name":"Loriental","@id":"https:\/\/enricomaciasloriental.fr\/WordPress\/#\/schema\/person\/53fba112c6f4f0b335578890a816262e"},"headline":"Enrico Macias: \u00ab\u00a0Donner l&rsquo;espoir aux pieds-noirs et aux harkis\u00a0\u00bb","datePublished":"2012-06-21T15:22:26+00:00","mainEntityOfPage":{"@id":"https:\/\/enricomaciasloriental.fr\/WordPress\/enrico-macias-donner-lespoir-aux-pieds-noirs-et-aux-harkis\/"},"wordCount":820,"commentCount":0,"publisher":{"@id":"https:\/\/enricomaciasloriental.fr\/WordPress\/#\/schema\/person\/53fba112c6f4f0b335578890a816262e"},"image":{"@id":"https:\/\/enricomaciasloriental.fr\/WordPress\/enrico-macias-donner-lespoir-aux-pieds-noirs-et-aux-harkis\/#primaryimage"},"thumbnailUrl":"http:\/\/enricomaciasloriental.fr\/WordPress\/wp-content\/uploads\/\/2012\/06\/image-quay-17440721-small-300x297.jpg","articleSection":["Actualit\u00e9s"],"inLanguage":"fr-FR","potentialAction":[{"@type":"CommentAction","name":"Comment","target":["https:\/\/enricomaciasloriental.fr\/WordPress\/enrico-macias-donner-lespoir-aux-pieds-noirs-et-aux-harkis\/#respond"]}]},{"@type":"WebPage","@id":"https:\/\/enricomaciasloriental.fr\/WordPress\/enrico-macias-donner-lespoir-aux-pieds-noirs-et-aux-harkis\/","url":"https:\/\/enricomaciasloriental.fr\/WordPress\/enrico-macias-donner-lespoir-aux-pieds-noirs-et-aux-harkis\/","name":"Enrico Macias: \"Donner l'espoir aux pieds-noirs et aux harkis\" - ENRICO MACIAS L&#039;Oriental","isPartOf":{"@id":"https:\/\/enricomaciasloriental.fr\/WordPress\/#website"},"primaryImageOfPage":{"@id":"https:\/\/enricomaciasloriental.fr\/WordPress\/enrico-macias-donner-lespoir-aux-pieds-noirs-et-aux-harkis\/#primaryimage"},"image":{"@id":"https:\/\/enricomaciasloriental.fr\/WordPress\/enrico-macias-donner-lespoir-aux-pieds-noirs-et-aux-harkis\/#primaryimage"},"thumbnailUrl":"http:\/\/enricomaciasloriental.fr\/WordPress\/wp-content\/uploads\/\/2012\/06\/image-quay-17440721-small-300x297.jpg","datePublished":"2012-06-21T15:22:26+00:00","breadcrumb":{"@id":"https:\/\/enricomaciasloriental.fr\/WordPress\/enrico-macias-donner-lespoir-aux-pieds-noirs-et-aux-harkis\/#breadcrumb"},"inLanguage":"fr-FR","potentialAction":[{"@type":"ReadAction","target":["https:\/\/enricomaciasloriental.fr\/WordPress\/enrico-macias-donner-lespoir-aux-pieds-noirs-et-aux-harkis\/"]}]},{"@type":"ImageObject","inLanguage":"fr-FR","@id":"https:\/\/enricomaciasloriental.fr\/WordPress\/enrico-macias-donner-lespoir-aux-pieds-noirs-et-aux-harkis\/#primaryimage","url":"https:\/\/enricomaciasloriental.fr\/WordPress\/wp-content\/uploads\/\/2012\/06\/image-quay-17440721-small.jpg","contentUrl":"https:\/\/enricomaciasloriental.fr\/WordPress\/wp-content\/uploads\/\/2012\/06\/image-quay-17440721-small.jpg","width":"500","height":"496"},{"@type":"BreadcrumbList","@id":"https:\/\/enricomaciasloriental.fr\/WordPress\/enrico-macias-donner-lespoir-aux-pieds-noirs-et-aux-harkis\/#breadcrumb","itemListElement":[{"@type":"ListItem","position":1,"name":"Accueil","item":"https:\/\/enricomaciasloriental.fr\/WordPress\/"},{"@type":"ListItem","position":2,"name":"Enrico Macias: \u00ab\u00a0Donner l&rsquo;espoir aux pieds-noirs et aux harkis\u00a0\u00bb"}]},{"@type":"WebSite","@id":"https:\/\/enricomaciasloriental.fr\/WordPress\/#website","url":"https:\/\/enricomaciasloriental.fr\/WordPress\/","name":"ENRICO MACIAS L'Oriental","description":"IL EST COMME LE SOLEIL","publisher":{"@id":"https:\/\/enricomaciasloriental.fr\/WordPress\/#\/schema\/person\/53fba112c6f4f0b335578890a816262e"},"potentialAction":[{"@type":"SearchAction","target":{"@type":"EntryPoint","urlTemplate":"https:\/\/enricomaciasloriental.fr\/WordPress\/?s={search_term_string}"},"query-input":{"@type":"PropertyValueSpecification","valueRequired":true,"valueName":"search_term_string"}}],"inLanguage":"fr-FR"},{"@type":["Person","Organization"],"@id":"https:\/\/enricomaciasloriental.fr\/WordPress\/#\/schema\/person\/53fba112c6f4f0b335578890a816262e","name":"Loriental","image":{"@type":"ImageObject","inLanguage":"fr-FR","@id":"https:\/\/enricomaciasloriental.fr\/WordPress\/wp-content\/uploads\/\/2015\/02\/cropped-bannier_altaiir-enrico.jpg","url":"https:\/\/enricomaciasloriental.fr\/WordPress\/wp-content\/uploads\/\/2015\/02\/cropped-bannier_altaiir-enrico.jpg","contentUrl":"https:\/\/enricomaciasloriental.fr\/WordPress\/wp-content\/uploads\/\/2015\/02\/cropped-bannier_altaiir-enrico.jpg","width":1200,"height":150,"caption":"Loriental"},"logo":{"@id":"https:\/\/enricomaciasloriental.fr\/WordPress\/wp-content\/uploads\/\/2015\/02\/cropped-bannier_altaiir-enrico.jpg"},"sameAs":["http:\/\/www.enricomaciasloriental.fr\/"]}]}},"featured_image_src":"","featured_image_src_square":false,"author_info":{"display_name":"Loriental","author_link":"https:\/\/enricomaciasloriental.fr\/WordPress\/author\/admin9234\/"},"rbea_author_info":{"display_name":"Loriental","author_link":"https:\/\/enricomaciasloriental.fr\/WordPress\/author\/admin9234\/"},"rbea_excerpt_info":"\u00ab Le drame, c\u2019est que nous n\u2019avons pas fini notre deuil. Nos racines ont \u00e9t\u00e9 bafou\u00e9es, nous n\u2019arrivons pas \u00e0 cicatriser \u00bb, d\u00e9plore Enrico Macias, qui viendra, demain soir, chanter pour tous.(Photo Frantz Bouton) L\u2019auteur d\u2019Adieu mon pays vient c\u00e9l\u00e9brer &hellip;<p class=\"read-more\"> <a class=\"more-link\" href=\"https:\/\/enricomaciasloriental.fr\/WordPress\/enrico-macias-donner-lespoir-aux-pieds-noirs-et-aux-harkis\/\"> <span class=\"screen-reader-text\">Enrico Macias: \u00ab\u00a0Donner l&rsquo;espoir aux pieds-noirs et aux harkis\u00a0\u00bb<\/span> Read More &raquo;<\/a><\/p>","category_list":"<a href=\"https:\/\/enricomaciasloriental.fr\/WordPress\/category\/actualites\/\">Actualit\u00e9s<\/a>","comments_num":"0 comments","_links":{"self":[{"href":"https:\/\/enricomaciasloriental.fr\/WordPress\/wp-json\/wp\/v2\/posts\/4749","targetHints":{"allow":["GET"]}}],"collection":[{"href":"https:\/\/enricomaciasloriental.fr\/WordPress\/wp-json\/wp\/v2\/posts"}],"about":[{"href":"https:\/\/enricomaciasloriental.fr\/WordPress\/wp-json\/wp\/v2\/types\/post"}],"author":[{"embeddable":true,"href":"https:\/\/enricomaciasloriental.fr\/WordPress\/wp-json\/wp\/v2\/users\/36"}],"replies":[{"embeddable":true,"href":"https:\/\/enricomaciasloriental.fr\/WordPress\/wp-json\/wp\/v2\/comments?post=4749"}],"version-history":[{"count":0,"href":"https:\/\/enricomaciasloriental.fr\/WordPress\/wp-json\/wp\/v2\/posts\/4749\/revisions"}],"wp:attachment":[{"href":"https:\/\/enricomaciasloriental.fr\/WordPress\/wp-json\/wp\/v2\/media?parent=4749"}],"wp:term":[{"taxonomy":"category","embeddable":true,"href":"https:\/\/enricomaciasloriental.fr\/WordPress\/wp-json\/wp\/v2\/categories?post=4749"},{"taxonomy":"post_tag","embeddable":true,"href":"https:\/\/enricomaciasloriental.fr\/WordPress\/wp-json\/wp\/v2\/tags?post=4749"}],"curies":[{"name":"wp","href":"https:\/\/api.w.org\/{rel}","templated":true}]}}