{"id":4759,"date":"2012-06-23T14:23:16","date_gmt":"2012-06-23T12:23:16","guid":{"rendered":"http:\/\/enricomaciasloriental.fr\/WordPress\/?p=4759"},"modified":"2012-06-23T14:23:16","modified_gmt":"2012-06-23T12:23:16","slug":"enrico-macias-fait-chavirer-la-place-de-la-liberte-toulon","status":"publish","type":"post","link":"https:\/\/enricomaciasloriental.fr\/WordPress\/enrico-macias-fait-chavirer-la-place-de-la-liberte-toulon\/","title":{"rendered":"Enrico Macias fait chavirer la place de la Libert\u00e9 &#8211; Toulon"},"content":{"rendered":"<p><strong><a href=\"https:\/\/enricomaciasloriental.fr\/WordPress\/wp-content\/uploads\/\/2012\/06\/17462941.jpg\"><img fetchpriority=\"high\" decoding=\"async\" class=\"alignleft size-medium wp-image-4760\" title=\"TOUXXQ405_LM_RAPATRIES MACIAS\" src=\"https:\/\/enricomaciasloriental.fr\/WordPress\/wp-content\/uploads\/\/2012\/06\/17462941-300x199.jpg\" alt=\"\" width=\"300\" height=\"199\" srcset=\"https:\/\/enricomaciasloriental.fr\/WordPress\/wp-content\/uploads\/2012\/06\/17462941-300x199.jpg 300w, https:\/\/enricomaciasloriental.fr\/WordPress\/wp-content\/uploads\/2012\/06\/17462941.jpg 500w\" sizes=\"(max-width: 300px) 100vw, 300px\" \/><\/a>Sur une place noire de monde, l\u2019incontournable chanteur de l\u2019exil a partag\u00e9 vendredi soir ses richesses, ses souvenirs, ses belles m\u00e9lodies et sa soif de fraternit\u00e9.<\/strong><\/p>\n<p>C&rsquo;est le plus m\u00e9diterran\u00e9ens des chanteurs. Enrico Macias symbolise l&rsquo;amour du pays, le soleil, la mer, l&rsquo;amiti\u00e9, l&rsquo;amour, les racines, la joie de la f\u00eate, la nostalgie, les souvenirs. <em>Enfants de tous pays,<\/em> a-t-il commenc\u00e9 et tout le monde a souri. Ses chansons sont empreintes d&rsquo;humanit\u00e9, de g\u00e9n\u00e9rosit\u00e9, de romantisme : il en a \u00e9crit plus de 800 !<\/p>\n<p>Sur la place de la Libert\u00e9 vendredi soir &#8211; \u00e9v\u00e9nement organis\u00e9 en partenariat avec la mairie de Toulon et l&rsquo;agglom\u00e9ration TPM dans le cadre de la manifestation <em>M\u00e9moire au c\u0153ur &#8211;<\/em>il a offert un sublime moment de partage et de fraternit\u00e9, devant plus d&rsquo;un milier de personnes qui l&rsquo;ont acclam\u00e9, applaudi, aim\u00e9.<\/p>\n<p><em>\u00ab En cinquante ans, je n&rsquo;ai cess\u00e9 de raconter dans le monde entier l&rsquo;histoire de nos p\u00e8res pieds-noirs et harkis<\/em>\u00bb, a-t-il lanc\u00e9. Et de poursuivre : \u00ab Gr\u00e2ce au <em>maire Hubert Falco, pour la premi\u00e8re fois la France reconna\u00eet notre identit\u00e9 \u00bb.<\/em>Et puis\u00ab <em>J&rsquo;ai quitt\u00e9 mon pays, j&rsquo;ai quitt\u00e9 ma maison, ma vie, ma triste vie se tra\u00eene sans raison \u00bb&#8230;<\/em><\/p>\n<p>Cet <em>Adieu mon pays<\/em>, m\u00eame s&rsquo;il s&rsquo;adresse \u00e0 tous ceux qui sont inconsolables, est universel. Depuis 50 ans, Enrico le partage \u00e0 chacun de ses concerts. Ce qu&rsquo;il veutt, c&rsquo;est apporter de la paix dans les c\u0153urs, rendre les gens heureux.<\/p>\n<p>A 74 ans, le chanteur a toujours autant d&rsquo;amour et d&rsquo;\u00e9nergie. Le temps du spectacle, il a transmis ses richesses : sa tendresse, ses musiques arabo-andalouses, ses tubes, ses m\u00e9lodies chaleureuses, ses souvenirs et sa soif de fraternit\u00e9.<\/p>\n<p>Article paru sur VARMATIN.COM\u00a0 ICI : <a href=\"http:\/\/www.varmatin.com\/sortir\/enrico-macias-fait-chavirer-la-place-de-la-liberte.899818.html\">http:\/\/www.varmatin.com\/sortir\/enrico-macias-fait-chavirer-la-place-de-la-liberte.899818.html<\/a><\/p>\n","protected":false},"excerpt":{"rendered":"<p>Sur une place noire de monde, l\u2019incontournable chanteur de l\u2019exil a partag\u00e9 vendredi soir ses richesses, ses souvenirs, ses belles m\u00e9lodies et sa soif de fraternit\u00e9. C&rsquo;est le plus m\u00e9diterran\u00e9ens des chanteurs. Enrico Macias symbolise l&rsquo;amour du pays, le soleil, &hellip;<\/p>\n<p class=\"read-more\"> <a class=\"more-link\" href=\"https:\/\/enricomaciasloriental.fr\/WordPress\/enrico-macias-fait-chavirer-la-place-de-la-liberte-toulon\/\"> <span class=\"screen-reader-text\">Enrico Macias fait chavirer la place de la Libert\u00e9 &#8211; Toulon<\/span> Read More &raquo;<\/a><\/p>\n","protected":false},"author":36,"featured_media":0,"comment_status":"open","ping_status":"open","sticky":false,"template":"","format":"standard","meta":{"footnotes":""},"categories":[1],"tags":[],"class_list":["post-4759","post","type-post","status-publish","format-standard","hentry","category-actualites"],"yoast_head":"<!-- This site is optimized with the Yoast SEO plugin v27.4 - https:\/\/yoast.com\/product\/yoast-seo-wordpress\/ -->\n<title>Enrico Macias fait chavirer la place de la Libert\u00e9 - Toulon - ENRICO MACIAS L&#039;Oriental<\/title>\n<meta name=\"robots\" content=\"index, follow, max-snippet:-1, max-image-preview:large, max-video-preview:-1\" \/>\n<link rel=\"canonical\" href=\"https:\/\/enricomaciasloriental.fr\/WordPress\/enrico-macias-fait-chavirer-la-place-de-la-liberte-toulon\/\" \/>\n<meta property=\"og:locale\" content=\"fr_FR\" \/>\n<meta property=\"og:type\" content=\"article\" \/>\n<meta property=\"og:title\" content=\"Enrico Macias fait chavirer la place de la Libert\u00e9 - Toulon - ENRICO MACIAS L&#039;Oriental\" \/>\n<meta property=\"og:description\" content=\"Sur une place noire de monde, l\u2019incontournable chanteur de l\u2019exil a partag\u00e9 vendredi soir ses richesses, ses souvenirs, ses belles m\u00e9lodies et sa soif de fraternit\u00e9. C&rsquo;est le plus m\u00e9diterran\u00e9ens des chanteurs. Enrico Macias symbolise l&rsquo;amour du pays, le soleil, &hellip; Enrico Macias fait chavirer la place de la Libert\u00e9 &#8211; Toulon Read More &raquo;\" \/>\n<meta property=\"og:url\" content=\"https:\/\/enricomaciasloriental.fr\/WordPress\/enrico-macias-fait-chavirer-la-place-de-la-liberte-toulon\/\" \/>\n<meta property=\"og:site_name\" content=\"ENRICO MACIAS L&#039;Oriental\" \/>\n<meta property=\"article:published_time\" content=\"2012-06-23T12:23:16+00:00\" \/>\n<meta property=\"og:image\" content=\"http:\/\/enricomaciasloriental.fr\/WordPress\/wp-content\/uploads\/\/2012\/06\/17462941-300x199.jpg\" \/>\n<meta name=\"author\" content=\"Loriental\" \/>\n<meta name=\"twitter:card\" content=\"summary_large_image\" \/>\n<meta name=\"twitter:label1\" content=\"\u00c9crit par\" \/>\n\t<meta name=\"twitter:data1\" content=\"Loriental\" \/>\n\t<meta name=\"twitter:label2\" content=\"Dur\u00e9e de lecture estim\u00e9e\" \/>\n\t<meta name=\"twitter:data2\" content=\"1 minute\" \/>\n<script type=\"application\/ld+json\" class=\"yoast-schema-graph\">{\"@context\":\"https:\\\/\\\/schema.org\",\"@graph\":[{\"@type\":\"Article\",\"@id\":\"https:\\\/\\\/enricomaciasloriental.fr\\\/WordPress\\\/enrico-macias-fait-chavirer-la-place-de-la-liberte-toulon\\\/#article\",\"isPartOf\":{\"@id\":\"https:\\\/\\\/enricomaciasloriental.fr\\\/WordPress\\\/enrico-macias-fait-chavirer-la-place-de-la-liberte-toulon\\\/\"},\"author\":{\"name\":\"Loriental\",\"@id\":\"https:\\\/\\\/enricomaciasloriental.fr\\\/WordPress\\\/#\\\/schema\\\/person\\\/53fba112c6f4f0b335578890a816262e\"},\"headline\":\"Enrico Macias fait chavirer la place de la Libert\u00e9 &#8211; Toulon\",\"datePublished\":\"2012-06-23T12:23:16+00:00\",\"mainEntityOfPage\":{\"@id\":\"https:\\\/\\\/enricomaciasloriental.fr\\\/WordPress\\\/enrico-macias-fait-chavirer-la-place-de-la-liberte-toulon\\\/\"},\"wordCount\":327,\"commentCount\":0,\"publisher\":{\"@id\":\"https:\\\/\\\/enricomaciasloriental.fr\\\/WordPress\\\/#\\\/schema\\\/person\\\/53fba112c6f4f0b335578890a816262e\"},\"image\":{\"@id\":\"https:\\\/\\\/enricomaciasloriental.fr\\\/WordPress\\\/enrico-macias-fait-chavirer-la-place-de-la-liberte-toulon\\\/#primaryimage\"},\"thumbnailUrl\":\"http:\\\/\\\/enricomaciasloriental.fr\\\/WordPress\\\/wp-content\\\/uploads\\\/\\\/2012\\\/06\\\/17462941-300x199.jpg\",\"articleSection\":[\"Actualit\u00e9s\"],\"inLanguage\":\"fr-FR\",\"potentialAction\":[{\"@type\":\"CommentAction\",\"name\":\"Comment\",\"target\":[\"https:\\\/\\\/enricomaciasloriental.fr\\\/WordPress\\\/enrico-macias-fait-chavirer-la-place-de-la-liberte-toulon\\\/#respond\"]}]},{\"@type\":\"WebPage\",\"@id\":\"https:\\\/\\\/enricomaciasloriental.fr\\\/WordPress\\\/enrico-macias-fait-chavirer-la-place-de-la-liberte-toulon\\\/\",\"url\":\"https:\\\/\\\/enricomaciasloriental.fr\\\/WordPress\\\/enrico-macias-fait-chavirer-la-place-de-la-liberte-toulon\\\/\",\"name\":\"Enrico Macias fait chavirer la place de la Libert\u00e9 - Toulon - ENRICO MACIAS L&#039;Oriental\",\"isPartOf\":{\"@id\":\"https:\\\/\\\/enricomaciasloriental.fr\\\/WordPress\\\/#website\"},\"primaryImageOfPage\":{\"@id\":\"https:\\\/\\\/enricomaciasloriental.fr\\\/WordPress\\\/enrico-macias-fait-chavirer-la-place-de-la-liberte-toulon\\\/#primaryimage\"},\"image\":{\"@id\":\"https:\\\/\\\/enricomaciasloriental.fr\\\/WordPress\\\/enrico-macias-fait-chavirer-la-place-de-la-liberte-toulon\\\/#primaryimage\"},\"thumbnailUrl\":\"http:\\\/\\\/enricomaciasloriental.fr\\\/WordPress\\\/wp-content\\\/uploads\\\/\\\/2012\\\/06\\\/17462941-300x199.jpg\",\"datePublished\":\"2012-06-23T12:23:16+00:00\",\"breadcrumb\":{\"@id\":\"https:\\\/\\\/enricomaciasloriental.fr\\\/WordPress\\\/enrico-macias-fait-chavirer-la-place-de-la-liberte-toulon\\\/#breadcrumb\"},\"inLanguage\":\"fr-FR\",\"potentialAction\":[{\"@type\":\"ReadAction\",\"target\":[\"https:\\\/\\\/enricomaciasloriental.fr\\\/WordPress\\\/enrico-macias-fait-chavirer-la-place-de-la-liberte-toulon\\\/\"]}]},{\"@type\":\"ImageObject\",\"inLanguage\":\"fr-FR\",\"@id\":\"https:\\\/\\\/enricomaciasloriental.fr\\\/WordPress\\\/enrico-macias-fait-chavirer-la-place-de-la-liberte-toulon\\\/#primaryimage\",\"url\":\"https:\\\/\\\/enricomaciasloriental.fr\\\/WordPress\\\/wp-content\\\/uploads\\\/\\\/2012\\\/06\\\/17462941.jpg\",\"contentUrl\":\"https:\\\/\\\/enricomaciasloriental.fr\\\/WordPress\\\/wp-content\\\/uploads\\\/\\\/2012\\\/06\\\/17462941.jpg\",\"width\":\"500\",\"height\":\"333\"},{\"@type\":\"BreadcrumbList\",\"@id\":\"https:\\\/\\\/enricomaciasloriental.fr\\\/WordPress\\\/enrico-macias-fait-chavirer-la-place-de-la-liberte-toulon\\\/#breadcrumb\",\"itemListElement\":[{\"@type\":\"ListItem\",\"position\":1,\"name\":\"Accueil\",\"item\":\"https:\\\/\\\/enricomaciasloriental.fr\\\/WordPress\\\/\"},{\"@type\":\"ListItem\",\"position\":2,\"name\":\"Enrico Macias fait chavirer la place de la Libert\u00e9 &#8211; Toulon\"}]},{\"@type\":\"WebSite\",\"@id\":\"https:\\\/\\\/enricomaciasloriental.fr\\\/WordPress\\\/#website\",\"url\":\"https:\\\/\\\/enricomaciasloriental.fr\\\/WordPress\\\/\",\"name\":\"ENRICO MACIAS L'Oriental\",\"description\":\"IL EST COMME LE SOLEIL\",\"publisher\":{\"@id\":\"https:\\\/\\\/enricomaciasloriental.fr\\\/WordPress\\\/#\\\/schema\\\/person\\\/53fba112c6f4f0b335578890a816262e\"},\"potentialAction\":[{\"@type\":\"SearchAction\",\"target\":{\"@type\":\"EntryPoint\",\"urlTemplate\":\"https:\\\/\\\/enricomaciasloriental.fr\\\/WordPress\\\/?s={search_term_string}\"},\"query-input\":{\"@type\":\"PropertyValueSpecification\",\"valueRequired\":true,\"valueName\":\"search_term_string\"}}],\"inLanguage\":\"fr-FR\"},{\"@type\":[\"Person\",\"Organization\"],\"@id\":\"https:\\\/\\\/enricomaciasloriental.fr\\\/WordPress\\\/#\\\/schema\\\/person\\\/53fba112c6f4f0b335578890a816262e\",\"name\":\"Loriental\",\"image\":{\"@type\":\"ImageObject\",\"inLanguage\":\"fr-FR\",\"@id\":\"https:\\\/\\\/enricomaciasloriental.fr\\\/WordPress\\\/wp-content\\\/uploads\\\/\\\/2015\\\/02\\\/cropped-bannier_altaiir-enrico.jpg\",\"url\":\"https:\\\/\\\/enricomaciasloriental.fr\\\/WordPress\\\/wp-content\\\/uploads\\\/\\\/2015\\\/02\\\/cropped-bannier_altaiir-enrico.jpg\",\"contentUrl\":\"https:\\\/\\\/enricomaciasloriental.fr\\\/WordPress\\\/wp-content\\\/uploads\\\/\\\/2015\\\/02\\\/cropped-bannier_altaiir-enrico.jpg\",\"width\":1200,\"height\":150,\"caption\":\"Loriental\"},\"logo\":{\"@id\":\"https:\\\/\\\/enricomaciasloriental.fr\\\/WordPress\\\/wp-content\\\/uploads\\\/\\\/2015\\\/02\\\/cropped-bannier_altaiir-enrico.jpg\"},\"sameAs\":[\"http:\\\/\\\/www.enricomaciasloriental.fr\\\/\"]}]}<\/script>\n<!-- \/ Yoast SEO plugin. -->","yoast_head_json":{"title":"Enrico Macias fait chavirer la place de la Libert\u00e9 - Toulon - ENRICO MACIAS L&#039;Oriental","robots":{"index":"index","follow":"follow","max-snippet":"max-snippet:-1","max-image-preview":"max-image-preview:large","max-video-preview":"max-video-preview:-1"},"canonical":"https:\/\/enricomaciasloriental.fr\/WordPress\/enrico-macias-fait-chavirer-la-place-de-la-liberte-toulon\/","og_locale":"fr_FR","og_type":"article","og_title":"Enrico Macias fait chavirer la place de la Libert\u00e9 - Toulon - ENRICO MACIAS L&#039;Oriental","og_description":"Sur une place noire de monde, l\u2019incontournable chanteur de l\u2019exil a partag\u00e9 vendredi soir ses richesses, ses souvenirs, ses belles m\u00e9lodies et sa soif de fraternit\u00e9. C&rsquo;est le plus m\u00e9diterran\u00e9ens des chanteurs. Enrico Macias symbolise l&rsquo;amour du pays, le soleil, &hellip; Enrico Macias fait chavirer la place de la Libert\u00e9 &#8211; Toulon Read More &raquo;","og_url":"https:\/\/enricomaciasloriental.fr\/WordPress\/enrico-macias-fait-chavirer-la-place-de-la-liberte-toulon\/","og_site_name":"ENRICO MACIAS L&#039;Oriental","article_published_time":"2012-06-23T12:23:16+00:00","og_image":[{"url":"http:\/\/enricomaciasloriental.fr\/WordPress\/wp-content\/uploads\/\/2012\/06\/17462941-300x199.jpg","type":"","width":"","height":""}],"author":"Loriental","twitter_card":"summary_large_image","twitter_misc":{"\u00c9crit par":"Loriental","Dur\u00e9e de lecture estim\u00e9e":"1 minute"},"schema":{"@context":"https:\/\/schema.org","@graph":[{"@type":"Article","@id":"https:\/\/enricomaciasloriental.fr\/WordPress\/enrico-macias-fait-chavirer-la-place-de-la-liberte-toulon\/#article","isPartOf":{"@id":"https:\/\/enricomaciasloriental.fr\/WordPress\/enrico-macias-fait-chavirer-la-place-de-la-liberte-toulon\/"},"author":{"name":"Loriental","@id":"https:\/\/enricomaciasloriental.fr\/WordPress\/#\/schema\/person\/53fba112c6f4f0b335578890a816262e"},"headline":"Enrico Macias fait chavirer la place de la Libert\u00e9 &#8211; Toulon","datePublished":"2012-06-23T12:23:16+00:00","mainEntityOfPage":{"@id":"https:\/\/enricomaciasloriental.fr\/WordPress\/enrico-macias-fait-chavirer-la-place-de-la-liberte-toulon\/"},"wordCount":327,"commentCount":0,"publisher":{"@id":"https:\/\/enricomaciasloriental.fr\/WordPress\/#\/schema\/person\/53fba112c6f4f0b335578890a816262e"},"image":{"@id":"https:\/\/enricomaciasloriental.fr\/WordPress\/enrico-macias-fait-chavirer-la-place-de-la-liberte-toulon\/#primaryimage"},"thumbnailUrl":"http:\/\/enricomaciasloriental.fr\/WordPress\/wp-content\/uploads\/\/2012\/06\/17462941-300x199.jpg","articleSection":["Actualit\u00e9s"],"inLanguage":"fr-FR","potentialAction":[{"@type":"CommentAction","name":"Comment","target":["https:\/\/enricomaciasloriental.fr\/WordPress\/enrico-macias-fait-chavirer-la-place-de-la-liberte-toulon\/#respond"]}]},{"@type":"WebPage","@id":"https:\/\/enricomaciasloriental.fr\/WordPress\/enrico-macias-fait-chavirer-la-place-de-la-liberte-toulon\/","url":"https:\/\/enricomaciasloriental.fr\/WordPress\/enrico-macias-fait-chavirer-la-place-de-la-liberte-toulon\/","name":"Enrico Macias fait chavirer la place de la Libert\u00e9 - Toulon - ENRICO MACIAS L&#039;Oriental","isPartOf":{"@id":"https:\/\/enricomaciasloriental.fr\/WordPress\/#website"},"primaryImageOfPage":{"@id":"https:\/\/enricomaciasloriental.fr\/WordPress\/enrico-macias-fait-chavirer-la-place-de-la-liberte-toulon\/#primaryimage"},"image":{"@id":"https:\/\/enricomaciasloriental.fr\/WordPress\/enrico-macias-fait-chavirer-la-place-de-la-liberte-toulon\/#primaryimage"},"thumbnailUrl":"http:\/\/enricomaciasloriental.fr\/WordPress\/wp-content\/uploads\/\/2012\/06\/17462941-300x199.jpg","datePublished":"2012-06-23T12:23:16+00:00","breadcrumb":{"@id":"https:\/\/enricomaciasloriental.fr\/WordPress\/enrico-macias-fait-chavirer-la-place-de-la-liberte-toulon\/#breadcrumb"},"inLanguage":"fr-FR","potentialAction":[{"@type":"ReadAction","target":["https:\/\/enricomaciasloriental.fr\/WordPress\/enrico-macias-fait-chavirer-la-place-de-la-liberte-toulon\/"]}]},{"@type":"ImageObject","inLanguage":"fr-FR","@id":"https:\/\/enricomaciasloriental.fr\/WordPress\/enrico-macias-fait-chavirer-la-place-de-la-liberte-toulon\/#primaryimage","url":"https:\/\/enricomaciasloriental.fr\/WordPress\/wp-content\/uploads\/\/2012\/06\/17462941.jpg","contentUrl":"https:\/\/enricomaciasloriental.fr\/WordPress\/wp-content\/uploads\/\/2012\/06\/17462941.jpg","width":"500","height":"333"},{"@type":"BreadcrumbList","@id":"https:\/\/enricomaciasloriental.fr\/WordPress\/enrico-macias-fait-chavirer-la-place-de-la-liberte-toulon\/#breadcrumb","itemListElement":[{"@type":"ListItem","position":1,"name":"Accueil","item":"https:\/\/enricomaciasloriental.fr\/WordPress\/"},{"@type":"ListItem","position":2,"name":"Enrico Macias fait chavirer la place de la Libert\u00e9 &#8211; Toulon"}]},{"@type":"WebSite","@id":"https:\/\/enricomaciasloriental.fr\/WordPress\/#website","url":"https:\/\/enricomaciasloriental.fr\/WordPress\/","name":"ENRICO MACIAS L'Oriental","description":"IL EST COMME LE SOLEIL","publisher":{"@id":"https:\/\/enricomaciasloriental.fr\/WordPress\/#\/schema\/person\/53fba112c6f4f0b335578890a816262e"},"potentialAction":[{"@type":"SearchAction","target":{"@type":"EntryPoint","urlTemplate":"https:\/\/enricomaciasloriental.fr\/WordPress\/?s={search_term_string}"},"query-input":{"@type":"PropertyValueSpecification","valueRequired":true,"valueName":"search_term_string"}}],"inLanguage":"fr-FR"},{"@type":["Person","Organization"],"@id":"https:\/\/enricomaciasloriental.fr\/WordPress\/#\/schema\/person\/53fba112c6f4f0b335578890a816262e","name":"Loriental","image":{"@type":"ImageObject","inLanguage":"fr-FR","@id":"https:\/\/enricomaciasloriental.fr\/WordPress\/wp-content\/uploads\/\/2015\/02\/cropped-bannier_altaiir-enrico.jpg","url":"https:\/\/enricomaciasloriental.fr\/WordPress\/wp-content\/uploads\/\/2015\/02\/cropped-bannier_altaiir-enrico.jpg","contentUrl":"https:\/\/enricomaciasloriental.fr\/WordPress\/wp-content\/uploads\/\/2015\/02\/cropped-bannier_altaiir-enrico.jpg","width":1200,"height":150,"caption":"Loriental"},"logo":{"@id":"https:\/\/enricomaciasloriental.fr\/WordPress\/wp-content\/uploads\/\/2015\/02\/cropped-bannier_altaiir-enrico.jpg"},"sameAs":["http:\/\/www.enricomaciasloriental.fr\/"]}]}},"featured_image_src":"","featured_image_src_square":false,"author_info":{"display_name":"Loriental","author_link":"https:\/\/enricomaciasloriental.fr\/WordPress\/author\/admin9234\/"},"rbea_author_info":{"display_name":"Loriental","author_link":"https:\/\/enricomaciasloriental.fr\/WordPress\/author\/admin9234\/"},"rbea_excerpt_info":"Sur une place noire de monde, l\u2019incontournable chanteur de l\u2019exil a partag\u00e9 vendredi soir ses richesses, ses souvenirs, ses belles m\u00e9lodies et sa soif de fraternit\u00e9. C&rsquo;est le plus m\u00e9diterran\u00e9ens des chanteurs. Enrico Macias symbolise l&rsquo;amour du pays, le soleil, &hellip;<p class=\"read-more\"> <a class=\"more-link\" href=\"https:\/\/enricomaciasloriental.fr\/WordPress\/enrico-macias-fait-chavirer-la-place-de-la-liberte-toulon\/\"> <span class=\"screen-reader-text\">Enrico Macias fait chavirer la place de la Libert\u00e9 &#8211; Toulon<\/span> Read More &raquo;<\/a><\/p>","category_list":"<a href=\"https:\/\/enricomaciasloriental.fr\/WordPress\/category\/actualites\/\">Actualit\u00e9s<\/a>","comments_num":"0 comments","_links":{"self":[{"href":"https:\/\/enricomaciasloriental.fr\/WordPress\/wp-json\/wp\/v2\/posts\/4759","targetHints":{"allow":["GET"]}}],"collection":[{"href":"https:\/\/enricomaciasloriental.fr\/WordPress\/wp-json\/wp\/v2\/posts"}],"about":[{"href":"https:\/\/enricomaciasloriental.fr\/WordPress\/wp-json\/wp\/v2\/types\/post"}],"author":[{"embeddable":true,"href":"https:\/\/enricomaciasloriental.fr\/WordPress\/wp-json\/wp\/v2\/users\/36"}],"replies":[{"embeddable":true,"href":"https:\/\/enricomaciasloriental.fr\/WordPress\/wp-json\/wp\/v2\/comments?post=4759"}],"version-history":[{"count":0,"href":"https:\/\/enricomaciasloriental.fr\/WordPress\/wp-json\/wp\/v2\/posts\/4759\/revisions"}],"wp:attachment":[{"href":"https:\/\/enricomaciasloriental.fr\/WordPress\/wp-json\/wp\/v2\/media?parent=4759"}],"wp:term":[{"taxonomy":"category","embeddable":true,"href":"https:\/\/enricomaciasloriental.fr\/WordPress\/wp-json\/wp\/v2\/categories?post=4759"},{"taxonomy":"post_tag","embeddable":true,"href":"https:\/\/enricomaciasloriental.fr\/WordPress\/wp-json\/wp\/v2\/tags?post=4759"}],"curies":[{"name":"wp","href":"https:\/\/api.w.org\/{rel}","templated":true}]}}