{"id":5004,"date":"2012-07-26T18:42:05","date_gmt":"2012-07-26T16:42:05","guid":{"rendered":"http:\/\/enricomaciasloriental.fr\/WordPress\/?p=5004"},"modified":"2015-07-04T18:40:22","modified_gmt":"2015-07-04T16:40:22","slug":"enrico-macias-50nci-sanat-yilini-istanbulda-kutladi-istamboul-a-celebre-le-50eme-anniversaire-denrico-macias","status":"publish","type":"post","link":"https:\/\/enricomaciasloriental.fr\/WordPress\/enrico-macias-50nci-sanat-yilini-istanbulda-kutladi-istamboul-a-celebre-le-50eme-anniversaire-denrico-macias\/","title":{"rendered":"Enrico Macias 50&rsquo;nci sanat y\u0131l\u0131n\u0131 \u0130stanbul&rsquo;da kutlad\u0131 &#8211; Istamboul a c\u00e9l\u00e9br\u00e9 le 50\u00e8me anniversaire d&rsquo;Enrico Macias"},"content":{"rendered":"<p><a href=\"https:\/\/enricomaciasloriental.fr\/WordPress\/wp-content\/uploads\/\/2012\/07\/17350933.jpg\"><img decoding=\"async\" class=\"alignleft size-full wp-image-5005\" title=\"17350933\" src=\"https:\/\/enricomaciasloriental.fr\/WordPress\/wp-content\/uploads\/\/2012\/07\/17350933.jpg\" alt=\"\" width=\"250\" height=\"150\" \/><\/a>Sebla Kutsal<\/p>\n<h2>Cezayir as\u0131ll\u0131 Frans\u0131z m\u00fczisyen Enrico Macias, 50\u2019nci sanat y\u0131l\u0131n\u0131 Fransa&rsquo;dan \u00f6nce, ilk me\u015fhur oldu\u011fu \u00fclke olan T\u00fcrkiye&rsquo;de kutlad\u0131. Macias, d\u00fcn ak\u015fam \u0130stanbul\u2019da hayranlar\u0131na muhte\u015fem bir konser verdi.<\/h2>\n<div><\/div>\n<div id=\"DivAdnetHaberDetay\">\n<div>\n<p>M\u00fczikle ge\u00e7en 50 y\u0131l, 800 beste, 60 milyonu ge\u00e7en alb\u00fcm sat\u0131\u015f\u0131\u2026 Hakiki bir sanat\u00e7\u0131dan s\u00f6z ediyoruz, g\u00fcn\u00fcm\u00fczde emsaline \u00e7ok nadir rastlananlardan\u2026 Buna kar\u015f\u0131n \u00fclkemizde y\u0131llarca, T\u00fcrk\u00e7eye \u00e7evrilen \u015fark\u0131lar\u0131 ve Ajda Pekkan ile olan a\u015fk\u0131yla \u00f6n plana \u00e7\u0131kt\u0131. \u0130\u015fin asl\u0131, ona \u00e7ok a\u015finay\u0131z ama pek de iyi tan\u0131m\u0131yoruz. Bu eksikli\u011fi biraz olsun giderebilmek umuduyla, H\u00fcrriyet D\u00fcnyas\u0131 i\u00e7in, Enrico Macias ile beraberdim\u2026<\/p>\n<p><a href=\"http:\/\/fotogaleri.hurriyet.com.tr\/galeridetay.aspx?cid=58645&amp;rid=2&amp;p=1\" target=\"_blank\">KUL\u0130STEN H\u00dcRR\u0130YET D\u00dcNYASINA \u00d6ZEL G\u00d6R\u00dcNT\u00dcLER \/ FOTO GALER\u0130<\/a><\/p>\n<p><a href=\"http:\/\/fotogaleri.hurriyet.com.tr\/galeridetay.aspx?cid=58646&amp;rid=2&amp;p=1\" target=\"_blank\">ENRICO MACIAS B\u00dcY\u00dcLED\u0130 \/ FOTO GALER\u0130<\/a><\/p>\n<p><strong>\u201cR\u0130T\u0130M MELOD\u0130LER\u0130N \u00d6N\u00dcNE GE\u00c7T\u0130\u201d<\/strong><\/p>\n<p>S\u00f6z konusu yar\u0131m as\u0131rl\u0131k bir m\u00fczik kariyeri olunca, \u015fimdiye dek bir\u00e7ok kez y\u00f6neltilmi\u015f beylik sorular\u0131 ge\u00e7ip, m\u00fczi\u011fin gelece\u011fiyle ilgili endi\u015felerimi dile getirdim ve sordum:<\/p>\n<p><em><strong>Ne oldu o eski melodilere? Neden ismini 50 y\u0131l anaca\u011f\u0131m\u0131z m\u00fczisyenler yeti\u015femiyor?<\/strong><\/em><\/p>\n<p>\u201cAnglosakson m\u00fczik d\u00fcnyay\u0131 tamamen esir ald\u0131. Eskiden melodiler \u00f6n plandayd\u0131 \u015fimdi ritim. \u015eark\u0131 dinlemekten \u00e7ok m\u00fczi\u011fi duyunca dans etmek moda oldu. Yeni jenerasyon k\u0131p\u0131r k\u0131p\u0131r, dinlemekten daha \u00e7ok, \u015fark\u0131y\u0131 ba\u011f\u0131ra ba\u011f\u0131ra hep beraber s\u00f6ylemeyi tercih ediyor.\u201d<\/p>\n<p><em><strong>O halde toplumla da alakal\u0131 bir \u015fey bu&#8230;<\/strong><\/em><\/p>\n<p>Evet. Hissi olmaktan ziyade, canl\u0131 olmay\u0131 tercih eden bir toplum&#8230; \u201cElektronik toplum\u201d diyorum ben buna.<\/p>\n<p>Pour voir la suite de l&rsquo;article et de tr\u00e8s belles photos suivre\u00a0ce lien : <a href=\"http:\/\/www.hurriyet.com.tr\/planet\/21070245.asp\">http:\/\/www.hurriyet.com.tr\/planet\/21070245.asp<\/a><\/p>\n<p>&nbsp;<\/p>\n<p>POUR LES LECTEURS FRANCAIS<\/p>\n<p>Enrico Macias a donn\u00e9 hier soir un magnifique concert hier soir pour ses fans d&rsquo;Istamboul pour f\u00eater avec eux ses 50 ans de carri\u00e8re avant de le f\u00eater en France<\/p>\n<p>&nbsp;<\/p>\n<p>UN GRAND MERCI A SEMA QUI ETAIT HIER AU CONCERT ET QUI NOUS A TRANSMIS CE LIEN<\/p>\n<p>&nbsp;<\/p>\n<\/div>\n<\/div>\n","protected":false},"excerpt":{"rendered":"<p>Sebla Kutsal Cezayir as\u0131ll\u0131 Frans\u0131z m\u00fczisyen Enrico Macias, 50\u2019nci sanat y\u0131l\u0131n\u0131 Fransa&rsquo;dan \u00f6nce, ilk me\u015fhur oldu\u011fu \u00fclke olan T\u00fcrkiye&rsquo;de kutlad\u0131. Macias, d\u00fcn ak\u015fam \u0130stanbul\u2019da hayranlar\u0131na muhte\u015fem bir konser verdi. M\u00fczikle ge\u00e7en 50 y\u0131l, 800 beste, 60 milyonu ge\u00e7en alb\u00fcm sat\u0131\u015f\u0131\u2026 &hellip;<\/p>\n<p class=\"read-more\"> <a class=\"more-link\" href=\"https:\/\/enricomaciasloriental.fr\/WordPress\/enrico-macias-50nci-sanat-yilini-istanbulda-kutladi-istamboul-a-celebre-le-50eme-anniversaire-denrico-macias\/\"> <span class=\"screen-reader-text\">Enrico Macias 50&rsquo;nci sanat y\u0131l\u0131n\u0131 \u0130stanbul&rsquo;da kutlad\u0131 &#8211; Istamboul a c\u00e9l\u00e9br\u00e9 le 50\u00e8me anniversaire d&rsquo;Enrico Macias<\/span> Read More &raquo;<\/a><\/p>\n","protected":false},"author":36,"featured_media":0,"comment_status":"open","ping_status":"open","sticky":false,"template":"","format":"standard","meta":{"footnotes":""},"categories":[1],"tags":[],"class_list":["post-5004","post","type-post","status-publish","format-standard","hentry","category-actualites"],"yoast_head":"<!-- This site is optimized with the Yoast SEO plugin v27.4 - https:\/\/yoast.com\/product\/yoast-seo-wordpress\/ -->\n<title>Enrico Macias 50&#039;nci sanat y\u0131l\u0131n\u0131 \u0130stanbul&#039;da kutlad\u0131 - Istamboul a c\u00e9l\u00e9br\u00e9 le 50\u00e8me anniversaire d&#039;Enrico Macias - ENRICO MACIAS L&#039;Oriental<\/title>\n<meta name=\"robots\" content=\"index, follow, max-snippet:-1, max-image-preview:large, max-video-preview:-1\" \/>\n<link rel=\"canonical\" href=\"https:\/\/enricomaciasloriental.fr\/WordPress\/enrico-macias-50nci-sanat-yilini-istanbulda-kutladi-istamboul-a-celebre-le-50eme-anniversaire-denrico-macias\/\" \/>\n<meta property=\"og:locale\" content=\"fr_FR\" \/>\n<meta property=\"og:type\" content=\"article\" \/>\n<meta property=\"og:title\" content=\"Enrico Macias 50&#039;nci sanat y\u0131l\u0131n\u0131 \u0130stanbul&#039;da kutlad\u0131 - Istamboul a c\u00e9l\u00e9br\u00e9 le 50\u00e8me anniversaire d&#039;Enrico Macias - ENRICO MACIAS L&#039;Oriental\" \/>\n<meta property=\"og:description\" content=\"Sebla Kutsal Cezayir as\u0131ll\u0131 Frans\u0131z m\u00fczisyen Enrico Macias, 50\u2019nci sanat y\u0131l\u0131n\u0131 Fransa&rsquo;dan \u00f6nce, ilk me\u015fhur oldu\u011fu \u00fclke olan T\u00fcrkiye&rsquo;de kutlad\u0131. Macias, d\u00fcn ak\u015fam \u0130stanbul\u2019da hayranlar\u0131na muhte\u015fem bir konser verdi. M\u00fczikle ge\u00e7en 50 y\u0131l, 800 beste, 60 milyonu ge\u00e7en alb\u00fcm sat\u0131\u015f\u0131\u2026 &hellip; Enrico Macias 50&rsquo;nci sanat y\u0131l\u0131n\u0131 \u0130stanbul&rsquo;da kutlad\u0131 &#8211; Istamboul a c\u00e9l\u00e9br\u00e9 le 50\u00e8me anniversaire d&rsquo;Enrico Macias Read More &raquo;\" \/>\n<meta property=\"og:url\" content=\"https:\/\/enricomaciasloriental.fr\/WordPress\/enrico-macias-50nci-sanat-yilini-istanbulda-kutladi-istamboul-a-celebre-le-50eme-anniversaire-denrico-macias\/\" \/>\n<meta property=\"og:site_name\" content=\"ENRICO MACIAS L&#039;Oriental\" \/>\n<meta property=\"article:published_time\" content=\"2012-07-26T16:42:05+00:00\" \/>\n<meta property=\"article:modified_time\" content=\"2015-07-04T16:40:22+00:00\" \/>\n<meta property=\"og:image\" content=\"http:\/\/enricomaciasloriental.fr\/WordPress\/wp-content\/uploads\/\/2012\/07\/17350933.jpg\" \/>\n<meta name=\"author\" content=\"Loriental\" \/>\n<meta name=\"twitter:card\" content=\"summary_large_image\" \/>\n<meta name=\"twitter:label1\" content=\"\u00c9crit par\" \/>\n\t<meta name=\"twitter:data1\" content=\"Loriental\" \/>\n\t<meta name=\"twitter:label2\" content=\"Dur\u00e9e de lecture estim\u00e9e\" \/>\n\t<meta name=\"twitter:data2\" content=\"2 minutes\" \/>\n<script type=\"application\/ld+json\" class=\"yoast-schema-graph\">{\"@context\":\"https:\\\/\\\/schema.org\",\"@graph\":[{\"@type\":\"Article\",\"@id\":\"https:\\\/\\\/enricomaciasloriental.fr\\\/WordPress\\\/enrico-macias-50nci-sanat-yilini-istanbulda-kutladi-istamboul-a-celebre-le-50eme-anniversaire-denrico-macias\\\/#article\",\"isPartOf\":{\"@id\":\"https:\\\/\\\/enricomaciasloriental.fr\\\/WordPress\\\/enrico-macias-50nci-sanat-yilini-istanbulda-kutladi-istamboul-a-celebre-le-50eme-anniversaire-denrico-macias\\\/\"},\"author\":{\"name\":\"Loriental\",\"@id\":\"https:\\\/\\\/enricomaciasloriental.fr\\\/WordPress\\\/#\\\/schema\\\/person\\\/53fba112c6f4f0b335578890a816262e\"},\"headline\":\"Enrico Macias 50&rsquo;nci sanat y\u0131l\u0131n\u0131 \u0130stanbul&rsquo;da kutlad\u0131 &#8211; Istamboul a c\u00e9l\u00e9br\u00e9 le 50\u00e8me anniversaire d&rsquo;Enrico Macias\",\"datePublished\":\"2012-07-26T16:42:05+00:00\",\"dateModified\":\"2015-07-04T16:40:22+00:00\",\"mainEntityOfPage\":{\"@id\":\"https:\\\/\\\/enricomaciasloriental.fr\\\/WordPress\\\/enrico-macias-50nci-sanat-yilini-istanbulda-kutladi-istamboul-a-celebre-le-50eme-anniversaire-denrico-macias\\\/\"},\"wordCount\":382,\"commentCount\":0,\"publisher\":{\"@id\":\"https:\\\/\\\/enricomaciasloriental.fr\\\/WordPress\\\/#\\\/schema\\\/person\\\/53fba112c6f4f0b335578890a816262e\"},\"image\":{\"@id\":\"https:\\\/\\\/enricomaciasloriental.fr\\\/WordPress\\\/enrico-macias-50nci-sanat-yilini-istanbulda-kutladi-istamboul-a-celebre-le-50eme-anniversaire-denrico-macias\\\/#primaryimage\"},\"thumbnailUrl\":\"http:\\\/\\\/enricomaciasloriental.fr\\\/WordPress\\\/wp-content\\\/uploads\\\/\\\/2012\\\/07\\\/17350933.jpg\",\"articleSection\":[\"Actualit\u00e9s\"],\"inLanguage\":\"fr-FR\",\"potentialAction\":[{\"@type\":\"CommentAction\",\"name\":\"Comment\",\"target\":[\"https:\\\/\\\/enricomaciasloriental.fr\\\/WordPress\\\/enrico-macias-50nci-sanat-yilini-istanbulda-kutladi-istamboul-a-celebre-le-50eme-anniversaire-denrico-macias\\\/#respond\"]}]},{\"@type\":\"WebPage\",\"@id\":\"https:\\\/\\\/enricomaciasloriental.fr\\\/WordPress\\\/enrico-macias-50nci-sanat-yilini-istanbulda-kutladi-istamboul-a-celebre-le-50eme-anniversaire-denrico-macias\\\/\",\"url\":\"https:\\\/\\\/enricomaciasloriental.fr\\\/WordPress\\\/enrico-macias-50nci-sanat-yilini-istanbulda-kutladi-istamboul-a-celebre-le-50eme-anniversaire-denrico-macias\\\/\",\"name\":\"Enrico Macias 50'nci sanat y\u0131l\u0131n\u0131 \u0130stanbul'da kutlad\u0131 - Istamboul a c\u00e9l\u00e9br\u00e9 le 50\u00e8me anniversaire d'Enrico Macias - ENRICO MACIAS L&#039;Oriental\",\"isPartOf\":{\"@id\":\"https:\\\/\\\/enricomaciasloriental.fr\\\/WordPress\\\/#website\"},\"primaryImageOfPage\":{\"@id\":\"https:\\\/\\\/enricomaciasloriental.fr\\\/WordPress\\\/enrico-macias-50nci-sanat-yilini-istanbulda-kutladi-istamboul-a-celebre-le-50eme-anniversaire-denrico-macias\\\/#primaryimage\"},\"image\":{\"@id\":\"https:\\\/\\\/enricomaciasloriental.fr\\\/WordPress\\\/enrico-macias-50nci-sanat-yilini-istanbulda-kutladi-istamboul-a-celebre-le-50eme-anniversaire-denrico-macias\\\/#primaryimage\"},\"thumbnailUrl\":\"http:\\\/\\\/enricomaciasloriental.fr\\\/WordPress\\\/wp-content\\\/uploads\\\/\\\/2012\\\/07\\\/17350933.jpg\",\"datePublished\":\"2012-07-26T16:42:05+00:00\",\"dateModified\":\"2015-07-04T16:40:22+00:00\",\"breadcrumb\":{\"@id\":\"https:\\\/\\\/enricomaciasloriental.fr\\\/WordPress\\\/enrico-macias-50nci-sanat-yilini-istanbulda-kutladi-istamboul-a-celebre-le-50eme-anniversaire-denrico-macias\\\/#breadcrumb\"},\"inLanguage\":\"fr-FR\",\"potentialAction\":[{\"@type\":\"ReadAction\",\"target\":[\"https:\\\/\\\/enricomaciasloriental.fr\\\/WordPress\\\/enrico-macias-50nci-sanat-yilini-istanbulda-kutladi-istamboul-a-celebre-le-50eme-anniversaire-denrico-macias\\\/\"]}]},{\"@type\":\"ImageObject\",\"inLanguage\":\"fr-FR\",\"@id\":\"https:\\\/\\\/enricomaciasloriental.fr\\\/WordPress\\\/enrico-macias-50nci-sanat-yilini-istanbulda-kutladi-istamboul-a-celebre-le-50eme-anniversaire-denrico-macias\\\/#primaryimage\",\"url\":\"https:\\\/\\\/enricomaciasloriental.fr\\\/WordPress\\\/wp-content\\\/uploads\\\/\\\/2012\\\/07\\\/17350933.jpg\",\"contentUrl\":\"https:\\\/\\\/enricomaciasloriental.fr\\\/WordPress\\\/wp-content\\\/uploads\\\/\\\/2012\\\/07\\\/17350933.jpg\",\"width\":\"250\",\"height\":\"150\"},{\"@type\":\"BreadcrumbList\",\"@id\":\"https:\\\/\\\/enricomaciasloriental.fr\\\/WordPress\\\/enrico-macias-50nci-sanat-yilini-istanbulda-kutladi-istamboul-a-celebre-le-50eme-anniversaire-denrico-macias\\\/#breadcrumb\",\"itemListElement\":[{\"@type\":\"ListItem\",\"position\":1,\"name\":\"Accueil\",\"item\":\"https:\\\/\\\/enricomaciasloriental.fr\\\/WordPress\\\/\"},{\"@type\":\"ListItem\",\"position\":2,\"name\":\"Enrico Macias 50&rsquo;nci sanat y\u0131l\u0131n\u0131 \u0130stanbul&rsquo;da kutlad\u0131 &#8211; Istamboul a c\u00e9l\u00e9br\u00e9 le 50\u00e8me anniversaire d&rsquo;Enrico Macias\"}]},{\"@type\":\"WebSite\",\"@id\":\"https:\\\/\\\/enricomaciasloriental.fr\\\/WordPress\\\/#website\",\"url\":\"https:\\\/\\\/enricomaciasloriental.fr\\\/WordPress\\\/\",\"name\":\"ENRICO MACIAS L'Oriental\",\"description\":\"IL EST COMME LE SOLEIL\",\"publisher\":{\"@id\":\"https:\\\/\\\/enricomaciasloriental.fr\\\/WordPress\\\/#\\\/schema\\\/person\\\/53fba112c6f4f0b335578890a816262e\"},\"potentialAction\":[{\"@type\":\"SearchAction\",\"target\":{\"@type\":\"EntryPoint\",\"urlTemplate\":\"https:\\\/\\\/enricomaciasloriental.fr\\\/WordPress\\\/?s={search_term_string}\"},\"query-input\":{\"@type\":\"PropertyValueSpecification\",\"valueRequired\":true,\"valueName\":\"search_term_string\"}}],\"inLanguage\":\"fr-FR\"},{\"@type\":[\"Person\",\"Organization\"],\"@id\":\"https:\\\/\\\/enricomaciasloriental.fr\\\/WordPress\\\/#\\\/schema\\\/person\\\/53fba112c6f4f0b335578890a816262e\",\"name\":\"Loriental\",\"image\":{\"@type\":\"ImageObject\",\"inLanguage\":\"fr-FR\",\"@id\":\"https:\\\/\\\/enricomaciasloriental.fr\\\/WordPress\\\/wp-content\\\/uploads\\\/\\\/2015\\\/02\\\/cropped-bannier_altaiir-enrico.jpg\",\"url\":\"https:\\\/\\\/enricomaciasloriental.fr\\\/WordPress\\\/wp-content\\\/uploads\\\/\\\/2015\\\/02\\\/cropped-bannier_altaiir-enrico.jpg\",\"contentUrl\":\"https:\\\/\\\/enricomaciasloriental.fr\\\/WordPress\\\/wp-content\\\/uploads\\\/\\\/2015\\\/02\\\/cropped-bannier_altaiir-enrico.jpg\",\"width\":1200,\"height\":150,\"caption\":\"Loriental\"},\"logo\":{\"@id\":\"https:\\\/\\\/enricomaciasloriental.fr\\\/WordPress\\\/wp-content\\\/uploads\\\/\\\/2015\\\/02\\\/cropped-bannier_altaiir-enrico.jpg\"},\"sameAs\":[\"http:\\\/\\\/www.enricomaciasloriental.fr\\\/\"]}]}<\/script>\n<!-- \/ Yoast SEO plugin. -->","yoast_head_json":{"title":"Enrico Macias 50'nci sanat y\u0131l\u0131n\u0131 \u0130stanbul'da kutlad\u0131 - Istamboul a c\u00e9l\u00e9br\u00e9 le 50\u00e8me anniversaire d'Enrico Macias - ENRICO MACIAS L&#039;Oriental","robots":{"index":"index","follow":"follow","max-snippet":"max-snippet:-1","max-image-preview":"max-image-preview:large","max-video-preview":"max-video-preview:-1"},"canonical":"https:\/\/enricomaciasloriental.fr\/WordPress\/enrico-macias-50nci-sanat-yilini-istanbulda-kutladi-istamboul-a-celebre-le-50eme-anniversaire-denrico-macias\/","og_locale":"fr_FR","og_type":"article","og_title":"Enrico Macias 50'nci sanat y\u0131l\u0131n\u0131 \u0130stanbul'da kutlad\u0131 - Istamboul a c\u00e9l\u00e9br\u00e9 le 50\u00e8me anniversaire d'Enrico Macias - ENRICO MACIAS L&#039;Oriental","og_description":"Sebla Kutsal Cezayir as\u0131ll\u0131 Frans\u0131z m\u00fczisyen Enrico Macias, 50\u2019nci sanat y\u0131l\u0131n\u0131 Fransa&rsquo;dan \u00f6nce, ilk me\u015fhur oldu\u011fu \u00fclke olan T\u00fcrkiye&rsquo;de kutlad\u0131. Macias, d\u00fcn ak\u015fam \u0130stanbul\u2019da hayranlar\u0131na muhte\u015fem bir konser verdi. M\u00fczikle ge\u00e7en 50 y\u0131l, 800 beste, 60 milyonu ge\u00e7en alb\u00fcm sat\u0131\u015f\u0131\u2026 &hellip; Enrico Macias 50&rsquo;nci sanat y\u0131l\u0131n\u0131 \u0130stanbul&rsquo;da kutlad\u0131 &#8211; Istamboul a c\u00e9l\u00e9br\u00e9 le 50\u00e8me anniversaire d&rsquo;Enrico Macias Read More &raquo;","og_url":"https:\/\/enricomaciasloriental.fr\/WordPress\/enrico-macias-50nci-sanat-yilini-istanbulda-kutladi-istamboul-a-celebre-le-50eme-anniversaire-denrico-macias\/","og_site_name":"ENRICO MACIAS L&#039;Oriental","article_published_time":"2012-07-26T16:42:05+00:00","article_modified_time":"2015-07-04T16:40:22+00:00","og_image":[{"url":"http:\/\/enricomaciasloriental.fr\/WordPress\/wp-content\/uploads\/\/2012\/07\/17350933.jpg","type":"","width":"","height":""}],"author":"Loriental","twitter_card":"summary_large_image","twitter_misc":{"\u00c9crit par":"Loriental","Dur\u00e9e de lecture estim\u00e9e":"2 minutes"},"schema":{"@context":"https:\/\/schema.org","@graph":[{"@type":"Article","@id":"https:\/\/enricomaciasloriental.fr\/WordPress\/enrico-macias-50nci-sanat-yilini-istanbulda-kutladi-istamboul-a-celebre-le-50eme-anniversaire-denrico-macias\/#article","isPartOf":{"@id":"https:\/\/enricomaciasloriental.fr\/WordPress\/enrico-macias-50nci-sanat-yilini-istanbulda-kutladi-istamboul-a-celebre-le-50eme-anniversaire-denrico-macias\/"},"author":{"name":"Loriental","@id":"https:\/\/enricomaciasloriental.fr\/WordPress\/#\/schema\/person\/53fba112c6f4f0b335578890a816262e"},"headline":"Enrico Macias 50&rsquo;nci sanat y\u0131l\u0131n\u0131 \u0130stanbul&rsquo;da kutlad\u0131 &#8211; Istamboul a c\u00e9l\u00e9br\u00e9 le 50\u00e8me anniversaire d&rsquo;Enrico Macias","datePublished":"2012-07-26T16:42:05+00:00","dateModified":"2015-07-04T16:40:22+00:00","mainEntityOfPage":{"@id":"https:\/\/enricomaciasloriental.fr\/WordPress\/enrico-macias-50nci-sanat-yilini-istanbulda-kutladi-istamboul-a-celebre-le-50eme-anniversaire-denrico-macias\/"},"wordCount":382,"commentCount":0,"publisher":{"@id":"https:\/\/enricomaciasloriental.fr\/WordPress\/#\/schema\/person\/53fba112c6f4f0b335578890a816262e"},"image":{"@id":"https:\/\/enricomaciasloriental.fr\/WordPress\/enrico-macias-50nci-sanat-yilini-istanbulda-kutladi-istamboul-a-celebre-le-50eme-anniversaire-denrico-macias\/#primaryimage"},"thumbnailUrl":"http:\/\/enricomaciasloriental.fr\/WordPress\/wp-content\/uploads\/\/2012\/07\/17350933.jpg","articleSection":["Actualit\u00e9s"],"inLanguage":"fr-FR","potentialAction":[{"@type":"CommentAction","name":"Comment","target":["https:\/\/enricomaciasloriental.fr\/WordPress\/enrico-macias-50nci-sanat-yilini-istanbulda-kutladi-istamboul-a-celebre-le-50eme-anniversaire-denrico-macias\/#respond"]}]},{"@type":"WebPage","@id":"https:\/\/enricomaciasloriental.fr\/WordPress\/enrico-macias-50nci-sanat-yilini-istanbulda-kutladi-istamboul-a-celebre-le-50eme-anniversaire-denrico-macias\/","url":"https:\/\/enricomaciasloriental.fr\/WordPress\/enrico-macias-50nci-sanat-yilini-istanbulda-kutladi-istamboul-a-celebre-le-50eme-anniversaire-denrico-macias\/","name":"Enrico Macias 50'nci sanat y\u0131l\u0131n\u0131 \u0130stanbul'da kutlad\u0131 - Istamboul a c\u00e9l\u00e9br\u00e9 le 50\u00e8me anniversaire d'Enrico Macias - ENRICO MACIAS L&#039;Oriental","isPartOf":{"@id":"https:\/\/enricomaciasloriental.fr\/WordPress\/#website"},"primaryImageOfPage":{"@id":"https:\/\/enricomaciasloriental.fr\/WordPress\/enrico-macias-50nci-sanat-yilini-istanbulda-kutladi-istamboul-a-celebre-le-50eme-anniversaire-denrico-macias\/#primaryimage"},"image":{"@id":"https:\/\/enricomaciasloriental.fr\/WordPress\/enrico-macias-50nci-sanat-yilini-istanbulda-kutladi-istamboul-a-celebre-le-50eme-anniversaire-denrico-macias\/#primaryimage"},"thumbnailUrl":"http:\/\/enricomaciasloriental.fr\/WordPress\/wp-content\/uploads\/\/2012\/07\/17350933.jpg","datePublished":"2012-07-26T16:42:05+00:00","dateModified":"2015-07-04T16:40:22+00:00","breadcrumb":{"@id":"https:\/\/enricomaciasloriental.fr\/WordPress\/enrico-macias-50nci-sanat-yilini-istanbulda-kutladi-istamboul-a-celebre-le-50eme-anniversaire-denrico-macias\/#breadcrumb"},"inLanguage":"fr-FR","potentialAction":[{"@type":"ReadAction","target":["https:\/\/enricomaciasloriental.fr\/WordPress\/enrico-macias-50nci-sanat-yilini-istanbulda-kutladi-istamboul-a-celebre-le-50eme-anniversaire-denrico-macias\/"]}]},{"@type":"ImageObject","inLanguage":"fr-FR","@id":"https:\/\/enricomaciasloriental.fr\/WordPress\/enrico-macias-50nci-sanat-yilini-istanbulda-kutladi-istamboul-a-celebre-le-50eme-anniversaire-denrico-macias\/#primaryimage","url":"https:\/\/enricomaciasloriental.fr\/WordPress\/wp-content\/uploads\/\/2012\/07\/17350933.jpg","contentUrl":"https:\/\/enricomaciasloriental.fr\/WordPress\/wp-content\/uploads\/\/2012\/07\/17350933.jpg","width":"250","height":"150"},{"@type":"BreadcrumbList","@id":"https:\/\/enricomaciasloriental.fr\/WordPress\/enrico-macias-50nci-sanat-yilini-istanbulda-kutladi-istamboul-a-celebre-le-50eme-anniversaire-denrico-macias\/#breadcrumb","itemListElement":[{"@type":"ListItem","position":1,"name":"Accueil","item":"https:\/\/enricomaciasloriental.fr\/WordPress\/"},{"@type":"ListItem","position":2,"name":"Enrico Macias 50&rsquo;nci sanat y\u0131l\u0131n\u0131 \u0130stanbul&rsquo;da kutlad\u0131 &#8211; Istamboul a c\u00e9l\u00e9br\u00e9 le 50\u00e8me anniversaire d&rsquo;Enrico Macias"}]},{"@type":"WebSite","@id":"https:\/\/enricomaciasloriental.fr\/WordPress\/#website","url":"https:\/\/enricomaciasloriental.fr\/WordPress\/","name":"ENRICO MACIAS L'Oriental","description":"IL EST COMME LE SOLEIL","publisher":{"@id":"https:\/\/enricomaciasloriental.fr\/WordPress\/#\/schema\/person\/53fba112c6f4f0b335578890a816262e"},"potentialAction":[{"@type":"SearchAction","target":{"@type":"EntryPoint","urlTemplate":"https:\/\/enricomaciasloriental.fr\/WordPress\/?s={search_term_string}"},"query-input":{"@type":"PropertyValueSpecification","valueRequired":true,"valueName":"search_term_string"}}],"inLanguage":"fr-FR"},{"@type":["Person","Organization"],"@id":"https:\/\/enricomaciasloriental.fr\/WordPress\/#\/schema\/person\/53fba112c6f4f0b335578890a816262e","name":"Loriental","image":{"@type":"ImageObject","inLanguage":"fr-FR","@id":"https:\/\/enricomaciasloriental.fr\/WordPress\/wp-content\/uploads\/\/2015\/02\/cropped-bannier_altaiir-enrico.jpg","url":"https:\/\/enricomaciasloriental.fr\/WordPress\/wp-content\/uploads\/\/2015\/02\/cropped-bannier_altaiir-enrico.jpg","contentUrl":"https:\/\/enricomaciasloriental.fr\/WordPress\/wp-content\/uploads\/\/2015\/02\/cropped-bannier_altaiir-enrico.jpg","width":1200,"height":150,"caption":"Loriental"},"logo":{"@id":"https:\/\/enricomaciasloriental.fr\/WordPress\/wp-content\/uploads\/\/2015\/02\/cropped-bannier_altaiir-enrico.jpg"},"sameAs":["http:\/\/www.enricomaciasloriental.fr\/"]}]}},"featured_image_src":"","featured_image_src_square":false,"author_info":{"display_name":"Loriental","author_link":"https:\/\/enricomaciasloriental.fr\/WordPress\/author\/admin9234\/"},"rbea_author_info":{"display_name":"Loriental","author_link":"https:\/\/enricomaciasloriental.fr\/WordPress\/author\/admin9234\/"},"rbea_excerpt_info":"Sebla Kutsal Cezayir as\u0131ll\u0131 Frans\u0131z m\u00fczisyen Enrico Macias, 50\u2019nci sanat y\u0131l\u0131n\u0131 Fransa&rsquo;dan \u00f6nce, ilk me\u015fhur oldu\u011fu \u00fclke olan T\u00fcrkiye&rsquo;de kutlad\u0131. Macias, d\u00fcn ak\u015fam \u0130stanbul\u2019da hayranlar\u0131na muhte\u015fem bir konser verdi. M\u00fczikle ge\u00e7en 50 y\u0131l, 800 beste, 60 milyonu ge\u00e7en alb\u00fcm sat\u0131\u015f\u0131\u2026 &hellip;<p class=\"read-more\"> <a class=\"more-link\" href=\"https:\/\/enricomaciasloriental.fr\/WordPress\/enrico-macias-50nci-sanat-yilini-istanbulda-kutladi-istamboul-a-celebre-le-50eme-anniversaire-denrico-macias\/\"> <span class=\"screen-reader-text\">Enrico Macias 50&rsquo;nci sanat y\u0131l\u0131n\u0131 \u0130stanbul&rsquo;da kutlad\u0131 &#8211; Istamboul a c\u00e9l\u00e9br\u00e9 le 50\u00e8me anniversaire d&rsquo;Enrico Macias<\/span> Read More &raquo;<\/a><\/p>","category_list":"<a href=\"https:\/\/enricomaciasloriental.fr\/WordPress\/category\/actualites\/\">Actualit\u00e9s<\/a>","comments_num":"0 comments","_links":{"self":[{"href":"https:\/\/enricomaciasloriental.fr\/WordPress\/wp-json\/wp\/v2\/posts\/5004","targetHints":{"allow":["GET"]}}],"collection":[{"href":"https:\/\/enricomaciasloriental.fr\/WordPress\/wp-json\/wp\/v2\/posts"}],"about":[{"href":"https:\/\/enricomaciasloriental.fr\/WordPress\/wp-json\/wp\/v2\/types\/post"}],"author":[{"embeddable":true,"href":"https:\/\/enricomaciasloriental.fr\/WordPress\/wp-json\/wp\/v2\/users\/36"}],"replies":[{"embeddable":true,"href":"https:\/\/enricomaciasloriental.fr\/WordPress\/wp-json\/wp\/v2\/comments?post=5004"}],"version-history":[{"count":0,"href":"https:\/\/enricomaciasloriental.fr\/WordPress\/wp-json\/wp\/v2\/posts\/5004\/revisions"}],"wp:attachment":[{"href":"https:\/\/enricomaciasloriental.fr\/WordPress\/wp-json\/wp\/v2\/media?parent=5004"}],"wp:term":[{"taxonomy":"category","embeddable":true,"href":"https:\/\/enricomaciasloriental.fr\/WordPress\/wp-json\/wp\/v2\/categories?post=5004"},{"taxonomy":"post_tag","embeddable":true,"href":"https:\/\/enricomaciasloriental.fr\/WordPress\/wp-json\/wp\/v2\/tags?post=5004"}],"curies":[{"name":"wp","href":"https:\/\/api.w.org\/{rel}","templated":true}]}}