{"id":5329,"date":"2012-10-07T19:17:19","date_gmt":"2012-10-07T17:17:19","guid":{"rendered":"http:\/\/enricomaciasloriental.fr\/WordPress\/?p=5329"},"modified":"2012-10-07T19:17:19","modified_gmt":"2012-10-07T17:17:19","slug":"concert-pour-la-tolerance-a-agadir-une-soiree-de-dialogue-et-de-partage","status":"publish","type":"post","link":"https:\/\/enricomaciasloriental.fr\/WordPress\/concert-pour-la-tolerance-a-agadir-une-soiree-de-dialogue-et-de-partage\/","title":{"rendered":"Concert pour la tol\u00e9rance \u00e0 Agadir &#8211; Une soir\u00e9e de dialogue et de partage"},"content":{"rendered":"<p><a href=\"https:\/\/enricomaciasloriental.fr\/WordPress\/wp-content\/uploads\/\/2012\/10\/imager.jpg\"><img fetchpriority=\"high\" decoding=\"async\" class=\"alignleft size-medium wp-image-5330\" title=\"imager\" src=\"https:\/\/enricomaciasloriental.fr\/WordPress\/wp-content\/uploads\/\/2012\/10\/imager-300x179.jpg\" alt=\"\" width=\"300\" height=\"179\" srcset=\"https:\/\/enricomaciasloriental.fr\/WordPress\/wp-content\/uploads\/2012\/10\/imager-300x179.jpg 300w, https:\/\/enricomaciasloriental.fr\/WordPress\/wp-content\/uploads\/2012\/10\/imager.jpg 540w\" sizes=\"(max-width: 300px) 100vw, 300px\" \/><\/a>Plus d\u2019une vingtaine d\u2019artistes b\u00e9n\u00e9voles sont pass\u00e9s, samedi dernier, sur le plateau de l\u2019\u00e9mission pour la tol\u00e9rance \u00e0 Agadir. \u25cf Une soir\u00e9e dont le concept est de voir les peuples vivre en paix et en solidarit\u00e9 quelles que soient leurs religion, couleur, race, ethnie et culture.<\/p>\n<p>Plus de 200 000 spectateurs \u00e9taient pr\u00e9sents au 7e concert pour la tol\u00e9rance organis\u00e9 par France 2 en collaboration avec la cha\u00eene marocaine 2M. Une ambiance conviviale a caract\u00e9ris\u00e9 cette f\u00eate musicale pour laquelle les Gadiris n\u2019ont pas h\u00e9sit\u00e9 \u00e0 se d\u00e9placer pour assister et partager en live ce plateau d\u2019\u00e9mission TV programm\u00e9e pour la f\u00eate de fin d\u2019ann\u00e9e sur France 2.<\/p>\n<p>Apr\u00e8s un temps de retard inestimable que les organisateurs ont rel\u00e9gu\u00e9 aux probl\u00e8mes techniques, la star du Rai, Cheb Khaled, ouvre le bal avec \u00abC\u2019est ma vie\u00bb, chanson de son dernier album. Enflammant la sc\u00e8ne comme \u00e0 son habitude, il a emport\u00e9 le public qui a chant\u00e9 avec lui en toute joie et bonheur.<\/p>\n<p>\u00abC\u2019est important d\u2019\u00eatre l\u00e0 ce soir, d\u2019accepter la diff\u00e9rence de l\u2019autre, de vivre avec amour\u00bb, a dit Cheb Khaled sur sc\u00e8ne. Puis, la soir\u00e9e s\u2019encha\u00eene avec les chanteuses et chanteurs, Jenifer, M. Pokora, Garou, Corneille et Christina, Enrico Macias, la Compagnie cr\u00e9ole, Jessy Matador, Nossa, Tryo, tous aussi enthousiastes pour ce rendez-vous de la tol\u00e9rance qu\u2019ils consid\u00e8rent comme un atout pour pouvoir vivre avec les autres et s\u2019ouvrir \u00e0 d\u2019autres pays. \u00abS\u2019ouvrir sur les autres est la plus grande richesse qui puisse exister. La musique constitue un moyen important pour ce partage, dialogue et communion\u00bb. En effet, cette soir\u00e9e de partage nous a fait vivre des moments uniques avec des duos exceptionnels, notamment celui de Cheb Khaled et Enrico Macias qui sont revenus sur sc\u00e8ne sous un tonnerre d\u2019applaudissements. Une r\u00e9apparition qui refl\u00e8te bien les objectifs de la manifestation, ceux de porter haut les valeurs d\u2019\u00e9change, de partage et de respect de l\u2019autre, d\u00e9livrant ainsi ce message de paix et de fraternit\u00e9.<\/p>\n<p>Comme l\u2019a bien soulign\u00e9 Enrico Macias en disant : \u00abJ\u2019aime Khaled, sa voix et sa mentalit\u00e9 tr\u00e8s ouverte\u00bb. Ces deux natifs d\u2019Oran, qui pr\u00e9voient de r\u00e9aliser un CD ensemble, ont fait danser le public sur les m\u00e9lodies de la chanson \u00abL\u2019oriental\u00bb. Mais ce n\u2019\u00e9tait pas l\u2019unique surprise de la soir\u00e9e, puisqu\u2019apr\u00e8s le passage du Colonel Reyel, c\u2019\u00e9tait le moment de voir apparaitre un autre duo aussi singulier avec les deux chanteurs rock, Garou et Vigon, qui ont admirablement interpr\u00e9t\u00e9 un tube des ann\u00e9es 70 en toute communion et complicit\u00e9. C\u2019est \u00e7a le respect et l\u2019amour de l\u2019autre. \u00abBeaucoup de figures de l\u2019art, de la politique et de la religion ont, de tout temps, incarn\u00e9 ce mot de tol\u00e9rance.<\/p>\n<p>D\u2019autres doivent continuer dans le m\u00eame registre\u00bb, rench\u00e9rit Garou. C\u2019est ce sens d\u2019union et d\u2019attention de chacun vers l\u2019autre qui a marqu\u00e9 cette soir\u00e9e de musique et d\u2019\u00e9motion. Des moments de partage que l\u2019on a vu, \u00e9galement, avec Jenifer et M.Pokora, avant de terminer en compagnie des autres chanteurs, venus sp\u00e9cialement pour cette noble cause, notamment Baptiste Giabiconi, DJ Mam\u2019s, John Mmann, Julien Perretta, Kenza Farah, Youssoupha, Passi, Laza Morgan, Louisy Joseph et le jeune Ahmed Soltan. Ce dernier, qui affirme que c\u2019est une bonne initiative vis-\u00e0-vis du monde francophone, s\u2019est int\u00e9ress\u00e9, depuis ses d\u00e9buts, \u00e0 ce sujet en lan\u00e7ant son premier album sous le nom \u00abTol\u00e9rance\u00bb.<\/p>\n<p>Article paru sur Le MATIN.ma\u00a0 <strong><span style=\"font-size: large;\"><a href=\"http:\/\/www.lematin.ma\/journal\/Concert-pour-la-tolerance-a-Agadir_Une-soiree-de-dialogue-et-de-partage\/172476.html\" target=\"_blank\">ICI<\/a><\/span><\/strong><\/p>\n","protected":false},"excerpt":{"rendered":"<p>Plus d\u2019une vingtaine d\u2019artistes b\u00e9n\u00e9voles sont pass\u00e9s, samedi dernier, sur le plateau de l\u2019\u00e9mission pour la tol\u00e9rance \u00e0 Agadir. \u25cf Une soir\u00e9e dont le concept est de voir les peuples vivre en paix et en solidarit\u00e9 quelles que soient leurs &hellip;<\/p>\n<p class=\"read-more\"> <a class=\"more-link\" href=\"https:\/\/enricomaciasloriental.fr\/WordPress\/concert-pour-la-tolerance-a-agadir-une-soiree-de-dialogue-et-de-partage\/\"> <span class=\"screen-reader-text\">Concert pour la tol\u00e9rance \u00e0 Agadir &#8211; Une soir\u00e9e de dialogue et de partage<\/span> Read More &raquo;<\/a><\/p>\n","protected":false},"author":36,"featured_media":0,"comment_status":"open","ping_status":"open","sticky":false,"template":"","format":"standard","meta":{"footnotes":""},"categories":[1],"tags":[],"class_list":["post-5329","post","type-post","status-publish","format-standard","hentry","category-actualites"],"yoast_head":"<!-- This site is optimized with the Yoast SEO plugin v27.4 - https:\/\/yoast.com\/product\/yoast-seo-wordpress\/ -->\n<title>Concert pour la tol\u00e9rance \u00e0 Agadir - Une soir\u00e9e de dialogue et de partage - ENRICO MACIAS L&#039;Oriental<\/title>\n<meta name=\"robots\" content=\"index, follow, max-snippet:-1, max-image-preview:large, max-video-preview:-1\" \/>\n<link rel=\"canonical\" href=\"https:\/\/enricomaciasloriental.fr\/WordPress\/concert-pour-la-tolerance-a-agadir-une-soiree-de-dialogue-et-de-partage\/\" \/>\n<meta property=\"og:locale\" content=\"fr_FR\" \/>\n<meta property=\"og:type\" content=\"article\" \/>\n<meta property=\"og:title\" content=\"Concert pour la tol\u00e9rance \u00e0 Agadir - Une soir\u00e9e de dialogue et de partage - ENRICO MACIAS L&#039;Oriental\" \/>\n<meta property=\"og:description\" content=\"Plus d\u2019une vingtaine d\u2019artistes b\u00e9n\u00e9voles sont pass\u00e9s, samedi dernier, sur le plateau de l\u2019\u00e9mission pour la tol\u00e9rance \u00e0 Agadir. \u25cf Une soir\u00e9e dont le concept est de voir les peuples vivre en paix et en solidarit\u00e9 quelles que soient leurs &hellip; Concert pour la tol\u00e9rance \u00e0 Agadir &#8211; Une soir\u00e9e de dialogue et de partage Read More &raquo;\" \/>\n<meta property=\"og:url\" content=\"https:\/\/enricomaciasloriental.fr\/WordPress\/concert-pour-la-tolerance-a-agadir-une-soiree-de-dialogue-et-de-partage\/\" \/>\n<meta property=\"og:site_name\" content=\"ENRICO MACIAS L&#039;Oriental\" \/>\n<meta property=\"article:published_time\" content=\"2012-10-07T17:17:19+00:00\" \/>\n<meta property=\"og:image\" content=\"http:\/\/enricomaciasloriental.fr\/WordPress\/wp-content\/uploads\/\/2012\/10\/imager-300x179.jpg\" \/>\n<meta name=\"author\" content=\"Loriental\" \/>\n<meta name=\"twitter:card\" content=\"summary_large_image\" \/>\n<meta name=\"twitter:label1\" content=\"\u00c9crit par\" \/>\n\t<meta name=\"twitter:data1\" content=\"Loriental\" \/>\n\t<meta name=\"twitter:label2\" content=\"Dur\u00e9e de lecture estim\u00e9e\" \/>\n\t<meta name=\"twitter:data2\" content=\"3 minutes\" \/>\n<script type=\"application\/ld+json\" class=\"yoast-schema-graph\">{\"@context\":\"https:\\\/\\\/schema.org\",\"@graph\":[{\"@type\":\"Article\",\"@id\":\"https:\\\/\\\/enricomaciasloriental.fr\\\/WordPress\\\/concert-pour-la-tolerance-a-agadir-une-soiree-de-dialogue-et-de-partage\\\/#article\",\"isPartOf\":{\"@id\":\"https:\\\/\\\/enricomaciasloriental.fr\\\/WordPress\\\/concert-pour-la-tolerance-a-agadir-une-soiree-de-dialogue-et-de-partage\\\/\"},\"author\":{\"name\":\"Loriental\",\"@id\":\"https:\\\/\\\/enricomaciasloriental.fr\\\/WordPress\\\/#\\\/schema\\\/person\\\/53fba112c6f4f0b335578890a816262e\"},\"headline\":\"Concert pour la tol\u00e9rance \u00e0 Agadir &#8211; Une soir\u00e9e de dialogue et de partage\",\"datePublished\":\"2012-10-07T17:17:19+00:00\",\"mainEntityOfPage\":{\"@id\":\"https:\\\/\\\/enricomaciasloriental.fr\\\/WordPress\\\/concert-pour-la-tolerance-a-agadir-une-soiree-de-dialogue-et-de-partage\\\/\"},\"wordCount\":650,\"commentCount\":0,\"publisher\":{\"@id\":\"https:\\\/\\\/enricomaciasloriental.fr\\\/WordPress\\\/#\\\/schema\\\/person\\\/53fba112c6f4f0b335578890a816262e\"},\"image\":{\"@id\":\"https:\\\/\\\/enricomaciasloriental.fr\\\/WordPress\\\/concert-pour-la-tolerance-a-agadir-une-soiree-de-dialogue-et-de-partage\\\/#primaryimage\"},\"thumbnailUrl\":\"http:\\\/\\\/enricomaciasloriental.fr\\\/WordPress\\\/wp-content\\\/uploads\\\/\\\/2012\\\/10\\\/imager-300x179.jpg\",\"articleSection\":[\"Actualit\u00e9s\"],\"inLanguage\":\"fr-FR\",\"potentialAction\":[{\"@type\":\"CommentAction\",\"name\":\"Comment\",\"target\":[\"https:\\\/\\\/enricomaciasloriental.fr\\\/WordPress\\\/concert-pour-la-tolerance-a-agadir-une-soiree-de-dialogue-et-de-partage\\\/#respond\"]}]},{\"@type\":\"WebPage\",\"@id\":\"https:\\\/\\\/enricomaciasloriental.fr\\\/WordPress\\\/concert-pour-la-tolerance-a-agadir-une-soiree-de-dialogue-et-de-partage\\\/\",\"url\":\"https:\\\/\\\/enricomaciasloriental.fr\\\/WordPress\\\/concert-pour-la-tolerance-a-agadir-une-soiree-de-dialogue-et-de-partage\\\/\",\"name\":\"Concert pour la tol\u00e9rance \u00e0 Agadir - Une soir\u00e9e de dialogue et de partage - ENRICO MACIAS L&#039;Oriental\",\"isPartOf\":{\"@id\":\"https:\\\/\\\/enricomaciasloriental.fr\\\/WordPress\\\/#website\"},\"primaryImageOfPage\":{\"@id\":\"https:\\\/\\\/enricomaciasloriental.fr\\\/WordPress\\\/concert-pour-la-tolerance-a-agadir-une-soiree-de-dialogue-et-de-partage\\\/#primaryimage\"},\"image\":{\"@id\":\"https:\\\/\\\/enricomaciasloriental.fr\\\/WordPress\\\/concert-pour-la-tolerance-a-agadir-une-soiree-de-dialogue-et-de-partage\\\/#primaryimage\"},\"thumbnailUrl\":\"http:\\\/\\\/enricomaciasloriental.fr\\\/WordPress\\\/wp-content\\\/uploads\\\/\\\/2012\\\/10\\\/imager-300x179.jpg\",\"datePublished\":\"2012-10-07T17:17:19+00:00\",\"breadcrumb\":{\"@id\":\"https:\\\/\\\/enricomaciasloriental.fr\\\/WordPress\\\/concert-pour-la-tolerance-a-agadir-une-soiree-de-dialogue-et-de-partage\\\/#breadcrumb\"},\"inLanguage\":\"fr-FR\",\"potentialAction\":[{\"@type\":\"ReadAction\",\"target\":[\"https:\\\/\\\/enricomaciasloriental.fr\\\/WordPress\\\/concert-pour-la-tolerance-a-agadir-une-soiree-de-dialogue-et-de-partage\\\/\"]}]},{\"@type\":\"ImageObject\",\"inLanguage\":\"fr-FR\",\"@id\":\"https:\\\/\\\/enricomaciasloriental.fr\\\/WordPress\\\/concert-pour-la-tolerance-a-agadir-une-soiree-de-dialogue-et-de-partage\\\/#primaryimage\",\"url\":\"https:\\\/\\\/enricomaciasloriental.fr\\\/WordPress\\\/wp-content\\\/uploads\\\/\\\/2012\\\/10\\\/imager.jpg\",\"contentUrl\":\"https:\\\/\\\/enricomaciasloriental.fr\\\/WordPress\\\/wp-content\\\/uploads\\\/\\\/2012\\\/10\\\/imager.jpg\",\"width\":\"540\",\"height\":\"323\"},{\"@type\":\"BreadcrumbList\",\"@id\":\"https:\\\/\\\/enricomaciasloriental.fr\\\/WordPress\\\/concert-pour-la-tolerance-a-agadir-une-soiree-de-dialogue-et-de-partage\\\/#breadcrumb\",\"itemListElement\":[{\"@type\":\"ListItem\",\"position\":1,\"name\":\"Accueil\",\"item\":\"https:\\\/\\\/enricomaciasloriental.fr\\\/WordPress\\\/\"},{\"@type\":\"ListItem\",\"position\":2,\"name\":\"Concert pour la tol\u00e9rance \u00e0 Agadir &#8211; Une soir\u00e9e de dialogue et de partage\"}]},{\"@type\":\"WebSite\",\"@id\":\"https:\\\/\\\/enricomaciasloriental.fr\\\/WordPress\\\/#website\",\"url\":\"https:\\\/\\\/enricomaciasloriental.fr\\\/WordPress\\\/\",\"name\":\"ENRICO MACIAS L'Oriental\",\"description\":\"IL EST COMME LE SOLEIL\",\"publisher\":{\"@id\":\"https:\\\/\\\/enricomaciasloriental.fr\\\/WordPress\\\/#\\\/schema\\\/person\\\/53fba112c6f4f0b335578890a816262e\"},\"potentialAction\":[{\"@type\":\"SearchAction\",\"target\":{\"@type\":\"EntryPoint\",\"urlTemplate\":\"https:\\\/\\\/enricomaciasloriental.fr\\\/WordPress\\\/?s={search_term_string}\"},\"query-input\":{\"@type\":\"PropertyValueSpecification\",\"valueRequired\":true,\"valueName\":\"search_term_string\"}}],\"inLanguage\":\"fr-FR\"},{\"@type\":[\"Person\",\"Organization\"],\"@id\":\"https:\\\/\\\/enricomaciasloriental.fr\\\/WordPress\\\/#\\\/schema\\\/person\\\/53fba112c6f4f0b335578890a816262e\",\"name\":\"Loriental\",\"image\":{\"@type\":\"ImageObject\",\"inLanguage\":\"fr-FR\",\"@id\":\"https:\\\/\\\/enricomaciasloriental.fr\\\/WordPress\\\/wp-content\\\/uploads\\\/\\\/2015\\\/02\\\/cropped-bannier_altaiir-enrico.jpg\",\"url\":\"https:\\\/\\\/enricomaciasloriental.fr\\\/WordPress\\\/wp-content\\\/uploads\\\/\\\/2015\\\/02\\\/cropped-bannier_altaiir-enrico.jpg\",\"contentUrl\":\"https:\\\/\\\/enricomaciasloriental.fr\\\/WordPress\\\/wp-content\\\/uploads\\\/\\\/2015\\\/02\\\/cropped-bannier_altaiir-enrico.jpg\",\"width\":1200,\"height\":150,\"caption\":\"Loriental\"},\"logo\":{\"@id\":\"https:\\\/\\\/enricomaciasloriental.fr\\\/WordPress\\\/wp-content\\\/uploads\\\/\\\/2015\\\/02\\\/cropped-bannier_altaiir-enrico.jpg\"},\"sameAs\":[\"http:\\\/\\\/www.enricomaciasloriental.fr\\\/\"]}]}<\/script>\n<!-- \/ Yoast SEO plugin. -->","yoast_head_json":{"title":"Concert pour la tol\u00e9rance \u00e0 Agadir - Une soir\u00e9e de dialogue et de partage - ENRICO MACIAS L&#039;Oriental","robots":{"index":"index","follow":"follow","max-snippet":"max-snippet:-1","max-image-preview":"max-image-preview:large","max-video-preview":"max-video-preview:-1"},"canonical":"https:\/\/enricomaciasloriental.fr\/WordPress\/concert-pour-la-tolerance-a-agadir-une-soiree-de-dialogue-et-de-partage\/","og_locale":"fr_FR","og_type":"article","og_title":"Concert pour la tol\u00e9rance \u00e0 Agadir - Une soir\u00e9e de dialogue et de partage - ENRICO MACIAS L&#039;Oriental","og_description":"Plus d\u2019une vingtaine d\u2019artistes b\u00e9n\u00e9voles sont pass\u00e9s, samedi dernier, sur le plateau de l\u2019\u00e9mission pour la tol\u00e9rance \u00e0 Agadir. \u25cf Une soir\u00e9e dont le concept est de voir les peuples vivre en paix et en solidarit\u00e9 quelles que soient leurs &hellip; Concert pour la tol\u00e9rance \u00e0 Agadir &#8211; Une soir\u00e9e de dialogue et de partage Read More &raquo;","og_url":"https:\/\/enricomaciasloriental.fr\/WordPress\/concert-pour-la-tolerance-a-agadir-une-soiree-de-dialogue-et-de-partage\/","og_site_name":"ENRICO MACIAS L&#039;Oriental","article_published_time":"2012-10-07T17:17:19+00:00","og_image":[{"url":"http:\/\/enricomaciasloriental.fr\/WordPress\/wp-content\/uploads\/\/2012\/10\/imager-300x179.jpg","type":"","width":"","height":""}],"author":"Loriental","twitter_card":"summary_large_image","twitter_misc":{"\u00c9crit par":"Loriental","Dur\u00e9e de lecture estim\u00e9e":"3 minutes"},"schema":{"@context":"https:\/\/schema.org","@graph":[{"@type":"Article","@id":"https:\/\/enricomaciasloriental.fr\/WordPress\/concert-pour-la-tolerance-a-agadir-une-soiree-de-dialogue-et-de-partage\/#article","isPartOf":{"@id":"https:\/\/enricomaciasloriental.fr\/WordPress\/concert-pour-la-tolerance-a-agadir-une-soiree-de-dialogue-et-de-partage\/"},"author":{"name":"Loriental","@id":"https:\/\/enricomaciasloriental.fr\/WordPress\/#\/schema\/person\/53fba112c6f4f0b335578890a816262e"},"headline":"Concert pour la tol\u00e9rance \u00e0 Agadir &#8211; Une soir\u00e9e de dialogue et de partage","datePublished":"2012-10-07T17:17:19+00:00","mainEntityOfPage":{"@id":"https:\/\/enricomaciasloriental.fr\/WordPress\/concert-pour-la-tolerance-a-agadir-une-soiree-de-dialogue-et-de-partage\/"},"wordCount":650,"commentCount":0,"publisher":{"@id":"https:\/\/enricomaciasloriental.fr\/WordPress\/#\/schema\/person\/53fba112c6f4f0b335578890a816262e"},"image":{"@id":"https:\/\/enricomaciasloriental.fr\/WordPress\/concert-pour-la-tolerance-a-agadir-une-soiree-de-dialogue-et-de-partage\/#primaryimage"},"thumbnailUrl":"http:\/\/enricomaciasloriental.fr\/WordPress\/wp-content\/uploads\/\/2012\/10\/imager-300x179.jpg","articleSection":["Actualit\u00e9s"],"inLanguage":"fr-FR","potentialAction":[{"@type":"CommentAction","name":"Comment","target":["https:\/\/enricomaciasloriental.fr\/WordPress\/concert-pour-la-tolerance-a-agadir-une-soiree-de-dialogue-et-de-partage\/#respond"]}]},{"@type":"WebPage","@id":"https:\/\/enricomaciasloriental.fr\/WordPress\/concert-pour-la-tolerance-a-agadir-une-soiree-de-dialogue-et-de-partage\/","url":"https:\/\/enricomaciasloriental.fr\/WordPress\/concert-pour-la-tolerance-a-agadir-une-soiree-de-dialogue-et-de-partage\/","name":"Concert pour la tol\u00e9rance \u00e0 Agadir - Une soir\u00e9e de dialogue et de partage - ENRICO MACIAS L&#039;Oriental","isPartOf":{"@id":"https:\/\/enricomaciasloriental.fr\/WordPress\/#website"},"primaryImageOfPage":{"@id":"https:\/\/enricomaciasloriental.fr\/WordPress\/concert-pour-la-tolerance-a-agadir-une-soiree-de-dialogue-et-de-partage\/#primaryimage"},"image":{"@id":"https:\/\/enricomaciasloriental.fr\/WordPress\/concert-pour-la-tolerance-a-agadir-une-soiree-de-dialogue-et-de-partage\/#primaryimage"},"thumbnailUrl":"http:\/\/enricomaciasloriental.fr\/WordPress\/wp-content\/uploads\/\/2012\/10\/imager-300x179.jpg","datePublished":"2012-10-07T17:17:19+00:00","breadcrumb":{"@id":"https:\/\/enricomaciasloriental.fr\/WordPress\/concert-pour-la-tolerance-a-agadir-une-soiree-de-dialogue-et-de-partage\/#breadcrumb"},"inLanguage":"fr-FR","potentialAction":[{"@type":"ReadAction","target":["https:\/\/enricomaciasloriental.fr\/WordPress\/concert-pour-la-tolerance-a-agadir-une-soiree-de-dialogue-et-de-partage\/"]}]},{"@type":"ImageObject","inLanguage":"fr-FR","@id":"https:\/\/enricomaciasloriental.fr\/WordPress\/concert-pour-la-tolerance-a-agadir-une-soiree-de-dialogue-et-de-partage\/#primaryimage","url":"https:\/\/enricomaciasloriental.fr\/WordPress\/wp-content\/uploads\/\/2012\/10\/imager.jpg","contentUrl":"https:\/\/enricomaciasloriental.fr\/WordPress\/wp-content\/uploads\/\/2012\/10\/imager.jpg","width":"540","height":"323"},{"@type":"BreadcrumbList","@id":"https:\/\/enricomaciasloriental.fr\/WordPress\/concert-pour-la-tolerance-a-agadir-une-soiree-de-dialogue-et-de-partage\/#breadcrumb","itemListElement":[{"@type":"ListItem","position":1,"name":"Accueil","item":"https:\/\/enricomaciasloriental.fr\/WordPress\/"},{"@type":"ListItem","position":2,"name":"Concert pour la tol\u00e9rance \u00e0 Agadir &#8211; Une soir\u00e9e de dialogue et de partage"}]},{"@type":"WebSite","@id":"https:\/\/enricomaciasloriental.fr\/WordPress\/#website","url":"https:\/\/enricomaciasloriental.fr\/WordPress\/","name":"ENRICO MACIAS L'Oriental","description":"IL EST COMME LE SOLEIL","publisher":{"@id":"https:\/\/enricomaciasloriental.fr\/WordPress\/#\/schema\/person\/53fba112c6f4f0b335578890a816262e"},"potentialAction":[{"@type":"SearchAction","target":{"@type":"EntryPoint","urlTemplate":"https:\/\/enricomaciasloriental.fr\/WordPress\/?s={search_term_string}"},"query-input":{"@type":"PropertyValueSpecification","valueRequired":true,"valueName":"search_term_string"}}],"inLanguage":"fr-FR"},{"@type":["Person","Organization"],"@id":"https:\/\/enricomaciasloriental.fr\/WordPress\/#\/schema\/person\/53fba112c6f4f0b335578890a816262e","name":"Loriental","image":{"@type":"ImageObject","inLanguage":"fr-FR","@id":"https:\/\/enricomaciasloriental.fr\/WordPress\/wp-content\/uploads\/\/2015\/02\/cropped-bannier_altaiir-enrico.jpg","url":"https:\/\/enricomaciasloriental.fr\/WordPress\/wp-content\/uploads\/\/2015\/02\/cropped-bannier_altaiir-enrico.jpg","contentUrl":"https:\/\/enricomaciasloriental.fr\/WordPress\/wp-content\/uploads\/\/2015\/02\/cropped-bannier_altaiir-enrico.jpg","width":1200,"height":150,"caption":"Loriental"},"logo":{"@id":"https:\/\/enricomaciasloriental.fr\/WordPress\/wp-content\/uploads\/\/2015\/02\/cropped-bannier_altaiir-enrico.jpg"},"sameAs":["http:\/\/www.enricomaciasloriental.fr\/"]}]}},"featured_image_src":"","featured_image_src_square":false,"author_info":{"display_name":"Loriental","author_link":"https:\/\/enricomaciasloriental.fr\/WordPress\/author\/admin9234\/"},"rbea_author_info":{"display_name":"Loriental","author_link":"https:\/\/enricomaciasloriental.fr\/WordPress\/author\/admin9234\/"},"rbea_excerpt_info":"Plus d\u2019une vingtaine d\u2019artistes b\u00e9n\u00e9voles sont pass\u00e9s, samedi dernier, sur le plateau de l\u2019\u00e9mission pour la tol\u00e9rance \u00e0 Agadir. \u25cf Une soir\u00e9e dont le concept est de voir les peuples vivre en paix et en solidarit\u00e9 quelles que soient leurs &hellip;<p class=\"read-more\"> <a class=\"more-link\" href=\"https:\/\/enricomaciasloriental.fr\/WordPress\/concert-pour-la-tolerance-a-agadir-une-soiree-de-dialogue-et-de-partage\/\"> <span class=\"screen-reader-text\">Concert pour la tol\u00e9rance \u00e0 Agadir &#8211; Une soir\u00e9e de dialogue et de partage<\/span> Read More &raquo;<\/a><\/p>","category_list":"<a href=\"https:\/\/enricomaciasloriental.fr\/WordPress\/category\/actualites\/\">Actualit\u00e9s<\/a>","comments_num":"0 comments","_links":{"self":[{"href":"https:\/\/enricomaciasloriental.fr\/WordPress\/wp-json\/wp\/v2\/posts\/5329","targetHints":{"allow":["GET"]}}],"collection":[{"href":"https:\/\/enricomaciasloriental.fr\/WordPress\/wp-json\/wp\/v2\/posts"}],"about":[{"href":"https:\/\/enricomaciasloriental.fr\/WordPress\/wp-json\/wp\/v2\/types\/post"}],"author":[{"embeddable":true,"href":"https:\/\/enricomaciasloriental.fr\/WordPress\/wp-json\/wp\/v2\/users\/36"}],"replies":[{"embeddable":true,"href":"https:\/\/enricomaciasloriental.fr\/WordPress\/wp-json\/wp\/v2\/comments?post=5329"}],"version-history":[{"count":0,"href":"https:\/\/enricomaciasloriental.fr\/WordPress\/wp-json\/wp\/v2\/posts\/5329\/revisions"}],"wp:attachment":[{"href":"https:\/\/enricomaciasloriental.fr\/WordPress\/wp-json\/wp\/v2\/media?parent=5329"}],"wp:term":[{"taxonomy":"category","embeddable":true,"href":"https:\/\/enricomaciasloriental.fr\/WordPress\/wp-json\/wp\/v2\/categories?post=5329"},{"taxonomy":"post_tag","embeddable":true,"href":"https:\/\/enricomaciasloriental.fr\/WordPress\/wp-json\/wp\/v2\/tags?post=5329"}],"curies":[{"name":"wp","href":"https:\/\/api.w.org\/{rel}","templated":true}]}}