{"id":5357,"date":"2012-10-13T20:12:09","date_gmt":"2012-10-13T18:12:09","guid":{"rendered":"http:\/\/enricomaciasloriental.fr\/WordPress\/?p=5357"},"modified":"2012-10-13T20:12:09","modified_gmt":"2012-10-13T18:12:09","slug":"venez-tous-les-amis-12-novembre-2012","status":"publish","type":"post","link":"https:\/\/enricomaciasloriental.fr\/WordPress\/venez-tous-les-amis-12-novembre-2012\/","title":{"rendered":"Venez tous les amis &#8211; 12 Novembre 2012"},"content":{"rendered":"<p><a href=\"https:\/\/enricomaciasloriental.fr\/WordPress\/wp-content\/uploads\/\/2012\/10\/photo_1349714843.jpg\"><img fetchpriority=\"high\" decoding=\"async\" class=\"alignleft size-medium wp-image-5334\" title=\"photo_1349714843\" src=\"https:\/\/enricomaciasloriental.fr\/WordPress\/wp-content\/uploads\/\/2012\/10\/photo_1349714843-300x183.jpg\" alt=\"\" width=\"300\" height=\"183\" srcset=\"https:\/\/enricomaciasloriental.fr\/WordPress\/wp-content\/uploads\/2012\/10\/photo_1349714843-300x183.jpg 300w, https:\/\/enricomaciasloriental.fr\/WordPress\/wp-content\/uploads\/2012\/10\/photo_1349714843.jpg 572w\" sizes=\"(max-width: 300px) 100vw, 300px\" \/><\/a><\/p>\n<p>La sortie du nouvel album d&rsquo;Enrico Macias (label AZ) est annonc\u00e9e pour le 12 novembre 2012<\/p>\n<p>Il est d&rsquo;ores et d\u00e9j\u00e0 annonc\u00e9 sur le site d&rsquo;<a href=\"http:\/\/www.amazon.fr\/s\/ref=nb_sb_noss?__mk_fr_FR=%C3%85M%C3%85Z%C3%95%C3%91&amp;url=search-alias%3Daps&amp;field-keywords=enrico+macias+venez+tous+les+amis&amp;rh=i%3Aaps%2Ck%3Aenrico+macias+venez+tous+les+amis&amp;ajr=0\" target=\"_blank\">Amazon<\/a> avec deux \u00e9ditions diff\u00e9rentes :<\/p>\n<p><span style=\"font-size: medium;\"><strong>Un CD de 13 titres<\/strong> <\/span>:<br \/>\n1. Adieu mon pays<br \/>\n2. Le mendiant de l&rsquo;amour<br \/>\n3. Les filles de mon pays<br \/>\n4. Les gens du nord<br \/>\n5. Oranges ameres<\/p>\n<p>6. L&rsquo;oriental<br \/>\n7. Paris tu m&rsquo;as pris dans tes bras<br \/>\n8. Aux talons de ses souliers<br \/>\n9. Sans voir le jour<br \/>\n10. Dis moi ce qui ne va pas<br \/>\n11. Il reste aujourd&rsquo;hui<br \/>\n12. Oumparere<br \/>\n13. Ces \u00e9trangers<\/p>\n<p>&nbsp;<\/p>\n<p><span style=\"font-size: medium;\"><strong>Un CD de 16 titres<\/strong><\/span> :<br \/>\n1. Adieu mon pays<br \/>\n2. Le mendiant de l&rsquo;amour<br \/>\n3. Les filles de mon pays<br \/>\n4. Les gens du nord<br \/>\n5. Oranges ameres<br \/>\n6. L&rsquo;oriental<br \/>\n7. Paris tu m&rsquo;as pris dans tes bras<br \/>\n8. Aux talons de ses souliers<br \/>\n9. Sans voir le jour<br \/>\n10. Dis moi ce qui ne va pas<br \/>\n11. Il reste aujourd&rsquo;hui<br \/>\n12. Oumparere<br \/>\n13. Ces \u00e9trangers<br \/>\n14. Mon histoire c&rsquo;est ton histoire<br \/>\n15. L&rsquo;Alg\u00e9rie<br \/>\n16. Mon coeur d&rsquo;attache<\/p>\n<p>&nbsp;<\/p>\n<p><span style=\"font-size: medium;\"><strong>Pr\u00e9sentation du produit<br \/>\n<\/strong><span style=\"font-size: small;\">On l&rsquo;appelle souvent Enrico tout court, puisqu&rsquo;il est unique. Et Enrico nous invite \u00e0 une f\u00eate &#8211; oui, cinquante ans de carri\u00e8re, \u00e7a se f\u00eate. On n&rsquo;explique pas cinquante millions d&rsquo;albums vendus en cinquante ans uniquement avec quelques \u00ab j&rsquo;ai eu de la chance \u00bb et \u00ab le public est formidable \u00bb. Il faut du talent, et il faut des chansons, des chansons fortes qui touchent le coeur de chacun, et qui le touchent durablement. Alors, pour c\u00e9l\u00e9brer ses cinquante ans de carri\u00e8re, Enrico Macias a enregistr\u00e9 Venez tous mes amis &#8211; quatorze duos in\u00e9dits. Avec cet album, il revient sur son r\u00e9pertoire dans de nouveaux arrangements de son fils, le contrebassiste et producteur Jean-Claude Ghrenassia, associ\u00e9 pour l&rsquo;\u00e9criture des cordes \u00e0 Jean Claudric, artisan de beaucoup de ses succ\u00e8s historiques. Une exploration gourmande, fraternelle, chaleureuse. Parce que cinquante ans de partage donnent envie de partager encore. Enrico, quoi.\u00a0<\/span><\/span><\/p>\n","protected":false},"excerpt":{"rendered":"<p>La sortie du nouvel album d&rsquo;Enrico Macias (label AZ) est annonc\u00e9e pour le 12 novembre 2012 Il est d&rsquo;ores et d\u00e9j\u00e0 annonc\u00e9 sur le site d&rsquo;Amazon avec deux \u00e9ditions diff\u00e9rentes : Un CD de 13 titres : 1. Adieu mon &hellip;<\/p>\n<p class=\"read-more\"> <a class=\"more-link\" href=\"https:\/\/enricomaciasloriental.fr\/WordPress\/venez-tous-les-amis-12-novembre-2012\/\"> <span class=\"screen-reader-text\">Venez tous les amis &#8211; 12 Novembre 2012<\/span> Read More &raquo;<\/a><\/p>\n","protected":false},"author":36,"featured_media":0,"comment_status":"open","ping_status":"open","sticky":false,"template":"","format":"standard","meta":{"footnotes":""},"categories":[1],"tags":[],"class_list":["post-5357","post","type-post","status-publish","format-standard","hentry","category-actualites"],"yoast_head":"<!-- This site is optimized with the Yoast SEO plugin v27.4 - https:\/\/yoast.com\/product\/yoast-seo-wordpress\/ -->\n<title>Venez tous les amis - 12 Novembre 2012 - ENRICO MACIAS L&#039;Oriental<\/title>\n<meta name=\"robots\" content=\"index, follow, max-snippet:-1, max-image-preview:large, max-video-preview:-1\" \/>\n<link rel=\"canonical\" href=\"https:\/\/enricomaciasloriental.fr\/WordPress\/venez-tous-les-amis-12-novembre-2012\/\" \/>\n<meta property=\"og:locale\" content=\"fr_FR\" \/>\n<meta property=\"og:type\" content=\"article\" \/>\n<meta property=\"og:title\" content=\"Venez tous les amis - 12 Novembre 2012 - ENRICO MACIAS L&#039;Oriental\" \/>\n<meta property=\"og:description\" content=\"La sortie du nouvel album d&rsquo;Enrico Macias (label AZ) est annonc\u00e9e pour le 12 novembre 2012 Il est d&rsquo;ores et d\u00e9j\u00e0 annonc\u00e9 sur le site d&rsquo;Amazon avec deux \u00e9ditions diff\u00e9rentes : Un CD de 13 titres : 1. Adieu mon &hellip; Venez tous les amis &#8211; 12 Novembre 2012 Read More &raquo;\" \/>\n<meta property=\"og:url\" content=\"https:\/\/enricomaciasloriental.fr\/WordPress\/venez-tous-les-amis-12-novembre-2012\/\" \/>\n<meta property=\"og:site_name\" content=\"ENRICO MACIAS L&#039;Oriental\" \/>\n<meta property=\"article:published_time\" content=\"2012-10-13T18:12:09+00:00\" \/>\n<meta property=\"og:image\" content=\"http:\/\/enricomaciasloriental.fr\/WordPress\/wp-content\/uploads\/\/2012\/10\/photo_1349714843-300x183.jpg\" \/>\n<meta name=\"author\" content=\"Loriental\" \/>\n<meta name=\"twitter:card\" content=\"summary_large_image\" \/>\n<meta name=\"twitter:label1\" content=\"\u00c9crit par\" \/>\n\t<meta name=\"twitter:data1\" content=\"Loriental\" \/>\n\t<meta name=\"twitter:label2\" content=\"Dur\u00e9e de lecture estim\u00e9e\" \/>\n\t<meta name=\"twitter:data2\" content=\"2 minutes\" \/>\n<script type=\"application\/ld+json\" class=\"yoast-schema-graph\">{\"@context\":\"https:\\\/\\\/schema.org\",\"@graph\":[{\"@type\":\"Article\",\"@id\":\"https:\\\/\\\/enricomaciasloriental.fr\\\/WordPress\\\/venez-tous-les-amis-12-novembre-2012\\\/#article\",\"isPartOf\":{\"@id\":\"https:\\\/\\\/enricomaciasloriental.fr\\\/WordPress\\\/venez-tous-les-amis-12-novembre-2012\\\/\"},\"author\":{\"name\":\"Loriental\",\"@id\":\"https:\\\/\\\/enricomaciasloriental.fr\\\/WordPress\\\/#\\\/schema\\\/person\\\/53fba112c6f4f0b335578890a816262e\"},\"headline\":\"Venez tous les amis &#8211; 12 Novembre 2012\",\"datePublished\":\"2012-10-13T18:12:09+00:00\",\"mainEntityOfPage\":{\"@id\":\"https:\\\/\\\/enricomaciasloriental.fr\\\/WordPress\\\/venez-tous-les-amis-12-novembre-2012\\\/\"},\"wordCount\":329,\"commentCount\":1,\"publisher\":{\"@id\":\"https:\\\/\\\/enricomaciasloriental.fr\\\/WordPress\\\/#\\\/schema\\\/person\\\/53fba112c6f4f0b335578890a816262e\"},\"image\":{\"@id\":\"https:\\\/\\\/enricomaciasloriental.fr\\\/WordPress\\\/venez-tous-les-amis-12-novembre-2012\\\/#primaryimage\"},\"thumbnailUrl\":\"http:\\\/\\\/enricomaciasloriental.fr\\\/WordPress\\\/wp-content\\\/uploads\\\/\\\/2012\\\/10\\\/photo_1349714843-300x183.jpg\",\"articleSection\":[\"Actualit\u00e9s\"],\"inLanguage\":\"fr-FR\",\"potentialAction\":[{\"@type\":\"CommentAction\",\"name\":\"Comment\",\"target\":[\"https:\\\/\\\/enricomaciasloriental.fr\\\/WordPress\\\/venez-tous-les-amis-12-novembre-2012\\\/#respond\"]}]},{\"@type\":\"WebPage\",\"@id\":\"https:\\\/\\\/enricomaciasloriental.fr\\\/WordPress\\\/venez-tous-les-amis-12-novembre-2012\\\/\",\"url\":\"https:\\\/\\\/enricomaciasloriental.fr\\\/WordPress\\\/venez-tous-les-amis-12-novembre-2012\\\/\",\"name\":\"Venez tous les amis - 12 Novembre 2012 - ENRICO MACIAS L&#039;Oriental\",\"isPartOf\":{\"@id\":\"https:\\\/\\\/enricomaciasloriental.fr\\\/WordPress\\\/#website\"},\"primaryImageOfPage\":{\"@id\":\"https:\\\/\\\/enricomaciasloriental.fr\\\/WordPress\\\/venez-tous-les-amis-12-novembre-2012\\\/#primaryimage\"},\"image\":{\"@id\":\"https:\\\/\\\/enricomaciasloriental.fr\\\/WordPress\\\/venez-tous-les-amis-12-novembre-2012\\\/#primaryimage\"},\"thumbnailUrl\":\"http:\\\/\\\/enricomaciasloriental.fr\\\/WordPress\\\/wp-content\\\/uploads\\\/\\\/2012\\\/10\\\/photo_1349714843-300x183.jpg\",\"datePublished\":\"2012-10-13T18:12:09+00:00\",\"breadcrumb\":{\"@id\":\"https:\\\/\\\/enricomaciasloriental.fr\\\/WordPress\\\/venez-tous-les-amis-12-novembre-2012\\\/#breadcrumb\"},\"inLanguage\":\"fr-FR\",\"potentialAction\":[{\"@type\":\"ReadAction\",\"target\":[\"https:\\\/\\\/enricomaciasloriental.fr\\\/WordPress\\\/venez-tous-les-amis-12-novembre-2012\\\/\"]}]},{\"@type\":\"ImageObject\",\"inLanguage\":\"fr-FR\",\"@id\":\"https:\\\/\\\/enricomaciasloriental.fr\\\/WordPress\\\/venez-tous-les-amis-12-novembre-2012\\\/#primaryimage\",\"url\":\"https:\\\/\\\/enricomaciasloriental.fr\\\/WordPress\\\/wp-content\\\/uploads\\\/\\\/2012\\\/10\\\/photo_1349714843.jpg\",\"contentUrl\":\"https:\\\/\\\/enricomaciasloriental.fr\\\/WordPress\\\/wp-content\\\/uploads\\\/\\\/2012\\\/10\\\/photo_1349714843.jpg\",\"width\":\"572\",\"height\":\"350\"},{\"@type\":\"BreadcrumbList\",\"@id\":\"https:\\\/\\\/enricomaciasloriental.fr\\\/WordPress\\\/venez-tous-les-amis-12-novembre-2012\\\/#breadcrumb\",\"itemListElement\":[{\"@type\":\"ListItem\",\"position\":1,\"name\":\"Accueil\",\"item\":\"https:\\\/\\\/enricomaciasloriental.fr\\\/WordPress\\\/\"},{\"@type\":\"ListItem\",\"position\":2,\"name\":\"Venez tous les amis &#8211; 12 Novembre 2012\"}]},{\"@type\":\"WebSite\",\"@id\":\"https:\\\/\\\/enricomaciasloriental.fr\\\/WordPress\\\/#website\",\"url\":\"https:\\\/\\\/enricomaciasloriental.fr\\\/WordPress\\\/\",\"name\":\"ENRICO MACIAS L'Oriental\",\"description\":\"IL EST COMME LE SOLEIL\",\"publisher\":{\"@id\":\"https:\\\/\\\/enricomaciasloriental.fr\\\/WordPress\\\/#\\\/schema\\\/person\\\/53fba112c6f4f0b335578890a816262e\"},\"potentialAction\":[{\"@type\":\"SearchAction\",\"target\":{\"@type\":\"EntryPoint\",\"urlTemplate\":\"https:\\\/\\\/enricomaciasloriental.fr\\\/WordPress\\\/?s={search_term_string}\"},\"query-input\":{\"@type\":\"PropertyValueSpecification\",\"valueRequired\":true,\"valueName\":\"search_term_string\"}}],\"inLanguage\":\"fr-FR\"},{\"@type\":[\"Person\",\"Organization\"],\"@id\":\"https:\\\/\\\/enricomaciasloriental.fr\\\/WordPress\\\/#\\\/schema\\\/person\\\/53fba112c6f4f0b335578890a816262e\",\"name\":\"Loriental\",\"image\":{\"@type\":\"ImageObject\",\"inLanguage\":\"fr-FR\",\"@id\":\"https:\\\/\\\/enricomaciasloriental.fr\\\/WordPress\\\/wp-content\\\/uploads\\\/\\\/2015\\\/02\\\/cropped-bannier_altaiir-enrico.jpg\",\"url\":\"https:\\\/\\\/enricomaciasloriental.fr\\\/WordPress\\\/wp-content\\\/uploads\\\/\\\/2015\\\/02\\\/cropped-bannier_altaiir-enrico.jpg\",\"contentUrl\":\"https:\\\/\\\/enricomaciasloriental.fr\\\/WordPress\\\/wp-content\\\/uploads\\\/\\\/2015\\\/02\\\/cropped-bannier_altaiir-enrico.jpg\",\"width\":1200,\"height\":150,\"caption\":\"Loriental\"},\"logo\":{\"@id\":\"https:\\\/\\\/enricomaciasloriental.fr\\\/WordPress\\\/wp-content\\\/uploads\\\/\\\/2015\\\/02\\\/cropped-bannier_altaiir-enrico.jpg\"},\"sameAs\":[\"http:\\\/\\\/www.enricomaciasloriental.fr\\\/\"]}]}<\/script>\n<!-- \/ Yoast SEO plugin. -->","yoast_head_json":{"title":"Venez tous les amis - 12 Novembre 2012 - ENRICO MACIAS L&#039;Oriental","robots":{"index":"index","follow":"follow","max-snippet":"max-snippet:-1","max-image-preview":"max-image-preview:large","max-video-preview":"max-video-preview:-1"},"canonical":"https:\/\/enricomaciasloriental.fr\/WordPress\/venez-tous-les-amis-12-novembre-2012\/","og_locale":"fr_FR","og_type":"article","og_title":"Venez tous les amis - 12 Novembre 2012 - ENRICO MACIAS L&#039;Oriental","og_description":"La sortie du nouvel album d&rsquo;Enrico Macias (label AZ) est annonc\u00e9e pour le 12 novembre 2012 Il est d&rsquo;ores et d\u00e9j\u00e0 annonc\u00e9 sur le site d&rsquo;Amazon avec deux \u00e9ditions diff\u00e9rentes : Un CD de 13 titres : 1. Adieu mon &hellip; Venez tous les amis &#8211; 12 Novembre 2012 Read More &raquo;","og_url":"https:\/\/enricomaciasloriental.fr\/WordPress\/venez-tous-les-amis-12-novembre-2012\/","og_site_name":"ENRICO MACIAS L&#039;Oriental","article_published_time":"2012-10-13T18:12:09+00:00","og_image":[{"url":"http:\/\/enricomaciasloriental.fr\/WordPress\/wp-content\/uploads\/\/2012\/10\/photo_1349714843-300x183.jpg","type":"","width":"","height":""}],"author":"Loriental","twitter_card":"summary_large_image","twitter_misc":{"\u00c9crit par":"Loriental","Dur\u00e9e de lecture estim\u00e9e":"2 minutes"},"schema":{"@context":"https:\/\/schema.org","@graph":[{"@type":"Article","@id":"https:\/\/enricomaciasloriental.fr\/WordPress\/venez-tous-les-amis-12-novembre-2012\/#article","isPartOf":{"@id":"https:\/\/enricomaciasloriental.fr\/WordPress\/venez-tous-les-amis-12-novembre-2012\/"},"author":{"name":"Loriental","@id":"https:\/\/enricomaciasloriental.fr\/WordPress\/#\/schema\/person\/53fba112c6f4f0b335578890a816262e"},"headline":"Venez tous les amis &#8211; 12 Novembre 2012","datePublished":"2012-10-13T18:12:09+00:00","mainEntityOfPage":{"@id":"https:\/\/enricomaciasloriental.fr\/WordPress\/venez-tous-les-amis-12-novembre-2012\/"},"wordCount":329,"commentCount":1,"publisher":{"@id":"https:\/\/enricomaciasloriental.fr\/WordPress\/#\/schema\/person\/53fba112c6f4f0b335578890a816262e"},"image":{"@id":"https:\/\/enricomaciasloriental.fr\/WordPress\/venez-tous-les-amis-12-novembre-2012\/#primaryimage"},"thumbnailUrl":"http:\/\/enricomaciasloriental.fr\/WordPress\/wp-content\/uploads\/\/2012\/10\/photo_1349714843-300x183.jpg","articleSection":["Actualit\u00e9s"],"inLanguage":"fr-FR","potentialAction":[{"@type":"CommentAction","name":"Comment","target":["https:\/\/enricomaciasloriental.fr\/WordPress\/venez-tous-les-amis-12-novembre-2012\/#respond"]}]},{"@type":"WebPage","@id":"https:\/\/enricomaciasloriental.fr\/WordPress\/venez-tous-les-amis-12-novembre-2012\/","url":"https:\/\/enricomaciasloriental.fr\/WordPress\/venez-tous-les-amis-12-novembre-2012\/","name":"Venez tous les amis - 12 Novembre 2012 - ENRICO MACIAS L&#039;Oriental","isPartOf":{"@id":"https:\/\/enricomaciasloriental.fr\/WordPress\/#website"},"primaryImageOfPage":{"@id":"https:\/\/enricomaciasloriental.fr\/WordPress\/venez-tous-les-amis-12-novembre-2012\/#primaryimage"},"image":{"@id":"https:\/\/enricomaciasloriental.fr\/WordPress\/venez-tous-les-amis-12-novembre-2012\/#primaryimage"},"thumbnailUrl":"http:\/\/enricomaciasloriental.fr\/WordPress\/wp-content\/uploads\/\/2012\/10\/photo_1349714843-300x183.jpg","datePublished":"2012-10-13T18:12:09+00:00","breadcrumb":{"@id":"https:\/\/enricomaciasloriental.fr\/WordPress\/venez-tous-les-amis-12-novembre-2012\/#breadcrumb"},"inLanguage":"fr-FR","potentialAction":[{"@type":"ReadAction","target":["https:\/\/enricomaciasloriental.fr\/WordPress\/venez-tous-les-amis-12-novembre-2012\/"]}]},{"@type":"ImageObject","inLanguage":"fr-FR","@id":"https:\/\/enricomaciasloriental.fr\/WordPress\/venez-tous-les-amis-12-novembre-2012\/#primaryimage","url":"https:\/\/enricomaciasloriental.fr\/WordPress\/wp-content\/uploads\/\/2012\/10\/photo_1349714843.jpg","contentUrl":"https:\/\/enricomaciasloriental.fr\/WordPress\/wp-content\/uploads\/\/2012\/10\/photo_1349714843.jpg","width":"572","height":"350"},{"@type":"BreadcrumbList","@id":"https:\/\/enricomaciasloriental.fr\/WordPress\/venez-tous-les-amis-12-novembre-2012\/#breadcrumb","itemListElement":[{"@type":"ListItem","position":1,"name":"Accueil","item":"https:\/\/enricomaciasloriental.fr\/WordPress\/"},{"@type":"ListItem","position":2,"name":"Venez tous les amis &#8211; 12 Novembre 2012"}]},{"@type":"WebSite","@id":"https:\/\/enricomaciasloriental.fr\/WordPress\/#website","url":"https:\/\/enricomaciasloriental.fr\/WordPress\/","name":"ENRICO MACIAS L'Oriental","description":"IL EST COMME LE SOLEIL","publisher":{"@id":"https:\/\/enricomaciasloriental.fr\/WordPress\/#\/schema\/person\/53fba112c6f4f0b335578890a816262e"},"potentialAction":[{"@type":"SearchAction","target":{"@type":"EntryPoint","urlTemplate":"https:\/\/enricomaciasloriental.fr\/WordPress\/?s={search_term_string}"},"query-input":{"@type":"PropertyValueSpecification","valueRequired":true,"valueName":"search_term_string"}}],"inLanguage":"fr-FR"},{"@type":["Person","Organization"],"@id":"https:\/\/enricomaciasloriental.fr\/WordPress\/#\/schema\/person\/53fba112c6f4f0b335578890a816262e","name":"Loriental","image":{"@type":"ImageObject","inLanguage":"fr-FR","@id":"https:\/\/enricomaciasloriental.fr\/WordPress\/wp-content\/uploads\/\/2015\/02\/cropped-bannier_altaiir-enrico.jpg","url":"https:\/\/enricomaciasloriental.fr\/WordPress\/wp-content\/uploads\/\/2015\/02\/cropped-bannier_altaiir-enrico.jpg","contentUrl":"https:\/\/enricomaciasloriental.fr\/WordPress\/wp-content\/uploads\/\/2015\/02\/cropped-bannier_altaiir-enrico.jpg","width":1200,"height":150,"caption":"Loriental"},"logo":{"@id":"https:\/\/enricomaciasloriental.fr\/WordPress\/wp-content\/uploads\/\/2015\/02\/cropped-bannier_altaiir-enrico.jpg"},"sameAs":["http:\/\/www.enricomaciasloriental.fr\/"]}]}},"featured_image_src":"","featured_image_src_square":false,"author_info":{"display_name":"Loriental","author_link":"https:\/\/enricomaciasloriental.fr\/WordPress\/author\/admin9234\/"},"rbea_author_info":{"display_name":"Loriental","author_link":"https:\/\/enricomaciasloriental.fr\/WordPress\/author\/admin9234\/"},"rbea_excerpt_info":"La sortie du nouvel album d&rsquo;Enrico Macias (label AZ) est annonc\u00e9e pour le 12 novembre 2012 Il est d&rsquo;ores et d\u00e9j\u00e0 annonc\u00e9 sur le site d&rsquo;Amazon avec deux \u00e9ditions diff\u00e9rentes : Un CD de 13 titres : 1. Adieu mon &hellip;<p class=\"read-more\"> <a class=\"more-link\" href=\"https:\/\/enricomaciasloriental.fr\/WordPress\/venez-tous-les-amis-12-novembre-2012\/\"> <span class=\"screen-reader-text\">Venez tous les amis &#8211; 12 Novembre 2012<\/span> Read More &raquo;<\/a><\/p>","category_list":"<a href=\"https:\/\/enricomaciasloriental.fr\/WordPress\/category\/actualites\/\">Actualit\u00e9s<\/a>","comments_num":"1 comment","_links":{"self":[{"href":"https:\/\/enricomaciasloriental.fr\/WordPress\/wp-json\/wp\/v2\/posts\/5357","targetHints":{"allow":["GET"]}}],"collection":[{"href":"https:\/\/enricomaciasloriental.fr\/WordPress\/wp-json\/wp\/v2\/posts"}],"about":[{"href":"https:\/\/enricomaciasloriental.fr\/WordPress\/wp-json\/wp\/v2\/types\/post"}],"author":[{"embeddable":true,"href":"https:\/\/enricomaciasloriental.fr\/WordPress\/wp-json\/wp\/v2\/users\/36"}],"replies":[{"embeddable":true,"href":"https:\/\/enricomaciasloriental.fr\/WordPress\/wp-json\/wp\/v2\/comments?post=5357"}],"version-history":[{"count":0,"href":"https:\/\/enricomaciasloriental.fr\/WordPress\/wp-json\/wp\/v2\/posts\/5357\/revisions"}],"wp:attachment":[{"href":"https:\/\/enricomaciasloriental.fr\/WordPress\/wp-json\/wp\/v2\/media?parent=5357"}],"wp:term":[{"taxonomy":"category","embeddable":true,"href":"https:\/\/enricomaciasloriental.fr\/WordPress\/wp-json\/wp\/v2\/categories?post=5357"},{"taxonomy":"post_tag","embeddable":true,"href":"https:\/\/enricomaciasloriental.fr\/WordPress\/wp-json\/wp\/v2\/tags?post=5357"}],"curies":[{"name":"wp","href":"https:\/\/api.w.org\/{rel}","templated":true}]}}