{"id":5550,"date":"2012-11-22T06:42:34","date_gmt":"2012-11-22T05:42:34","guid":{"rendered":"http:\/\/enricomaciasloriental.fr\/WordPress\/?p=5550"},"modified":"2012-11-22T07:01:38","modified_gmt":"2012-11-22T06:01:38","slug":"jaimerais-devenir-le-symbole-de-la-reconciliation-de-tous-les-enfants-dalgerie","status":"publish","type":"post","link":"https:\/\/enricomaciasloriental.fr\/WordPress\/jaimerais-devenir-le-symbole-de-la-reconciliation-de-tous-les-enfants-dalgerie\/","title":{"rendered":"\u00abJ&rsquo;aimerais devenir le symbole de la r\u00e9conciliation de tous les enfants d&rsquo;Alg\u00e9rie\u00bb"},"content":{"rendered":"<div>\n<p>S&rsquo;exprimant \u00e0 l&rsquo;occasion de ses cinquante ans de carri\u00e8re, Enrico Macias a d\u00e9clar\u00e9 qu&rsquo;il vivait tr\u00e8s mal pour n&rsquo;avoir pu revenir en Alg\u00e9rie depuis 1961. L&rsquo;artiste a indiqu\u00e9 qu&rsquo;il ne ferme pas la porte \u00e0 l&rsquo;avenir et ce, malgr\u00e9 son \u00e2ge.<\/p>\n<\/div>\n<div>\n<p>Enrico Macias, de son vrai nom Gaston Ghrenassia, est n\u00e9 \u00e0 Constantine le 11 d\u00e9cembre 1938. Toute sa famille a v\u00e9cu \u00e0 Constantine et il en est de m\u00eame pour son p\u00e8re Sylvain et de sa m\u00e8re Susane Zaouch. Enrico Macias a quitt\u00e9 l&rsquo;Alg\u00e9rie le 29 juillet 1961 et depuis il n&rsquo;est pas retourn\u00e9. \u00abJe me sens vex\u00e9, humili\u00e9 et insult\u00e9 de n&rsquo;avoir pas pu retourner en Alg\u00e9rie. \u00abJe pense que le peuple alg\u00e9rien, qui ne peut me voir depuis tant d&rsquo;ann\u00e9es, l&rsquo;est aussi. Je pense qu&rsquo;un jour, \u00e7a va changer\u00bb, a-t-il indiqu\u00e9. \u00abJ&rsquo;ai \u00e9t\u00e9 le symbole de l&rsquo;exil et j&rsquo;aimerais devenir le symbole de la r\u00e9conciliation de tous les enfants d&rsquo;Alg\u00e9rie, les Pieds-Noirs, les harkis, le peuple alg\u00e9rien\u00bb, a ajout\u00e9 Enrico Macias. Ce dernier a estim\u00e9 que des groupes extr\u00e9mistes \u00abvoient tr\u00e8s mal\u00bb sa venue dans sa terre natale.<br \/>\nInterrog\u00e9 sur Isra\u00ebl, Enrico Macias a d\u00e9clar\u00e9 qu&rsquo;il a toujours d\u00e9fendu son peuple mais les Palestiniens \u00e9galement. \u00abJ&rsquo;estime qu&rsquo;ils doivent avoir un pays eux aussi\u00bb, a-t-il ajout\u00e9. \u00abOn peut tr\u00e8s bien vivre ensemble, Isra\u00e9liens et Palestiniens. Je suis un homme tol\u00e9rant. Mon message a toujours \u00e9t\u00e9 universel\u00bb, rappelle Enrico. Chantre de l&rsquo;amour, de la fraternit\u00e9 et de la paix, Enrico Macias se d\u00e9clare convaincu \u00abqu&rsquo;on ne peut pas vivre heureux sans \u00e9change avec les autres\u00bb.<br \/>\nInvit\u00e9 par le pr\u00e9sident de la R\u00e9publique \u00e0 Monaco, Enrico Macias devait se rendre en Alg\u00e9rie le 16 mars 2000. Malheureusement, la tourn\u00e9e qui devait avoir lieu n\u2019a pu \u00eatre effectu\u00e9e en raison d\u2019une grande campagne men\u00e9e contre lui surtout par les militants du courant islamiste en Alg\u00e9rie. A l\u2019\u00e9poque les Constantinois et les milliers d\u2019Alg\u00e9riens ont \u00e9mis leur v\u0153u d\u2019accueillir le chanteur. Pourquoi pas, surtout lorsqu&rsquo;on sait que des milliers d&rsquo;Alg\u00e9riens \u00e0 l&rsquo;\u00e9tranger entretenaient des relations d\u2019amiti\u00e9 et de fraternit\u00e9 avec lui. Il en est de m\u00eame pour les grands chanteurs alg\u00e9riens dont Khaled, Mami, Faudel et les autres. Les artistes alg\u00e9riens animent toujours des soir\u00e9es artistiques avec Enrico Macias en France et \u00e0 l&rsquo;\u00e9tranger. A chaque \u00e9v\u00e9nement, les artistes alg\u00e9riens accompagn\u00e9s d&rsquo;Enrico Macias, attiraient d\u2019immenses foules sous les youyous stridents des femmes et des tonnerres d\u2019applaudissements des fans des chansons alg\u00e9riennes. Au Maroc, Enrico a d\u00e9clar\u00e9 \u00e0 ses fans marocains qu\u2019il est Alg\u00e9rien et que son r\u00eave \u00e9tait de se rendre dans son pays pour chanter devant son peuple. Que ce soit en Alg\u00e9rie, en France ou ailleurs, des millions d\u2019admirateurs d\u2019Enrico Macias r\u00eavaient et attendaient eux aussi le jour \u00abJ\u00bb, celui de voir l\u2019enfant de Constantine fouler la terre o\u00f9 il est n\u00e9. Pour l\u2019instant, aucune autre date n\u2019a \u00e9t\u00e9 pr\u00e9vue mais le chanteur garde toujours espoir de revenir en Alg\u00e9rie.<\/p>\n<\/div>\n<h4>Moncef R.<\/h4>\n<p>Article paru sur le site \u00ab\u00a0La nouvelle R\u00e9publique\u00a0\u00bb : <a href=\"http:\/\/lnr-dz.com\/index.php?page=details&amp;id=19590\" target=\"_blank\">http:\/\/lnr-dz.com\/index.php?page=details&amp;id=19590<\/a><\/p>\n","protected":false},"excerpt":{"rendered":"<p>S&rsquo;exprimant \u00e0 l&rsquo;occasion de ses cinquante ans de carri\u00e8re, Enrico Macias a d\u00e9clar\u00e9 qu&rsquo;il vivait tr\u00e8s mal pour n&rsquo;avoir pu revenir en Alg\u00e9rie depuis 1961. L&rsquo;artiste a indiqu\u00e9 qu&rsquo;il ne ferme pas la porte \u00e0 l&rsquo;avenir et ce, malgr\u00e9 son &hellip;<\/p>\n<p class=\"read-more\"> <a class=\"more-link\" href=\"https:\/\/enricomaciasloriental.fr\/WordPress\/jaimerais-devenir-le-symbole-de-la-reconciliation-de-tous-les-enfants-dalgerie\/\"> <span class=\"screen-reader-text\">\u00abJ&rsquo;aimerais devenir le symbole de la r\u00e9conciliation de tous les enfants d&rsquo;Alg\u00e9rie\u00bb<\/span> Read More &raquo;<\/a><\/p>\n","protected":false},"author":36,"featured_media":0,"comment_status":"open","ping_status":"open","sticky":false,"template":"","format":"standard","meta":{"footnotes":""},"categories":[1],"tags":[],"class_list":["post-5550","post","type-post","status-publish","format-standard","hentry","category-actualites"],"yoast_head":"<!-- This site is optimized with the Yoast SEO plugin v27.4 - https:\/\/yoast.com\/product\/yoast-seo-wordpress\/ -->\n<title>\u00abJ&#039;aimerais devenir le symbole de la r\u00e9conciliation de tous les enfants d&#039;Alg\u00e9rie\u00bb - ENRICO MACIAS L&#039;Oriental<\/title>\n<meta name=\"robots\" content=\"index, follow, max-snippet:-1, max-image-preview:large, max-video-preview:-1\" \/>\n<link rel=\"canonical\" href=\"https:\/\/enricomaciasloriental.fr\/WordPress\/jaimerais-devenir-le-symbole-de-la-reconciliation-de-tous-les-enfants-dalgerie\/\" \/>\n<meta property=\"og:locale\" content=\"fr_FR\" \/>\n<meta property=\"og:type\" content=\"article\" \/>\n<meta property=\"og:title\" content=\"\u00abJ&#039;aimerais devenir le symbole de la r\u00e9conciliation de tous les enfants d&#039;Alg\u00e9rie\u00bb - ENRICO MACIAS L&#039;Oriental\" \/>\n<meta property=\"og:description\" content=\"S&rsquo;exprimant \u00e0 l&rsquo;occasion de ses cinquante ans de carri\u00e8re, Enrico Macias a d\u00e9clar\u00e9 qu&rsquo;il vivait tr\u00e8s mal pour n&rsquo;avoir pu revenir en Alg\u00e9rie depuis 1961. L&rsquo;artiste a indiqu\u00e9 qu&rsquo;il ne ferme pas la porte \u00e0 l&rsquo;avenir et ce, malgr\u00e9 son &hellip; \u00abJ&rsquo;aimerais devenir le symbole de la r\u00e9conciliation de tous les enfants d&rsquo;Alg\u00e9rie\u00bb Read More &raquo;\" \/>\n<meta property=\"og:url\" content=\"https:\/\/enricomaciasloriental.fr\/WordPress\/jaimerais-devenir-le-symbole-de-la-reconciliation-de-tous-les-enfants-dalgerie\/\" \/>\n<meta property=\"og:site_name\" content=\"ENRICO MACIAS L&#039;Oriental\" \/>\n<meta property=\"article:published_time\" content=\"2012-11-22T05:42:34+00:00\" \/>\n<meta property=\"article:modified_time\" content=\"2012-11-22T06:01:38+00:00\" \/>\n<meta property=\"og:image\" content=\"https:\/\/enricomaciasloriental.fr\/WordPress\/wp-content\/uploads\/\/2019\/02\/article-902.jpg\" \/>\n\t<meta property=\"og:image:width\" content=\"700\" \/>\n\t<meta property=\"og:image:height\" content=\"497\" \/>\n\t<meta property=\"og:image:type\" content=\"image\/jpeg\" \/>\n<meta name=\"author\" content=\"Loriental\" \/>\n<meta name=\"twitter:card\" content=\"summary_large_image\" \/>\n<meta name=\"twitter:label1\" content=\"\u00c9crit par\" \/>\n\t<meta name=\"twitter:data1\" content=\"Loriental\" \/>\n\t<meta name=\"twitter:label2\" content=\"Dur\u00e9e de lecture estim\u00e9e\" \/>\n\t<meta name=\"twitter:data2\" content=\"3 minutes\" \/>\n<script type=\"application\/ld+json\" class=\"yoast-schema-graph\">{\"@context\":\"https:\\\/\\\/schema.org\",\"@graph\":[{\"@type\":\"Article\",\"@id\":\"https:\\\/\\\/enricomaciasloriental.fr\\\/WordPress\\\/jaimerais-devenir-le-symbole-de-la-reconciliation-de-tous-les-enfants-dalgerie\\\/#article\",\"isPartOf\":{\"@id\":\"https:\\\/\\\/enricomaciasloriental.fr\\\/WordPress\\\/jaimerais-devenir-le-symbole-de-la-reconciliation-de-tous-les-enfants-dalgerie\\\/\"},\"author\":{\"name\":\"Loriental\",\"@id\":\"https:\\\/\\\/enricomaciasloriental.fr\\\/WordPress\\\/#\\\/schema\\\/person\\\/53fba112c6f4f0b335578890a816262e\"},\"headline\":\"\u00abJ&rsquo;aimerais devenir le symbole de la r\u00e9conciliation de tous les enfants d&rsquo;Alg\u00e9rie\u00bb\",\"datePublished\":\"2012-11-22T05:42:34+00:00\",\"dateModified\":\"2012-11-22T06:01:38+00:00\",\"mainEntityOfPage\":{\"@id\":\"https:\\\/\\\/enricomaciasloriental.fr\\\/WordPress\\\/jaimerais-devenir-le-symbole-de-la-reconciliation-de-tous-les-enfants-dalgerie\\\/\"},\"wordCount\":592,\"commentCount\":0,\"publisher\":{\"@id\":\"https:\\\/\\\/enricomaciasloriental.fr\\\/WordPress\\\/#\\\/schema\\\/person\\\/53fba112c6f4f0b335578890a816262e\"},\"articleSection\":[\"Actualit\u00e9s\"],\"inLanguage\":\"fr-FR\",\"potentialAction\":[{\"@type\":\"CommentAction\",\"name\":\"Comment\",\"target\":[\"https:\\\/\\\/enricomaciasloriental.fr\\\/WordPress\\\/jaimerais-devenir-le-symbole-de-la-reconciliation-de-tous-les-enfants-dalgerie\\\/#respond\"]}]},{\"@type\":\"WebPage\",\"@id\":\"https:\\\/\\\/enricomaciasloriental.fr\\\/WordPress\\\/jaimerais-devenir-le-symbole-de-la-reconciliation-de-tous-les-enfants-dalgerie\\\/\",\"url\":\"https:\\\/\\\/enricomaciasloriental.fr\\\/WordPress\\\/jaimerais-devenir-le-symbole-de-la-reconciliation-de-tous-les-enfants-dalgerie\\\/\",\"name\":\"\u00abJ'aimerais devenir le symbole de la r\u00e9conciliation de tous les enfants d'Alg\u00e9rie\u00bb - ENRICO MACIAS L&#039;Oriental\",\"isPartOf\":{\"@id\":\"https:\\\/\\\/enricomaciasloriental.fr\\\/WordPress\\\/#website\"},\"datePublished\":\"2012-11-22T05:42:34+00:00\",\"dateModified\":\"2012-11-22T06:01:38+00:00\",\"breadcrumb\":{\"@id\":\"https:\\\/\\\/enricomaciasloriental.fr\\\/WordPress\\\/jaimerais-devenir-le-symbole-de-la-reconciliation-de-tous-les-enfants-dalgerie\\\/#breadcrumb\"},\"inLanguage\":\"fr-FR\",\"potentialAction\":[{\"@type\":\"ReadAction\",\"target\":[\"https:\\\/\\\/enricomaciasloriental.fr\\\/WordPress\\\/jaimerais-devenir-le-symbole-de-la-reconciliation-de-tous-les-enfants-dalgerie\\\/\"]}]},{\"@type\":\"BreadcrumbList\",\"@id\":\"https:\\\/\\\/enricomaciasloriental.fr\\\/WordPress\\\/jaimerais-devenir-le-symbole-de-la-reconciliation-de-tous-les-enfants-dalgerie\\\/#breadcrumb\",\"itemListElement\":[{\"@type\":\"ListItem\",\"position\":1,\"name\":\"Accueil\",\"item\":\"https:\\\/\\\/enricomaciasloriental.fr\\\/WordPress\\\/\"},{\"@type\":\"ListItem\",\"position\":2,\"name\":\"\u00abJ&rsquo;aimerais devenir le symbole de la r\u00e9conciliation de tous les enfants d&rsquo;Alg\u00e9rie\u00bb\"}]},{\"@type\":\"WebSite\",\"@id\":\"https:\\\/\\\/enricomaciasloriental.fr\\\/WordPress\\\/#website\",\"url\":\"https:\\\/\\\/enricomaciasloriental.fr\\\/WordPress\\\/\",\"name\":\"ENRICO MACIAS L'Oriental\",\"description\":\"IL EST COMME LE SOLEIL\",\"publisher\":{\"@id\":\"https:\\\/\\\/enricomaciasloriental.fr\\\/WordPress\\\/#\\\/schema\\\/person\\\/53fba112c6f4f0b335578890a816262e\"},\"potentialAction\":[{\"@type\":\"SearchAction\",\"target\":{\"@type\":\"EntryPoint\",\"urlTemplate\":\"https:\\\/\\\/enricomaciasloriental.fr\\\/WordPress\\\/?s={search_term_string}\"},\"query-input\":{\"@type\":\"PropertyValueSpecification\",\"valueRequired\":true,\"valueName\":\"search_term_string\"}}],\"inLanguage\":\"fr-FR\"},{\"@type\":[\"Person\",\"Organization\"],\"@id\":\"https:\\\/\\\/enricomaciasloriental.fr\\\/WordPress\\\/#\\\/schema\\\/person\\\/53fba112c6f4f0b335578890a816262e\",\"name\":\"Loriental\",\"image\":{\"@type\":\"ImageObject\",\"inLanguage\":\"fr-FR\",\"@id\":\"https:\\\/\\\/enricomaciasloriental.fr\\\/WordPress\\\/wp-content\\\/uploads\\\/\\\/2015\\\/02\\\/cropped-bannier_altaiir-enrico.jpg\",\"url\":\"https:\\\/\\\/enricomaciasloriental.fr\\\/WordPress\\\/wp-content\\\/uploads\\\/\\\/2015\\\/02\\\/cropped-bannier_altaiir-enrico.jpg\",\"contentUrl\":\"https:\\\/\\\/enricomaciasloriental.fr\\\/WordPress\\\/wp-content\\\/uploads\\\/\\\/2015\\\/02\\\/cropped-bannier_altaiir-enrico.jpg\",\"width\":1200,\"height\":150,\"caption\":\"Loriental\"},\"logo\":{\"@id\":\"https:\\\/\\\/enricomaciasloriental.fr\\\/WordPress\\\/wp-content\\\/uploads\\\/\\\/2015\\\/02\\\/cropped-bannier_altaiir-enrico.jpg\"},\"sameAs\":[\"http:\\\/\\\/www.enricomaciasloriental.fr\\\/\"]}]}<\/script>\n<!-- \/ Yoast SEO plugin. -->","yoast_head_json":{"title":"\u00abJ'aimerais devenir le symbole de la r\u00e9conciliation de tous les enfants d'Alg\u00e9rie\u00bb - ENRICO MACIAS L&#039;Oriental","robots":{"index":"index","follow":"follow","max-snippet":"max-snippet:-1","max-image-preview":"max-image-preview:large","max-video-preview":"max-video-preview:-1"},"canonical":"https:\/\/enricomaciasloriental.fr\/WordPress\/jaimerais-devenir-le-symbole-de-la-reconciliation-de-tous-les-enfants-dalgerie\/","og_locale":"fr_FR","og_type":"article","og_title":"\u00abJ'aimerais devenir le symbole de la r\u00e9conciliation de tous les enfants d'Alg\u00e9rie\u00bb - ENRICO MACIAS L&#039;Oriental","og_description":"S&rsquo;exprimant \u00e0 l&rsquo;occasion de ses cinquante ans de carri\u00e8re, Enrico Macias a d\u00e9clar\u00e9 qu&rsquo;il vivait tr\u00e8s mal pour n&rsquo;avoir pu revenir en Alg\u00e9rie depuis 1961. L&rsquo;artiste a indiqu\u00e9 qu&rsquo;il ne ferme pas la porte \u00e0 l&rsquo;avenir et ce, malgr\u00e9 son &hellip; \u00abJ&rsquo;aimerais devenir le symbole de la r\u00e9conciliation de tous les enfants d&rsquo;Alg\u00e9rie\u00bb Read More &raquo;","og_url":"https:\/\/enricomaciasloriental.fr\/WordPress\/jaimerais-devenir-le-symbole-de-la-reconciliation-de-tous-les-enfants-dalgerie\/","og_site_name":"ENRICO MACIAS L&#039;Oriental","article_published_time":"2012-11-22T05:42:34+00:00","article_modified_time":"2012-11-22T06:01:38+00:00","og_image":[{"width":700,"height":497,"url":"https:\/\/enricomaciasloriental.fr\/WordPress\/wp-content\/uploads\/\/2019\/02\/article-902.jpg","type":"image\/jpeg"}],"author":"Loriental","twitter_card":"summary_large_image","twitter_misc":{"\u00c9crit par":"Loriental","Dur\u00e9e de lecture estim\u00e9e":"3 minutes"},"schema":{"@context":"https:\/\/schema.org","@graph":[{"@type":"Article","@id":"https:\/\/enricomaciasloriental.fr\/WordPress\/jaimerais-devenir-le-symbole-de-la-reconciliation-de-tous-les-enfants-dalgerie\/#article","isPartOf":{"@id":"https:\/\/enricomaciasloriental.fr\/WordPress\/jaimerais-devenir-le-symbole-de-la-reconciliation-de-tous-les-enfants-dalgerie\/"},"author":{"name":"Loriental","@id":"https:\/\/enricomaciasloriental.fr\/WordPress\/#\/schema\/person\/53fba112c6f4f0b335578890a816262e"},"headline":"\u00abJ&rsquo;aimerais devenir le symbole de la r\u00e9conciliation de tous les enfants d&rsquo;Alg\u00e9rie\u00bb","datePublished":"2012-11-22T05:42:34+00:00","dateModified":"2012-11-22T06:01:38+00:00","mainEntityOfPage":{"@id":"https:\/\/enricomaciasloriental.fr\/WordPress\/jaimerais-devenir-le-symbole-de-la-reconciliation-de-tous-les-enfants-dalgerie\/"},"wordCount":592,"commentCount":0,"publisher":{"@id":"https:\/\/enricomaciasloriental.fr\/WordPress\/#\/schema\/person\/53fba112c6f4f0b335578890a816262e"},"articleSection":["Actualit\u00e9s"],"inLanguage":"fr-FR","potentialAction":[{"@type":"CommentAction","name":"Comment","target":["https:\/\/enricomaciasloriental.fr\/WordPress\/jaimerais-devenir-le-symbole-de-la-reconciliation-de-tous-les-enfants-dalgerie\/#respond"]}]},{"@type":"WebPage","@id":"https:\/\/enricomaciasloriental.fr\/WordPress\/jaimerais-devenir-le-symbole-de-la-reconciliation-de-tous-les-enfants-dalgerie\/","url":"https:\/\/enricomaciasloriental.fr\/WordPress\/jaimerais-devenir-le-symbole-de-la-reconciliation-de-tous-les-enfants-dalgerie\/","name":"\u00abJ'aimerais devenir le symbole de la r\u00e9conciliation de tous les enfants d'Alg\u00e9rie\u00bb - ENRICO MACIAS L&#039;Oriental","isPartOf":{"@id":"https:\/\/enricomaciasloriental.fr\/WordPress\/#website"},"datePublished":"2012-11-22T05:42:34+00:00","dateModified":"2012-11-22T06:01:38+00:00","breadcrumb":{"@id":"https:\/\/enricomaciasloriental.fr\/WordPress\/jaimerais-devenir-le-symbole-de-la-reconciliation-de-tous-les-enfants-dalgerie\/#breadcrumb"},"inLanguage":"fr-FR","potentialAction":[{"@type":"ReadAction","target":["https:\/\/enricomaciasloriental.fr\/WordPress\/jaimerais-devenir-le-symbole-de-la-reconciliation-de-tous-les-enfants-dalgerie\/"]}]},{"@type":"BreadcrumbList","@id":"https:\/\/enricomaciasloriental.fr\/WordPress\/jaimerais-devenir-le-symbole-de-la-reconciliation-de-tous-les-enfants-dalgerie\/#breadcrumb","itemListElement":[{"@type":"ListItem","position":1,"name":"Accueil","item":"https:\/\/enricomaciasloriental.fr\/WordPress\/"},{"@type":"ListItem","position":2,"name":"\u00abJ&rsquo;aimerais devenir le symbole de la r\u00e9conciliation de tous les enfants d&rsquo;Alg\u00e9rie\u00bb"}]},{"@type":"WebSite","@id":"https:\/\/enricomaciasloriental.fr\/WordPress\/#website","url":"https:\/\/enricomaciasloriental.fr\/WordPress\/","name":"ENRICO MACIAS L'Oriental","description":"IL EST COMME LE SOLEIL","publisher":{"@id":"https:\/\/enricomaciasloriental.fr\/WordPress\/#\/schema\/person\/53fba112c6f4f0b335578890a816262e"},"potentialAction":[{"@type":"SearchAction","target":{"@type":"EntryPoint","urlTemplate":"https:\/\/enricomaciasloriental.fr\/WordPress\/?s={search_term_string}"},"query-input":{"@type":"PropertyValueSpecification","valueRequired":true,"valueName":"search_term_string"}}],"inLanguage":"fr-FR"},{"@type":["Person","Organization"],"@id":"https:\/\/enricomaciasloriental.fr\/WordPress\/#\/schema\/person\/53fba112c6f4f0b335578890a816262e","name":"Loriental","image":{"@type":"ImageObject","inLanguage":"fr-FR","@id":"https:\/\/enricomaciasloriental.fr\/WordPress\/wp-content\/uploads\/\/2015\/02\/cropped-bannier_altaiir-enrico.jpg","url":"https:\/\/enricomaciasloriental.fr\/WordPress\/wp-content\/uploads\/\/2015\/02\/cropped-bannier_altaiir-enrico.jpg","contentUrl":"https:\/\/enricomaciasloriental.fr\/WordPress\/wp-content\/uploads\/\/2015\/02\/cropped-bannier_altaiir-enrico.jpg","width":1200,"height":150,"caption":"Loriental"},"logo":{"@id":"https:\/\/enricomaciasloriental.fr\/WordPress\/wp-content\/uploads\/\/2015\/02\/cropped-bannier_altaiir-enrico.jpg"},"sameAs":["http:\/\/www.enricomaciasloriental.fr\/"]}]}},"featured_image_src":"","featured_image_src_square":false,"author_info":{"display_name":"Loriental","author_link":"https:\/\/enricomaciasloriental.fr\/WordPress\/author\/admin9234\/"},"rbea_author_info":{"display_name":"Loriental","author_link":"https:\/\/enricomaciasloriental.fr\/WordPress\/author\/admin9234\/"},"rbea_excerpt_info":"S&rsquo;exprimant \u00e0 l&rsquo;occasion de ses cinquante ans de carri\u00e8re, Enrico Macias a d\u00e9clar\u00e9 qu&rsquo;il vivait tr\u00e8s mal pour n&rsquo;avoir pu revenir en Alg\u00e9rie depuis 1961. L&rsquo;artiste a indiqu\u00e9 qu&rsquo;il ne ferme pas la porte \u00e0 l&rsquo;avenir et ce, malgr\u00e9 son &hellip;<p class=\"read-more\"> <a class=\"more-link\" href=\"https:\/\/enricomaciasloriental.fr\/WordPress\/jaimerais-devenir-le-symbole-de-la-reconciliation-de-tous-les-enfants-dalgerie\/\"> <span class=\"screen-reader-text\">\u00abJ&rsquo;aimerais devenir le symbole de la r\u00e9conciliation de tous les enfants d&rsquo;Alg\u00e9rie\u00bb<\/span> Read More &raquo;<\/a><\/p>","category_list":"<a href=\"https:\/\/enricomaciasloriental.fr\/WordPress\/category\/actualites\/\">Actualit\u00e9s<\/a>","comments_num":"0 comments","_links":{"self":[{"href":"https:\/\/enricomaciasloriental.fr\/WordPress\/wp-json\/wp\/v2\/posts\/5550","targetHints":{"allow":["GET"]}}],"collection":[{"href":"https:\/\/enricomaciasloriental.fr\/WordPress\/wp-json\/wp\/v2\/posts"}],"about":[{"href":"https:\/\/enricomaciasloriental.fr\/WordPress\/wp-json\/wp\/v2\/types\/post"}],"author":[{"embeddable":true,"href":"https:\/\/enricomaciasloriental.fr\/WordPress\/wp-json\/wp\/v2\/users\/36"}],"replies":[{"embeddable":true,"href":"https:\/\/enricomaciasloriental.fr\/WordPress\/wp-json\/wp\/v2\/comments?post=5550"}],"version-history":[{"count":0,"href":"https:\/\/enricomaciasloriental.fr\/WordPress\/wp-json\/wp\/v2\/posts\/5550\/revisions"}],"wp:attachment":[{"href":"https:\/\/enricomaciasloriental.fr\/WordPress\/wp-json\/wp\/v2\/media?parent=5550"}],"wp:term":[{"taxonomy":"category","embeddable":true,"href":"https:\/\/enricomaciasloriental.fr\/WordPress\/wp-json\/wp\/v2\/categories?post=5550"},{"taxonomy":"post_tag","embeddable":true,"href":"https:\/\/enricomaciasloriental.fr\/WordPress\/wp-json\/wp\/v2\/tags?post=5550"}],"curies":[{"name":"wp","href":"https:\/\/api.w.org\/{rel}","templated":true}]}}