{"id":5891,"date":"2013-01-24T23:17:09","date_gmt":"2013-01-24T22:17:09","guid":{"rendered":"http:\/\/enricomaciasloriental.fr\/WordPress\/?p=5891"},"modified":"2013-01-25T07:16:20","modified_gmt":"2013-01-25T06:16:20","slug":"venez-tous-mes-amis-on-va-faire-la-fete","status":"publish","type":"post","link":"https:\/\/enricomaciasloriental.fr\/WordPress\/venez-tous-mes-amis-on-va-faire-la-fete\/","title":{"rendered":"VENEZ TOUS MES AMIS ON VA FAIRE LA FETE"},"content":{"rendered":"<p><img fetchpriority=\"high\" decoding=\"async\" class=\"alignleft size-full wp-image-5892\" title=\"olympia2013001\" src=\"https:\/\/enricomaciasloriental.fr\/WordPress\/wp-content\/uploads\/\/2013\/01\/olympia2013001.jpg\" alt=\"\" width=\"350\" height=\"233\" srcset=\"https:\/\/enricomaciasloriental.fr\/WordPress\/wp-content\/uploads\/2013\/01\/olympia2013001.jpg 350w, https:\/\/enricomaciasloriental.fr\/WordPress\/wp-content\/uploads\/2013\/01\/olympia2013001-300x199.jpg 300w\" sizes=\"(max-width: 350px) 100vw, 350px\" \/>Pour f\u00eater ses cinquante ans de carri\u00e8re, fid\u00e8le \u00e0 lui-m\u00eame, Enrico Macias a voulu \u00eatre entour\u00e9 de sa famille et de tous ses amis.<\/p>\n<p>A cette fin, et avec le concours de son fils Jean Claude qui \u00a0a assur\u00e9 les arrangements, il a invit\u00e9 ses amis chanteurs, connus et moins connus, \u00e0 reprendre avec lui ses plus grands succ\u00e8s de ces 50 ann\u00e9es. C\u2019est ainsi qu\u2019est n\u00e9 son dernier album \u00ab\u00a0Venez tous mes amis\u00a0\u00bb sorti dans les bacs le 12 novembre 2012 et proposant 17 duos in\u00e9dits.<\/p>\n<p>Le c\u0153ur toujours g\u00e9n\u00e9reux, Enrico avait r\u00e9serv\u00e9 la primeur de certains de ces duos \u00e0 son fid\u00e8le public lors d\u2019une premi\u00e8re f\u00eate \u00e0 l\u2019Olympia en septembre 2012 (voir nos articles sur cet \u00e9v\u00e8nement)<\/p>\n<p>Mais il voulait r\u00e9unir tout le monde pour son jubil\u00e9 et c\u2019est \u00e0 un nouveau rendez-vous \u00a0boulevard des Capucines qu\u2019il nous a convi\u00e9s ce mardi 22 janvier 2013.<br \/>\nD\u2019ailleurs, le public ne s\u2019y est pas tromp\u00e9, sachant instinctivement qu\u2019il s\u2019agissait d\u2019une f\u00eate hors du commun, et c\u2019est \u00e0 guichet ferm\u00e9 que s\u2019est d\u00e9roul\u00e9 le concert. Du premier rang jusqu\u2019au dernier strapontin tout en haut du balcon, pas une place n\u2019\u00e9tait libre.<\/p>\n<p>Pour d\u00e9buter la soir\u00e9e, nous avons pu appr\u00e9cier deux jeunes talents tr\u00e8s prometteurs\u00a0: Nill Klemm, chanteur compositeur qui a repr\u00e9sent\u00e9 la Suisse au dernier concours de l\u2019Eurovision, et Riff Cohen que nous allions retrouver plus tard aux cot\u00e9s d\u2019Enrico et qui nous a donn\u00e9 \u00e0 d\u00e9couvrir son univers musical, p\u00e9tillant et rythm\u00e9, mis en valeur par une tr\u00e8s belle voix.<\/p>\n<p>Mais c\u2019est pour une soir\u00e9e de f\u00eate \u00ab\u00a0maciasienne\u00a0\u00bb que le public avait brav\u00e9 le froid et la neige et apr\u00e8s un court entracte, il a commenc\u00e9 \u00e0 s\u2019impatienter\u00a0: \u00ab\u00a0Enrico\u00a0! Enrico\u00a0! Enrico\u00a0!\u00a0\u00bb. Alors les lumi\u00e8res se sont \u00e9teintes, le rideau s\u2019est ouvert et l\u2019orchestre au grand complet a entam\u00e9 l\u2019intro\u00a0; \u00ab\u00a0C\u2019est un livre d\u2019histoire le violon de mon p\u00e8re \u2026\u2026\u00a0\u00bb<\/p>\n<p>Et \u00e0 l\u2019instant m\u00eame o\u00f9 la salle a aper\u00e7u la belle chevelure blanche poindre derri\u00e8re les musiciens, comme un raz de mar\u00e9e <img decoding=\"async\" class=\"size-full wp-image-5893 alignright\" title=\"olympia2013002\" src=\"https:\/\/enricomaciasloriental.fr\/WordPress\/wp-content\/uploads\/\/2013\/01\/olympia2013002.jpg\" alt=\"\" width=\"233\" height=\"350\" srcset=\"https:\/\/enricomaciasloriental.fr\/WordPress\/wp-content\/uploads\/2013\/01\/olympia2013002.jpg 233w, https:\/\/enricomaciasloriental.fr\/WordPress\/wp-content\/uploads\/2013\/01\/olympia2013002-199x300.jpg 199w\" sizes=\"(max-width: 233px) 100vw, 233px\" \/>galopant, \u00a0l\u2019acclamation de la salle est mont\u00e9e pour porter jusqu\u2019\u00e0 la sc\u00e8ne tout son bonheur d\u2019\u00eatre \u00e0 nouveau r\u00e9unie avec son chanteur pr\u00e9f\u00e9r\u00e9. Costume sombre et chemise blanche, un sourire radieux illuminant son visage, Enrico a salu\u00e9 son public avant d\u2019attraper sa guitare pour \u00e9grener les premi\u00e8res notes de la f\u00eate.<\/p>\n<p>Si le spectacle \u00e9tait mont\u00e9 sur la m\u00eame trame que celui de septembre 2012, il nous a toutefois r\u00e9serv\u00e9 de magnifiques surprises tout au long de la soir\u00e9e.<br \/>\nLa premi\u00e8re d\u2019entre elle s\u2019est incarn\u00e9e sous les traits de la charmante Sofia Essaidi qui, avec beaucoup de maestria, a mari\u00e9 sa voix \u00e0 celle d\u2019Enrico pour nous offrir une version de \u00ab\u00a0Paris tu m\u2019as pris dans tes bras\u00a0\u00bb l\u00e9g\u00e8re, \u00e9l\u00e9gante et \u00a0tourbillonnante.<br \/>\nMalheureusement, Carla Bruni n\u2019a pu accompagner \u00a0Enrico sur sc\u00e8ne pour \u00ab\u00a0les gens du nord\u00a0\u00bb mais elle a tenu avec son mari \u00e0 honorer l\u2019artiste par sa pr\u00e9sence dans la salle. Et c\u2019est avec beaucoup d\u2019enthousiasme que les spectateurs, debouts, ont ovationn\u00e9 l\u2019ancien pr\u00e9sident de la r\u00e9publique.<br \/>\nTroisi\u00e8me surprise, la main sur le c\u0153ur, la voix charg\u00e9e d\u2019\u00e9motion, les yeux perdus \u00e0 l\u2019horizon, Enrico a c\u00e9l\u00e9br\u00e9 \u00ab\u00a0La France de mon enfance\u00a0\u00bb, et chacune des personnes pr\u00e9sentes a ressenti cette \u00e9motion \u00e9treindre son c\u0153ur et mouiller ses yeux.<br \/>\nAinsi, durant deux heures, les duos, tous \u00e9poustouflants, \u00a0se sont succ\u00e9d\u00e9s et chaque artiste, sans se d\u00e9partir de sa propre personnalit\u00e9 et sensibilit\u00e9, a rendu un vibrant hommage \u00e0 l\u2019ami et l\u2019artiste, joignant sa voix \u00e0 la sienne pour \u00e9clairer d\u2019un jour nouveau les tubes que nous connaissons tous par c\u0153ur.<br \/>\nSe sont succ\u00e9d\u00e9s sur la sc\u00e8ne Riff Cohen pour \u00ab\u00a0aux talons de ses souliers\u00a0\u00bb, Liane Foly pour \u00ab\u00a0mon c\u0153ur d\u2019attache\u00a0\u00bb, Dany Brillant pour \u00ab\u00a0les filles de mon pays\u00a0\u00bb, Cabra Casay pour \u00ab\u00a0il reste aujourd\u2019hui\u00a0\u00bb, G\u00e9rard Darmon pour \u00ab\u00a0sans voir le jour\u00a0\u00bb, Dani pour\u00a0 \u00ab\u00a0Oumparere\u00a0\u00bb, Toma pour \u00ab\u00a0Mon histoire c\u2019est ton histoire\u00a0\u00bb, Bruno Maman pour \u00ab\u00a0ces \u00e9trangers\u00a0\u00bb et Mickael Miro pour \u00ab\u00a0le mendiant de l\u2019amour\u00a0\u00bb.<\/p>\n<p>Nous vous avons d\u00e9j\u00e0 lou\u00e9 certains d\u2019eux en septembre et, si tous ont \u00e9t\u00e9 superbes, nous voudrions mettre \u00e0 l\u2019honneur Liane Foly qui, avec une interpr\u00e9tation superbe, est devenue le nouveau c\u0153ur d\u2019attache d\u2019Enrico, Cabra Casay qui a mis son temp\u00e9rament de feu au service d\u2019\u00a0 \u00ab\u00a0il reste aujourd\u2019hui\u00a0\u00bb.<br \/>\nEt nous voudrions aussi remercier Bruno Maman d\u2019\u00eatre venu sur sc\u00e8ne interpr\u00e9ter \u00ab\u00a0ces \u00e9trangers\u00a0\u00bb chanson qu\u2019il a \u00e9crite sp\u00e9cialement pour Enrico. Ce duo interpr\u00e9t\u00e9 avec beaucoup de sensibilit\u00e9 et d\u2019\u00e9motion a donn\u00e9 une vraie grandeur \u00e0 cette chanson qui, n\u2019en doutons pas, va trouver tout naturellement une place de choix dans le r\u00e9pertoire maciasien.<\/p>\n<p><img decoding=\"async\" class=\"alignleft size-full wp-image-5894\" title=\"olympia2013003\" src=\"https:\/\/enricomaciasloriental.fr\/WordPress\/wp-content\/uploads\/\/2013\/01\/olympia2013003.jpg\" alt=\"\" width=\"350\" height=\"233\" srcset=\"https:\/\/enricomaciasloriental.fr\/WordPress\/wp-content\/uploads\/2013\/01\/olympia2013003.jpg 350w, https:\/\/enricomaciasloriental.fr\/WordPress\/wp-content\/uploads\/2013\/01\/olympia2013003-300x199.jpg 300w\" sizes=\"(max-width: 350px) 100vw, 350px\" \/>Evidemment il n\u2019y a pas de concert d\u2019Enrico Macias sans la f\u00eate orientale et la soir\u00e9e s\u2019est termin\u00e9e comme \u00e0 l\u2019habitude debout devant la sc\u00e8ne, dans une ambiance de folie, sur les incontournables medleys oriental et isra\u00e9lien, symboles de cette fraternit\u00e9 entre tous les peuples, pour trouver son apoth\u00e9ose avec \u00ab\u00a0l\u2019oriental\u00a0\u00bb et \u00ab\u00a0el porompompero\u00a0\u00bb. Une fois de plus, malgr\u00e9 le froid polaire s\u00e9vissant sur le boulevard des Capucines, le soleil de l\u2019amiti\u00e9 a r\u00e9alis\u00e9 son miracle et mis le feu \u00e0 la mythique salle de l\u2019Olympia.<\/p>\n<p>Mais comme toutes les autres fois, le temps s\u2019est \u00e9coul\u00e9 trop vite et l\u2019heure de se s\u00e9parer a sonn\u00e9.<br \/>\nR\u00e9pondant avec g\u00e9n\u00e9rosit\u00e9 aux rappels du public qui en voulait encore, Enrico nous a offert, \u00e0 capella, \u00ab\u00a0enfants de tous pays\u00a0\u00bb avant que le rideau rouge ne se referme d\u00e9finitivement et que les lumi\u00e8res de la salle nous rappellent \u00e0 la r\u00e9alit\u00e9.<\/p>\n<p>Ce fut vraiment une magnifique soir\u00e9e et, dans une forme \u00e9blouissante, accompagn\u00e9 de tous ses amis, Enrico, a offert \u00e0 son public un somptueux cadeau.<\/p>\n<p>MERCI ENRICO POUR CES 50 ANS DE BONHEUR\u00a0!<\/p>\n<p>Encore une fois, JOYEUX ANNIVERSAIRE\u00a0!<\/p>\n<p>D\u2019ores et d\u00e9j\u00e0, rendez-vous est pris pour les 11 et 12 janvier 2014 dans la m\u00eame salle\u00a0!<\/p>\n<p>Mais entre temps, nous aurons le plaisir de vous suivre dans une tourn\u00e9e nationale et internationale notamment sur le continent am\u00e9ricain.<\/p>\n","protected":false},"excerpt":{"rendered":"<p>Pour f\u00eater ses cinquante ans de carri\u00e8re, fid\u00e8le \u00e0 lui-m\u00eame, Enrico Macias a voulu \u00eatre entour\u00e9 de sa famille et de tous ses amis. A cette fin, et avec le concours de son fils Jean Claude qui \u00a0a assur\u00e9 les &hellip;<\/p>\n<p class=\"read-more\"> <a class=\"more-link\" href=\"https:\/\/enricomaciasloriental.fr\/WordPress\/venez-tous-mes-amis-on-va-faire-la-fete\/\"> <span class=\"screen-reader-text\">VENEZ TOUS MES AMIS ON VA FAIRE LA FETE<\/span> Read More &raquo;<\/a><\/p>\n","protected":false},"author":36,"featured_media":0,"comment_status":"open","ping_status":"open","sticky":false,"template":"","format":"standard","meta":{"footnotes":""},"categories":[1],"tags":[],"class_list":["post-5891","post","type-post","status-publish","format-standard","hentry","category-actualites"],"yoast_head":"<!-- This site is optimized with the Yoast SEO plugin v27.4 - https:\/\/yoast.com\/product\/yoast-seo-wordpress\/ -->\n<title>VENEZ TOUS MES AMIS ON VA FAIRE LA FETE - ENRICO MACIAS L&#039;Oriental<\/title>\n<meta name=\"robots\" content=\"index, follow, max-snippet:-1, max-image-preview:large, max-video-preview:-1\" \/>\n<link rel=\"canonical\" href=\"https:\/\/enricomaciasloriental.fr\/WordPress\/venez-tous-mes-amis-on-va-faire-la-fete\/\" \/>\n<meta property=\"og:locale\" content=\"fr_FR\" \/>\n<meta property=\"og:type\" content=\"article\" \/>\n<meta property=\"og:title\" content=\"VENEZ TOUS MES AMIS ON VA FAIRE LA FETE - ENRICO MACIAS L&#039;Oriental\" \/>\n<meta property=\"og:description\" content=\"Pour f\u00eater ses cinquante ans de carri\u00e8re, fid\u00e8le \u00e0 lui-m\u00eame, Enrico Macias a voulu \u00eatre entour\u00e9 de sa famille et de tous ses amis. A cette fin, et avec le concours de son fils Jean Claude qui \u00a0a assur\u00e9 les &hellip; VENEZ TOUS MES AMIS ON VA FAIRE LA FETE Read More &raquo;\" \/>\n<meta property=\"og:url\" content=\"https:\/\/enricomaciasloriental.fr\/WordPress\/venez-tous-mes-amis-on-va-faire-la-fete\/\" \/>\n<meta property=\"og:site_name\" content=\"ENRICO MACIAS L&#039;Oriental\" \/>\n<meta property=\"article:published_time\" content=\"2013-01-24T22:17:09+00:00\" \/>\n<meta property=\"article:modified_time\" content=\"2013-01-25T06:16:20+00:00\" \/>\n<meta property=\"og:image\" content=\"http:\/\/enricomaciasloriental.fr\/WordPress\/wp-content\/uploads\/\/2013\/01\/olympia2013001.jpg\" \/>\n<meta name=\"author\" content=\"Loriental\" \/>\n<meta name=\"twitter:card\" content=\"summary_large_image\" \/>\n<meta name=\"twitter:label1\" content=\"\u00c9crit par\" \/>\n\t<meta name=\"twitter:data1\" content=\"Loriental\" \/>\n\t<meta name=\"twitter:label2\" content=\"Dur\u00e9e de lecture estim\u00e9e\" \/>\n\t<meta name=\"twitter:data2\" content=\"6 minutes\" \/>\n<script type=\"application\/ld+json\" class=\"yoast-schema-graph\">{\"@context\":\"https:\\\/\\\/schema.org\",\"@graph\":[{\"@type\":\"Article\",\"@id\":\"https:\\\/\\\/enricomaciasloriental.fr\\\/WordPress\\\/venez-tous-mes-amis-on-va-faire-la-fete\\\/#article\",\"isPartOf\":{\"@id\":\"https:\\\/\\\/enricomaciasloriental.fr\\\/WordPress\\\/venez-tous-mes-amis-on-va-faire-la-fete\\\/\"},\"author\":{\"name\":\"Loriental\",\"@id\":\"https:\\\/\\\/enricomaciasloriental.fr\\\/WordPress\\\/#\\\/schema\\\/person\\\/53fba112c6f4f0b335578890a816262e\"},\"headline\":\"VENEZ TOUS MES AMIS ON VA FAIRE LA FETE\",\"datePublished\":\"2013-01-24T22:17:09+00:00\",\"dateModified\":\"2013-01-25T06:16:20+00:00\",\"mainEntityOfPage\":{\"@id\":\"https:\\\/\\\/enricomaciasloriental.fr\\\/WordPress\\\/venez-tous-mes-amis-on-va-faire-la-fete\\\/\"},\"wordCount\":1121,\"commentCount\":2,\"publisher\":{\"@id\":\"https:\\\/\\\/enricomaciasloriental.fr\\\/WordPress\\\/#\\\/schema\\\/person\\\/53fba112c6f4f0b335578890a816262e\"},\"image\":{\"@id\":\"https:\\\/\\\/enricomaciasloriental.fr\\\/WordPress\\\/venez-tous-mes-amis-on-va-faire-la-fete\\\/#primaryimage\"},\"thumbnailUrl\":\"http:\\\/\\\/enricomaciasloriental.fr\\\/WordPress\\\/wp-content\\\/uploads\\\/\\\/2013\\\/01\\\/olympia2013001.jpg\",\"articleSection\":[\"Actualit\u00e9s\"],\"inLanguage\":\"fr-FR\",\"potentialAction\":[{\"@type\":\"CommentAction\",\"name\":\"Comment\",\"target\":[\"https:\\\/\\\/enricomaciasloriental.fr\\\/WordPress\\\/venez-tous-mes-amis-on-va-faire-la-fete\\\/#respond\"]}]},{\"@type\":\"WebPage\",\"@id\":\"https:\\\/\\\/enricomaciasloriental.fr\\\/WordPress\\\/venez-tous-mes-amis-on-va-faire-la-fete\\\/\",\"url\":\"https:\\\/\\\/enricomaciasloriental.fr\\\/WordPress\\\/venez-tous-mes-amis-on-va-faire-la-fete\\\/\",\"name\":\"VENEZ TOUS MES AMIS ON VA FAIRE LA FETE - ENRICO MACIAS L&#039;Oriental\",\"isPartOf\":{\"@id\":\"https:\\\/\\\/enricomaciasloriental.fr\\\/WordPress\\\/#website\"},\"primaryImageOfPage\":{\"@id\":\"https:\\\/\\\/enricomaciasloriental.fr\\\/WordPress\\\/venez-tous-mes-amis-on-va-faire-la-fete\\\/#primaryimage\"},\"image\":{\"@id\":\"https:\\\/\\\/enricomaciasloriental.fr\\\/WordPress\\\/venez-tous-mes-amis-on-va-faire-la-fete\\\/#primaryimage\"},\"thumbnailUrl\":\"http:\\\/\\\/enricomaciasloriental.fr\\\/WordPress\\\/wp-content\\\/uploads\\\/\\\/2013\\\/01\\\/olympia2013001.jpg\",\"datePublished\":\"2013-01-24T22:17:09+00:00\",\"dateModified\":\"2013-01-25T06:16:20+00:00\",\"breadcrumb\":{\"@id\":\"https:\\\/\\\/enricomaciasloriental.fr\\\/WordPress\\\/venez-tous-mes-amis-on-va-faire-la-fete\\\/#breadcrumb\"},\"inLanguage\":\"fr-FR\",\"potentialAction\":[{\"@type\":\"ReadAction\",\"target\":[\"https:\\\/\\\/enricomaciasloriental.fr\\\/WordPress\\\/venez-tous-mes-amis-on-va-faire-la-fete\\\/\"]}]},{\"@type\":\"ImageObject\",\"inLanguage\":\"fr-FR\",\"@id\":\"https:\\\/\\\/enricomaciasloriental.fr\\\/WordPress\\\/venez-tous-mes-amis-on-va-faire-la-fete\\\/#primaryimage\",\"url\":\"https:\\\/\\\/enricomaciasloriental.fr\\\/WordPress\\\/wp-content\\\/uploads\\\/\\\/2013\\\/01\\\/olympia2013001.jpg\",\"contentUrl\":\"https:\\\/\\\/enricomaciasloriental.fr\\\/WordPress\\\/wp-content\\\/uploads\\\/\\\/2013\\\/01\\\/olympia2013001.jpg\",\"width\":\"350\",\"height\":\"233\"},{\"@type\":\"BreadcrumbList\",\"@id\":\"https:\\\/\\\/enricomaciasloriental.fr\\\/WordPress\\\/venez-tous-mes-amis-on-va-faire-la-fete\\\/#breadcrumb\",\"itemListElement\":[{\"@type\":\"ListItem\",\"position\":1,\"name\":\"Accueil\",\"item\":\"https:\\\/\\\/enricomaciasloriental.fr\\\/WordPress\\\/\"},{\"@type\":\"ListItem\",\"position\":2,\"name\":\"VENEZ TOUS MES AMIS ON VA FAIRE LA FETE\"}]},{\"@type\":\"WebSite\",\"@id\":\"https:\\\/\\\/enricomaciasloriental.fr\\\/WordPress\\\/#website\",\"url\":\"https:\\\/\\\/enricomaciasloriental.fr\\\/WordPress\\\/\",\"name\":\"ENRICO MACIAS L'Oriental\",\"description\":\"IL EST COMME LE SOLEIL\",\"publisher\":{\"@id\":\"https:\\\/\\\/enricomaciasloriental.fr\\\/WordPress\\\/#\\\/schema\\\/person\\\/53fba112c6f4f0b335578890a816262e\"},\"potentialAction\":[{\"@type\":\"SearchAction\",\"target\":{\"@type\":\"EntryPoint\",\"urlTemplate\":\"https:\\\/\\\/enricomaciasloriental.fr\\\/WordPress\\\/?s={search_term_string}\"},\"query-input\":{\"@type\":\"PropertyValueSpecification\",\"valueRequired\":true,\"valueName\":\"search_term_string\"}}],\"inLanguage\":\"fr-FR\"},{\"@type\":[\"Person\",\"Organization\"],\"@id\":\"https:\\\/\\\/enricomaciasloriental.fr\\\/WordPress\\\/#\\\/schema\\\/person\\\/53fba112c6f4f0b335578890a816262e\",\"name\":\"Loriental\",\"image\":{\"@type\":\"ImageObject\",\"inLanguage\":\"fr-FR\",\"@id\":\"https:\\\/\\\/enricomaciasloriental.fr\\\/WordPress\\\/wp-content\\\/uploads\\\/\\\/2015\\\/02\\\/cropped-bannier_altaiir-enrico.jpg\",\"url\":\"https:\\\/\\\/enricomaciasloriental.fr\\\/WordPress\\\/wp-content\\\/uploads\\\/\\\/2015\\\/02\\\/cropped-bannier_altaiir-enrico.jpg\",\"contentUrl\":\"https:\\\/\\\/enricomaciasloriental.fr\\\/WordPress\\\/wp-content\\\/uploads\\\/\\\/2015\\\/02\\\/cropped-bannier_altaiir-enrico.jpg\",\"width\":1200,\"height\":150,\"caption\":\"Loriental\"},\"logo\":{\"@id\":\"https:\\\/\\\/enricomaciasloriental.fr\\\/WordPress\\\/wp-content\\\/uploads\\\/\\\/2015\\\/02\\\/cropped-bannier_altaiir-enrico.jpg\"},\"sameAs\":[\"http:\\\/\\\/www.enricomaciasloriental.fr\\\/\"]}]}<\/script>\n<!-- \/ Yoast SEO plugin. -->","yoast_head_json":{"title":"VENEZ TOUS MES AMIS ON VA FAIRE LA FETE - ENRICO MACIAS L&#039;Oriental","robots":{"index":"index","follow":"follow","max-snippet":"max-snippet:-1","max-image-preview":"max-image-preview:large","max-video-preview":"max-video-preview:-1"},"canonical":"https:\/\/enricomaciasloriental.fr\/WordPress\/venez-tous-mes-amis-on-va-faire-la-fete\/","og_locale":"fr_FR","og_type":"article","og_title":"VENEZ TOUS MES AMIS ON VA FAIRE LA FETE - ENRICO MACIAS L&#039;Oriental","og_description":"Pour f\u00eater ses cinquante ans de carri\u00e8re, fid\u00e8le \u00e0 lui-m\u00eame, Enrico Macias a voulu \u00eatre entour\u00e9 de sa famille et de tous ses amis. A cette fin, et avec le concours de son fils Jean Claude qui \u00a0a assur\u00e9 les &hellip; VENEZ TOUS MES AMIS ON VA FAIRE LA FETE Read More &raquo;","og_url":"https:\/\/enricomaciasloriental.fr\/WordPress\/venez-tous-mes-amis-on-va-faire-la-fete\/","og_site_name":"ENRICO MACIAS L&#039;Oriental","article_published_time":"2013-01-24T22:17:09+00:00","article_modified_time":"2013-01-25T06:16:20+00:00","og_image":[{"url":"http:\/\/enricomaciasloriental.fr\/WordPress\/wp-content\/uploads\/\/2013\/01\/olympia2013001.jpg","type":"","width":"","height":""}],"author":"Loriental","twitter_card":"summary_large_image","twitter_misc":{"\u00c9crit par":"Loriental","Dur\u00e9e de lecture estim\u00e9e":"6 minutes"},"schema":{"@context":"https:\/\/schema.org","@graph":[{"@type":"Article","@id":"https:\/\/enricomaciasloriental.fr\/WordPress\/venez-tous-mes-amis-on-va-faire-la-fete\/#article","isPartOf":{"@id":"https:\/\/enricomaciasloriental.fr\/WordPress\/venez-tous-mes-amis-on-va-faire-la-fete\/"},"author":{"name":"Loriental","@id":"https:\/\/enricomaciasloriental.fr\/WordPress\/#\/schema\/person\/53fba112c6f4f0b335578890a816262e"},"headline":"VENEZ TOUS MES AMIS ON VA FAIRE LA FETE","datePublished":"2013-01-24T22:17:09+00:00","dateModified":"2013-01-25T06:16:20+00:00","mainEntityOfPage":{"@id":"https:\/\/enricomaciasloriental.fr\/WordPress\/venez-tous-mes-amis-on-va-faire-la-fete\/"},"wordCount":1121,"commentCount":2,"publisher":{"@id":"https:\/\/enricomaciasloriental.fr\/WordPress\/#\/schema\/person\/53fba112c6f4f0b335578890a816262e"},"image":{"@id":"https:\/\/enricomaciasloriental.fr\/WordPress\/venez-tous-mes-amis-on-va-faire-la-fete\/#primaryimage"},"thumbnailUrl":"http:\/\/enricomaciasloriental.fr\/WordPress\/wp-content\/uploads\/\/2013\/01\/olympia2013001.jpg","articleSection":["Actualit\u00e9s"],"inLanguage":"fr-FR","potentialAction":[{"@type":"CommentAction","name":"Comment","target":["https:\/\/enricomaciasloriental.fr\/WordPress\/venez-tous-mes-amis-on-va-faire-la-fete\/#respond"]}]},{"@type":"WebPage","@id":"https:\/\/enricomaciasloriental.fr\/WordPress\/venez-tous-mes-amis-on-va-faire-la-fete\/","url":"https:\/\/enricomaciasloriental.fr\/WordPress\/venez-tous-mes-amis-on-va-faire-la-fete\/","name":"VENEZ TOUS MES AMIS ON VA FAIRE LA FETE - ENRICO MACIAS L&#039;Oriental","isPartOf":{"@id":"https:\/\/enricomaciasloriental.fr\/WordPress\/#website"},"primaryImageOfPage":{"@id":"https:\/\/enricomaciasloriental.fr\/WordPress\/venez-tous-mes-amis-on-va-faire-la-fete\/#primaryimage"},"image":{"@id":"https:\/\/enricomaciasloriental.fr\/WordPress\/venez-tous-mes-amis-on-va-faire-la-fete\/#primaryimage"},"thumbnailUrl":"http:\/\/enricomaciasloriental.fr\/WordPress\/wp-content\/uploads\/\/2013\/01\/olympia2013001.jpg","datePublished":"2013-01-24T22:17:09+00:00","dateModified":"2013-01-25T06:16:20+00:00","breadcrumb":{"@id":"https:\/\/enricomaciasloriental.fr\/WordPress\/venez-tous-mes-amis-on-va-faire-la-fete\/#breadcrumb"},"inLanguage":"fr-FR","potentialAction":[{"@type":"ReadAction","target":["https:\/\/enricomaciasloriental.fr\/WordPress\/venez-tous-mes-amis-on-va-faire-la-fete\/"]}]},{"@type":"ImageObject","inLanguage":"fr-FR","@id":"https:\/\/enricomaciasloriental.fr\/WordPress\/venez-tous-mes-amis-on-va-faire-la-fete\/#primaryimage","url":"https:\/\/enricomaciasloriental.fr\/WordPress\/wp-content\/uploads\/\/2013\/01\/olympia2013001.jpg","contentUrl":"https:\/\/enricomaciasloriental.fr\/WordPress\/wp-content\/uploads\/\/2013\/01\/olympia2013001.jpg","width":"350","height":"233"},{"@type":"BreadcrumbList","@id":"https:\/\/enricomaciasloriental.fr\/WordPress\/venez-tous-mes-amis-on-va-faire-la-fete\/#breadcrumb","itemListElement":[{"@type":"ListItem","position":1,"name":"Accueil","item":"https:\/\/enricomaciasloriental.fr\/WordPress\/"},{"@type":"ListItem","position":2,"name":"VENEZ TOUS MES AMIS ON VA FAIRE LA FETE"}]},{"@type":"WebSite","@id":"https:\/\/enricomaciasloriental.fr\/WordPress\/#website","url":"https:\/\/enricomaciasloriental.fr\/WordPress\/","name":"ENRICO MACIAS L'Oriental","description":"IL EST COMME LE SOLEIL","publisher":{"@id":"https:\/\/enricomaciasloriental.fr\/WordPress\/#\/schema\/person\/53fba112c6f4f0b335578890a816262e"},"potentialAction":[{"@type":"SearchAction","target":{"@type":"EntryPoint","urlTemplate":"https:\/\/enricomaciasloriental.fr\/WordPress\/?s={search_term_string}"},"query-input":{"@type":"PropertyValueSpecification","valueRequired":true,"valueName":"search_term_string"}}],"inLanguage":"fr-FR"},{"@type":["Person","Organization"],"@id":"https:\/\/enricomaciasloriental.fr\/WordPress\/#\/schema\/person\/53fba112c6f4f0b335578890a816262e","name":"Loriental","image":{"@type":"ImageObject","inLanguage":"fr-FR","@id":"https:\/\/enricomaciasloriental.fr\/WordPress\/wp-content\/uploads\/\/2015\/02\/cropped-bannier_altaiir-enrico.jpg","url":"https:\/\/enricomaciasloriental.fr\/WordPress\/wp-content\/uploads\/\/2015\/02\/cropped-bannier_altaiir-enrico.jpg","contentUrl":"https:\/\/enricomaciasloriental.fr\/WordPress\/wp-content\/uploads\/\/2015\/02\/cropped-bannier_altaiir-enrico.jpg","width":1200,"height":150,"caption":"Loriental"},"logo":{"@id":"https:\/\/enricomaciasloriental.fr\/WordPress\/wp-content\/uploads\/\/2015\/02\/cropped-bannier_altaiir-enrico.jpg"},"sameAs":["http:\/\/www.enricomaciasloriental.fr\/"]}]}},"featured_image_src":"","featured_image_src_square":false,"author_info":{"display_name":"Loriental","author_link":"https:\/\/enricomaciasloriental.fr\/WordPress\/author\/admin9234\/"},"rbea_author_info":{"display_name":"Loriental","author_link":"https:\/\/enricomaciasloriental.fr\/WordPress\/author\/admin9234\/"},"rbea_excerpt_info":"Pour f\u00eater ses cinquante ans de carri\u00e8re, fid\u00e8le \u00e0 lui-m\u00eame, Enrico Macias a voulu \u00eatre entour\u00e9 de sa famille et de tous ses amis. A cette fin, et avec le concours de son fils Jean Claude qui \u00a0a assur\u00e9 les &hellip;<p class=\"read-more\"> <a class=\"more-link\" href=\"https:\/\/enricomaciasloriental.fr\/WordPress\/venez-tous-mes-amis-on-va-faire-la-fete\/\"> <span class=\"screen-reader-text\">VENEZ TOUS MES AMIS ON VA FAIRE LA FETE<\/span> Read More &raquo;<\/a><\/p>","category_list":"<a href=\"https:\/\/enricomaciasloriental.fr\/WordPress\/category\/actualites\/\">Actualit\u00e9s<\/a>","comments_num":"2 comments","_links":{"self":[{"href":"https:\/\/enricomaciasloriental.fr\/WordPress\/wp-json\/wp\/v2\/posts\/5891","targetHints":{"allow":["GET"]}}],"collection":[{"href":"https:\/\/enricomaciasloriental.fr\/WordPress\/wp-json\/wp\/v2\/posts"}],"about":[{"href":"https:\/\/enricomaciasloriental.fr\/WordPress\/wp-json\/wp\/v2\/types\/post"}],"author":[{"embeddable":true,"href":"https:\/\/enricomaciasloriental.fr\/WordPress\/wp-json\/wp\/v2\/users\/36"}],"replies":[{"embeddable":true,"href":"https:\/\/enricomaciasloriental.fr\/WordPress\/wp-json\/wp\/v2\/comments?post=5891"}],"version-history":[{"count":0,"href":"https:\/\/enricomaciasloriental.fr\/WordPress\/wp-json\/wp\/v2\/posts\/5891\/revisions"}],"wp:attachment":[{"href":"https:\/\/enricomaciasloriental.fr\/WordPress\/wp-json\/wp\/v2\/media?parent=5891"}],"wp:term":[{"taxonomy":"category","embeddable":true,"href":"https:\/\/enricomaciasloriental.fr\/WordPress\/wp-json\/wp\/v2\/categories?post=5891"},{"taxonomy":"post_tag","embeddable":true,"href":"https:\/\/enricomaciasloriental.fr\/WordPress\/wp-json\/wp\/v2\/tags?post=5891"}],"curies":[{"name":"wp","href":"https:\/\/api.w.org\/{rel}","templated":true}]}}