{"id":5899,"date":"2013-01-25T18:34:35","date_gmt":"2013-01-25T17:34:35","guid":{"rendered":"http:\/\/enricomaciasloriental.fr\/WordPress\/?p=5899"},"modified":"2013-01-25T18:36:29","modified_gmt":"2013-01-25T17:36:29","slug":"lettre-a-enrico-macias","status":"publish","type":"post","link":"https:\/\/enricomaciasloriental.fr\/WordPress\/lettre-a-enrico-macias\/","title":{"rendered":"Lettre \u00e0 Enrico Macias"},"content":{"rendered":"<h2 id=\"article_subtitle\"><img decoding=\"async\" class=\"alignleft size-medium wp-image-5901\" title=\"enricomacias\" src=\"https:\/\/enricomaciasloriental.fr\/WordPress\/wp-content\/uploads\/\/2013\/01\/enricomacias-300x165.jpg\" alt=\"\" width=\"300\" height=\"165\" srcset=\"https:\/\/enricomaciasloriental.fr\/WordPress\/wp-content\/uploads\/2013\/01\/enricomacias-300x165.jpg 300w, https:\/\/enricomaciasloriental.fr\/WordPress\/wp-content\/uploads\/2013\/01\/enricomacias.jpg 600w\" sizes=\"(max-width: 300px) 100vw, 300px\" \/><\/h2>\n<h2><span style=\"font-size: x-small;\">Enrico Macias, Paris, mars 2012. \u00a9 LIONEL BONAVENTURE \/ AFP<\/span><\/h2>\n<h2>Enrico Macias vient de f\u00eater ses 50 ans de musique. Occasion pour le journaliste alg\u00e9rien Sa\u00efd Khatibi de lui rendre hommage, m\u00eame si tout les oppose.<\/h2>\n<h3><em>Cher <a href=\"http:\/\/www.slateafrique.com\/90955\/enrico-macias-de-retour-en-algerie\" target=\"_blank\">Enrico<\/a>,<\/em><\/h3>\n<p>Je vous \u00e9cris ce matin tout en \u00e9coutant le disque de l\u2019un de vos concerts maalouf. Votre voix constantinoise, profonde, votre cri et votre m\u00e9lodie me font penser, ou plut\u00f4t r\u00eaver d\u2019une <a href=\"http:\/\/www.slateafrique.com\/pays\/8\/Algerie\" target=\"_blank\">Alg\u00e9rie<\/a> plurielle, tol\u00e9rante, fraternelle, cosmopolite o\u00f9 juifs, chr\u00e9tiens et musulmans coexistent, comme avant, en paix.<\/p>\n<p>En vous \u00e9coutant, j\u2019essaie d\u2019imaginer \u00e0 quel point il serait beau, notre pays d\u2019origine, s\u2019il n\u2019avait pas c\u00e9d\u00e9 \u00e0 la tentation extr\u00e9miste et \u00e0 la manipulation historico-politique.<\/p>\n<h3><em>Cher Enrico,<\/em><\/h3>\n<p>Entre vous et moi, il y a plus de quarante ans. Vous \u00eates de la g\u00e9n\u00e9ration de mon p\u00e8re, et moi celle de votre fils ou peut-\u00eatre celle de votre petit-fils.<\/p>\n<p>Vous avez v\u00e9cu la Seconde Guerre mondiale, la <a href=\"http:\/\/www.slateafrique.com\/90631\/-algerie-independance-petrole-bouteflika-cinquante-ans\" target=\"_blank\">guerre de lib\u00e9ration<\/a>, la vague de lib\u00e9ration des pays du tiers-monde, et moi, je suis arriv\u00e9, plus tard, pour assumer, avec des millions de jeunes comme moi, la haine des uns contre les autres, vivre \u00abla seconde guerre d\u2019Alg\u00e9rie\u00bb, la terreur des ann\u00e9es noires, les massacres fratricides, et subir des \u00e9checs cons\u00e9cutifs de la p\u00e9riode post-ind\u00e9pendance qui ne cessaient de se produire.<\/p>\n<p>A l\u2019\u00e9cole, on nous apprend: \u00abUn juif, un ennemi!\u00bb. S\u2019agit-il de tous les juifs? de Juda Ibn Quraysh \u00e0 Daniel Timsit, Reinette l\u2019Oranaise et les autres?<\/p>\n<p>La violence a coutume d\u2019engendrer la violence. En tant qu\u2019un jeune qui s\u2019\u00e9loigne, de plus en plus, du jeu malsain du syst\u00e8me, je vous ai toujours consid\u00e9r\u00e9 comme une voix, surtout une voix et une musique r\u00e9conciliatrice, qui traverse toute la machine de \u00abhaine de soi, haine de l\u2019autre\u00bb.<\/p>\n<p>Une musique singuli\u00e8re, qui nous rapproche l\u2019un de l\u2019autre, qui fait face aux ennemis du dialogue, de la tol\u00e9rance.<\/p>\n<h3><em>Cher Enrico, <\/em><\/h3>\n<p>Vous et moi, nous ne sommes pas d\u2019accord sur maints sujets politiques. Nous sommes sur deux chemins diff\u00e9rents.<\/p>\n<p>Vous pr\u00e9f\u00e9rez reconnaitre et adh\u00e9rer \u00e0 une logique politico-id\u00e9ologique, et moi, je garde mon engagement comme un apolitique. C\u2019est votre libert\u00e9 de conscience. Une conscience \u00e9panouie am\u00e8ne g\u00e9n\u00e9ralement \u00e0 un bonheur continuel.<\/p>\n<p>Vous \u00eates d\u2019une rive politique, et moi d\u2019une autre, mais, cela ne nous emp\u00eache pas d\u2019\u00eatre amis, et de continuer de vous \u00e9couter et de vous solliciter de me faire croire que notre Alg\u00e9rie, celle que vous chantez, serait un jour mieux que celle d\u2019aujourd\u2019hui.<\/p>\n<p>Peut-\u00eatre avec un peu de recul, et au fur et \u00e0 mesure, notre regard change, et nos croyances bousculent, mais ce qui est s\u00fbr, le lien qui nous attache d\u00e9passe tout malentendu, tout un conflit provoqu\u00e9 par deux visions divergentes, il y a un lien identitaire, un autre historique, puis culturel qui me pousse \u00e0 dire clairement, de mon point de vue que je partage avec de milliers de jeunes Alg\u00e9riens: tu es juif mais ton alg\u00e9rianit\u00e9 est indiscutable.<em>\u00a0<\/em><\/p>\n<h3><em>Cher Enrico, <\/em><\/h3>\n<p>L\u2019exil, une notion que vous comprenez parfaitement. Vous l\u2019avez bien d\u00e9crite dans <a href=\"http:\/\/enricomacias.voila.net\/enrico50.htm\" target=\"_blank\"><em>Adieu mon pays<\/em><\/a>. Et dans un r\u00e9pertoire musical qui s\u2019\u00e9tend sur cinquante ans. En terre d\u2019exil, la joie manque de charme. Et les pires exils sont int\u00e9rieurs.<\/p>\n<p>La patrie ne vous a pas pardonn\u00e9 votre \u00abdiff\u00e9rence\u00bb. L\u2019histoire du pays de Lala Fatma N\u2019soumer vous a mis sur une liste d\u2019attente, une attente qui s\u2019allonge et qui se poursuit depuis 1962.<\/p>\n<p>L\u2019Alg\u00e9rie qui vous a rejet\u00e9 hier, c\u2019est la m\u00eame qui rejette ses propres enfants aujourd\u2019hui. Le drame est l\u00e0, dans \u00abune ingratitude annonc\u00e9e\u00bb, cinquante ans d\u2019Ind\u00e9pendance ne nous a fait que sentir, de plus en plus, \u00e0 quel point nous sommes exil\u00e9s en notre terre natale.<\/p>\n<h3><em>Cher Enrico, <\/em><\/h3>\n<p>Derri\u00e8re toute une v\u00e9rit\u00e9, il y a un mensonge, et derri\u00e8re tout mensonge, il y a certainement une v\u00e9rit\u00e9. L\u2019histoire, avec\u00a0\u00abh\u00bb ou bien \u00abH\u00bb, est l\u00e0 pour faire t\u00e9moin de nos erreurs, de nos gloires manqu\u00e9es.<\/p>\n<p>Demain, avec tout le changement qui touche la r\u00e9gion arabe, avec tous les espoirs qui naissent, nous aurons \u00abdroit de r\u00eaver\u00bb de retrouver l\u2019Alg\u00e9rie changer vers le meilleur, et se r\u00e9concilier avec son pass\u00e9, et vous voir, avec votre guitare, \u00e0 Constantine r\u00e9aliser votre r\u00eave, vous recueillir sur les tombes de vos anc\u00eatres et chanter votre maalouf que des millions d\u2019Alg\u00e9riens, comme moi, \u00e9coutaient, tous les jours.<\/p>\n<h3><em>Cher Enrico,<\/em><\/h3>\n<p>Apr\u00e8s cinquante de carri\u00e8re, j\u2019aimerais vous dire merci, tout simplement merci, pour tous les bons moments que vous nous avez offerts. Une cinquantaine d\u2019ann\u00e9es de musique qui ont bel et bien commenc\u00e9 \u00e0 Constantine, aux cot\u00e9s de Cheikh Reymond, que j\u2019aurais aim\u00e9 f\u00eater, en votre pr\u00e9sence, dans les rues de cette ville mill\u00e9naire.<\/p>\n<p><em><strong>Sa\u00efd Khatibi<\/strong><\/em><\/p>\n<p>&nbsp;<\/p>\n<p>Article paru sur : <a href=\"http:\/\/www.slateafrique.com\/102209\/lettre-enrico-macias-50-ans-carriere\" target=\"_blank\">SLATE AFRICA <\/a><\/p>\n","protected":false},"excerpt":{"rendered":"<p>Enrico Macias, Paris, mars 2012. \u00a9 LIONEL BONAVENTURE \/ AFP Enrico Macias vient de f\u00eater ses 50 ans de musique. Occasion pour le journaliste alg\u00e9rien Sa\u00efd Khatibi de lui rendre hommage, m\u00eame si tout les oppose. Cher Enrico, Je vous &hellip;<\/p>\n<p class=\"read-more\"> <a class=\"more-link\" href=\"https:\/\/enricomaciasloriental.fr\/WordPress\/lettre-a-enrico-macias\/\"> <span class=\"screen-reader-text\">Lettre \u00e0 Enrico Macias<\/span> Read More &raquo;<\/a><\/p>\n","protected":false},"author":36,"featured_media":0,"comment_status":"open","ping_status":"open","sticky":false,"template":"","format":"standard","meta":{"footnotes":""},"categories":[1,11],"tags":[],"class_list":["post-5899","post","type-post","status-publish","format-standard","hentry","category-actualites","category-le-coup-de-coeur-de-loriental"],"yoast_head":"<!-- This site is optimized with the Yoast SEO plugin v27.4 - https:\/\/yoast.com\/product\/yoast-seo-wordpress\/ -->\n<title>Lettre \u00e0 Enrico Macias - ENRICO MACIAS L&#039;Oriental<\/title>\n<meta name=\"robots\" content=\"index, follow, max-snippet:-1, max-image-preview:large, max-video-preview:-1\" \/>\n<link rel=\"canonical\" href=\"https:\/\/enricomaciasloriental.fr\/WordPress\/lettre-a-enrico-macias\/\" \/>\n<meta property=\"og:locale\" content=\"fr_FR\" \/>\n<meta property=\"og:type\" content=\"article\" \/>\n<meta property=\"og:title\" content=\"Lettre \u00e0 Enrico Macias - ENRICO MACIAS L&#039;Oriental\" \/>\n<meta property=\"og:description\" content=\"Enrico Macias, Paris, mars 2012. \u00a9 LIONEL BONAVENTURE \/ AFP Enrico Macias vient de f\u00eater ses 50 ans de musique. Occasion pour le journaliste alg\u00e9rien Sa\u00efd Khatibi de lui rendre hommage, m\u00eame si tout les oppose. Cher Enrico, Je vous &hellip; Lettre \u00e0 Enrico Macias Read More &raquo;\" \/>\n<meta property=\"og:url\" content=\"https:\/\/enricomaciasloriental.fr\/WordPress\/lettre-a-enrico-macias\/\" \/>\n<meta property=\"og:site_name\" content=\"ENRICO MACIAS L&#039;Oriental\" \/>\n<meta property=\"article:published_time\" content=\"2013-01-25T17:34:35+00:00\" \/>\n<meta property=\"article:modified_time\" content=\"2013-01-25T17:36:29+00:00\" \/>\n<meta property=\"og:image\" content=\"http:\/\/enricomaciasloriental.fr\/WordPress\/wp-content\/uploads\/\/2013\/01\/enricomacias-300x165.jpg\" \/>\n<meta name=\"author\" content=\"Loriental\" \/>\n<meta name=\"twitter:card\" content=\"summary_large_image\" \/>\n<meta name=\"twitter:label1\" content=\"\u00c9crit par\" \/>\n\t<meta name=\"twitter:data1\" content=\"Loriental\" \/>\n\t<meta name=\"twitter:label2\" content=\"Dur\u00e9e de lecture estim\u00e9e\" \/>\n\t<meta name=\"twitter:data2\" content=\"4 minutes\" \/>\n<script type=\"application\/ld+json\" class=\"yoast-schema-graph\">{\"@context\":\"https:\\\/\\\/schema.org\",\"@graph\":[{\"@type\":\"Article\",\"@id\":\"https:\\\/\\\/enricomaciasloriental.fr\\\/WordPress\\\/lettre-a-enrico-macias\\\/#article\",\"isPartOf\":{\"@id\":\"https:\\\/\\\/enricomaciasloriental.fr\\\/WordPress\\\/lettre-a-enrico-macias\\\/\"},\"author\":{\"name\":\"Loriental\",\"@id\":\"https:\\\/\\\/enricomaciasloriental.fr\\\/WordPress\\\/#\\\/schema\\\/person\\\/53fba112c6f4f0b335578890a816262e\"},\"headline\":\"Lettre \u00e0 Enrico Macias\",\"datePublished\":\"2013-01-25T17:34:35+00:00\",\"dateModified\":\"2013-01-25T17:36:29+00:00\",\"mainEntityOfPage\":{\"@id\":\"https:\\\/\\\/enricomaciasloriental.fr\\\/WordPress\\\/lettre-a-enrico-macias\\\/\"},\"wordCount\":878,\"commentCount\":3,\"publisher\":{\"@id\":\"https:\\\/\\\/enricomaciasloriental.fr\\\/WordPress\\\/#\\\/schema\\\/person\\\/53fba112c6f4f0b335578890a816262e\"},\"image\":{\"@id\":\"https:\\\/\\\/enricomaciasloriental.fr\\\/WordPress\\\/lettre-a-enrico-macias\\\/#primaryimage\"},\"thumbnailUrl\":\"http:\\\/\\\/enricomaciasloriental.fr\\\/WordPress\\\/wp-content\\\/uploads\\\/\\\/2013\\\/01\\\/enricomacias-300x165.jpg\",\"articleSection\":[\"Actualit\u00e9s\",\"coup de coeur\"],\"inLanguage\":\"fr-FR\",\"potentialAction\":[{\"@type\":\"CommentAction\",\"name\":\"Comment\",\"target\":[\"https:\\\/\\\/enricomaciasloriental.fr\\\/WordPress\\\/lettre-a-enrico-macias\\\/#respond\"]}]},{\"@type\":\"WebPage\",\"@id\":\"https:\\\/\\\/enricomaciasloriental.fr\\\/WordPress\\\/lettre-a-enrico-macias\\\/\",\"url\":\"https:\\\/\\\/enricomaciasloriental.fr\\\/WordPress\\\/lettre-a-enrico-macias\\\/\",\"name\":\"Lettre \u00e0 Enrico Macias - ENRICO MACIAS L&#039;Oriental\",\"isPartOf\":{\"@id\":\"https:\\\/\\\/enricomaciasloriental.fr\\\/WordPress\\\/#website\"},\"primaryImageOfPage\":{\"@id\":\"https:\\\/\\\/enricomaciasloriental.fr\\\/WordPress\\\/lettre-a-enrico-macias\\\/#primaryimage\"},\"image\":{\"@id\":\"https:\\\/\\\/enricomaciasloriental.fr\\\/WordPress\\\/lettre-a-enrico-macias\\\/#primaryimage\"},\"thumbnailUrl\":\"http:\\\/\\\/enricomaciasloriental.fr\\\/WordPress\\\/wp-content\\\/uploads\\\/\\\/2013\\\/01\\\/enricomacias-300x165.jpg\",\"datePublished\":\"2013-01-25T17:34:35+00:00\",\"dateModified\":\"2013-01-25T17:36:29+00:00\",\"breadcrumb\":{\"@id\":\"https:\\\/\\\/enricomaciasloriental.fr\\\/WordPress\\\/lettre-a-enrico-macias\\\/#breadcrumb\"},\"inLanguage\":\"fr-FR\",\"potentialAction\":[{\"@type\":\"ReadAction\",\"target\":[\"https:\\\/\\\/enricomaciasloriental.fr\\\/WordPress\\\/lettre-a-enrico-macias\\\/\"]}]},{\"@type\":\"ImageObject\",\"inLanguage\":\"fr-FR\",\"@id\":\"https:\\\/\\\/enricomaciasloriental.fr\\\/WordPress\\\/lettre-a-enrico-macias\\\/#primaryimage\",\"url\":\"https:\\\/\\\/enricomaciasloriental.fr\\\/WordPress\\\/wp-content\\\/uploads\\\/\\\/2013\\\/01\\\/enricomacias.jpg\",\"contentUrl\":\"https:\\\/\\\/enricomaciasloriental.fr\\\/WordPress\\\/wp-content\\\/uploads\\\/\\\/2013\\\/01\\\/enricomacias.jpg\",\"width\":\"600\",\"height\":\"330\"},{\"@type\":\"BreadcrumbList\",\"@id\":\"https:\\\/\\\/enricomaciasloriental.fr\\\/WordPress\\\/lettre-a-enrico-macias\\\/#breadcrumb\",\"itemListElement\":[{\"@type\":\"ListItem\",\"position\":1,\"name\":\"Accueil\",\"item\":\"https:\\\/\\\/enricomaciasloriental.fr\\\/WordPress\\\/\"},{\"@type\":\"ListItem\",\"position\":2,\"name\":\"Lettre \u00e0 Enrico Macias\"}]},{\"@type\":\"WebSite\",\"@id\":\"https:\\\/\\\/enricomaciasloriental.fr\\\/WordPress\\\/#website\",\"url\":\"https:\\\/\\\/enricomaciasloriental.fr\\\/WordPress\\\/\",\"name\":\"ENRICO MACIAS L'Oriental\",\"description\":\"IL EST COMME LE SOLEIL\",\"publisher\":{\"@id\":\"https:\\\/\\\/enricomaciasloriental.fr\\\/WordPress\\\/#\\\/schema\\\/person\\\/53fba112c6f4f0b335578890a816262e\"},\"potentialAction\":[{\"@type\":\"SearchAction\",\"target\":{\"@type\":\"EntryPoint\",\"urlTemplate\":\"https:\\\/\\\/enricomaciasloriental.fr\\\/WordPress\\\/?s={search_term_string}\"},\"query-input\":{\"@type\":\"PropertyValueSpecification\",\"valueRequired\":true,\"valueName\":\"search_term_string\"}}],\"inLanguage\":\"fr-FR\"},{\"@type\":[\"Person\",\"Organization\"],\"@id\":\"https:\\\/\\\/enricomaciasloriental.fr\\\/WordPress\\\/#\\\/schema\\\/person\\\/53fba112c6f4f0b335578890a816262e\",\"name\":\"Loriental\",\"image\":{\"@type\":\"ImageObject\",\"inLanguage\":\"fr-FR\",\"@id\":\"https:\\\/\\\/enricomaciasloriental.fr\\\/WordPress\\\/wp-content\\\/uploads\\\/\\\/2015\\\/02\\\/cropped-bannier_altaiir-enrico.jpg\",\"url\":\"https:\\\/\\\/enricomaciasloriental.fr\\\/WordPress\\\/wp-content\\\/uploads\\\/\\\/2015\\\/02\\\/cropped-bannier_altaiir-enrico.jpg\",\"contentUrl\":\"https:\\\/\\\/enricomaciasloriental.fr\\\/WordPress\\\/wp-content\\\/uploads\\\/\\\/2015\\\/02\\\/cropped-bannier_altaiir-enrico.jpg\",\"width\":1200,\"height\":150,\"caption\":\"Loriental\"},\"logo\":{\"@id\":\"https:\\\/\\\/enricomaciasloriental.fr\\\/WordPress\\\/wp-content\\\/uploads\\\/\\\/2015\\\/02\\\/cropped-bannier_altaiir-enrico.jpg\"},\"sameAs\":[\"http:\\\/\\\/www.enricomaciasloriental.fr\\\/\"]}]}<\/script>\n<!-- \/ Yoast SEO plugin. -->","yoast_head_json":{"title":"Lettre \u00e0 Enrico Macias - ENRICO MACIAS L&#039;Oriental","robots":{"index":"index","follow":"follow","max-snippet":"max-snippet:-1","max-image-preview":"max-image-preview:large","max-video-preview":"max-video-preview:-1"},"canonical":"https:\/\/enricomaciasloriental.fr\/WordPress\/lettre-a-enrico-macias\/","og_locale":"fr_FR","og_type":"article","og_title":"Lettre \u00e0 Enrico Macias - ENRICO MACIAS L&#039;Oriental","og_description":"Enrico Macias, Paris, mars 2012. \u00a9 LIONEL BONAVENTURE \/ AFP Enrico Macias vient de f\u00eater ses 50 ans de musique. Occasion pour le journaliste alg\u00e9rien Sa\u00efd Khatibi de lui rendre hommage, m\u00eame si tout les oppose. Cher Enrico, Je vous &hellip; Lettre \u00e0 Enrico Macias Read More &raquo;","og_url":"https:\/\/enricomaciasloriental.fr\/WordPress\/lettre-a-enrico-macias\/","og_site_name":"ENRICO MACIAS L&#039;Oriental","article_published_time":"2013-01-25T17:34:35+00:00","article_modified_time":"2013-01-25T17:36:29+00:00","og_image":[{"url":"http:\/\/enricomaciasloriental.fr\/WordPress\/wp-content\/uploads\/\/2013\/01\/enricomacias-300x165.jpg","type":"","width":"","height":""}],"author":"Loriental","twitter_card":"summary_large_image","twitter_misc":{"\u00c9crit par":"Loriental","Dur\u00e9e de lecture estim\u00e9e":"4 minutes"},"schema":{"@context":"https:\/\/schema.org","@graph":[{"@type":"Article","@id":"https:\/\/enricomaciasloriental.fr\/WordPress\/lettre-a-enrico-macias\/#article","isPartOf":{"@id":"https:\/\/enricomaciasloriental.fr\/WordPress\/lettre-a-enrico-macias\/"},"author":{"name":"Loriental","@id":"https:\/\/enricomaciasloriental.fr\/WordPress\/#\/schema\/person\/53fba112c6f4f0b335578890a816262e"},"headline":"Lettre \u00e0 Enrico Macias","datePublished":"2013-01-25T17:34:35+00:00","dateModified":"2013-01-25T17:36:29+00:00","mainEntityOfPage":{"@id":"https:\/\/enricomaciasloriental.fr\/WordPress\/lettre-a-enrico-macias\/"},"wordCount":878,"commentCount":3,"publisher":{"@id":"https:\/\/enricomaciasloriental.fr\/WordPress\/#\/schema\/person\/53fba112c6f4f0b335578890a816262e"},"image":{"@id":"https:\/\/enricomaciasloriental.fr\/WordPress\/lettre-a-enrico-macias\/#primaryimage"},"thumbnailUrl":"http:\/\/enricomaciasloriental.fr\/WordPress\/wp-content\/uploads\/\/2013\/01\/enricomacias-300x165.jpg","articleSection":["Actualit\u00e9s","coup de coeur"],"inLanguage":"fr-FR","potentialAction":[{"@type":"CommentAction","name":"Comment","target":["https:\/\/enricomaciasloriental.fr\/WordPress\/lettre-a-enrico-macias\/#respond"]}]},{"@type":"WebPage","@id":"https:\/\/enricomaciasloriental.fr\/WordPress\/lettre-a-enrico-macias\/","url":"https:\/\/enricomaciasloriental.fr\/WordPress\/lettre-a-enrico-macias\/","name":"Lettre \u00e0 Enrico Macias - ENRICO MACIAS L&#039;Oriental","isPartOf":{"@id":"https:\/\/enricomaciasloriental.fr\/WordPress\/#website"},"primaryImageOfPage":{"@id":"https:\/\/enricomaciasloriental.fr\/WordPress\/lettre-a-enrico-macias\/#primaryimage"},"image":{"@id":"https:\/\/enricomaciasloriental.fr\/WordPress\/lettre-a-enrico-macias\/#primaryimage"},"thumbnailUrl":"http:\/\/enricomaciasloriental.fr\/WordPress\/wp-content\/uploads\/\/2013\/01\/enricomacias-300x165.jpg","datePublished":"2013-01-25T17:34:35+00:00","dateModified":"2013-01-25T17:36:29+00:00","breadcrumb":{"@id":"https:\/\/enricomaciasloriental.fr\/WordPress\/lettre-a-enrico-macias\/#breadcrumb"},"inLanguage":"fr-FR","potentialAction":[{"@type":"ReadAction","target":["https:\/\/enricomaciasloriental.fr\/WordPress\/lettre-a-enrico-macias\/"]}]},{"@type":"ImageObject","inLanguage":"fr-FR","@id":"https:\/\/enricomaciasloriental.fr\/WordPress\/lettre-a-enrico-macias\/#primaryimage","url":"https:\/\/enricomaciasloriental.fr\/WordPress\/wp-content\/uploads\/\/2013\/01\/enricomacias.jpg","contentUrl":"https:\/\/enricomaciasloriental.fr\/WordPress\/wp-content\/uploads\/\/2013\/01\/enricomacias.jpg","width":"600","height":"330"},{"@type":"BreadcrumbList","@id":"https:\/\/enricomaciasloriental.fr\/WordPress\/lettre-a-enrico-macias\/#breadcrumb","itemListElement":[{"@type":"ListItem","position":1,"name":"Accueil","item":"https:\/\/enricomaciasloriental.fr\/WordPress\/"},{"@type":"ListItem","position":2,"name":"Lettre \u00e0 Enrico Macias"}]},{"@type":"WebSite","@id":"https:\/\/enricomaciasloriental.fr\/WordPress\/#website","url":"https:\/\/enricomaciasloriental.fr\/WordPress\/","name":"ENRICO MACIAS L'Oriental","description":"IL EST COMME LE SOLEIL","publisher":{"@id":"https:\/\/enricomaciasloriental.fr\/WordPress\/#\/schema\/person\/53fba112c6f4f0b335578890a816262e"},"potentialAction":[{"@type":"SearchAction","target":{"@type":"EntryPoint","urlTemplate":"https:\/\/enricomaciasloriental.fr\/WordPress\/?s={search_term_string}"},"query-input":{"@type":"PropertyValueSpecification","valueRequired":true,"valueName":"search_term_string"}}],"inLanguage":"fr-FR"},{"@type":["Person","Organization"],"@id":"https:\/\/enricomaciasloriental.fr\/WordPress\/#\/schema\/person\/53fba112c6f4f0b335578890a816262e","name":"Loriental","image":{"@type":"ImageObject","inLanguage":"fr-FR","@id":"https:\/\/enricomaciasloriental.fr\/WordPress\/wp-content\/uploads\/\/2015\/02\/cropped-bannier_altaiir-enrico.jpg","url":"https:\/\/enricomaciasloriental.fr\/WordPress\/wp-content\/uploads\/\/2015\/02\/cropped-bannier_altaiir-enrico.jpg","contentUrl":"https:\/\/enricomaciasloriental.fr\/WordPress\/wp-content\/uploads\/\/2015\/02\/cropped-bannier_altaiir-enrico.jpg","width":1200,"height":150,"caption":"Loriental"},"logo":{"@id":"https:\/\/enricomaciasloriental.fr\/WordPress\/wp-content\/uploads\/\/2015\/02\/cropped-bannier_altaiir-enrico.jpg"},"sameAs":["http:\/\/www.enricomaciasloriental.fr\/"]}]}},"featured_image_src":"","featured_image_src_square":false,"author_info":{"display_name":"Loriental","author_link":"https:\/\/enricomaciasloriental.fr\/WordPress\/author\/admin9234\/"},"rbea_author_info":{"display_name":"Loriental","author_link":"https:\/\/enricomaciasloriental.fr\/WordPress\/author\/admin9234\/"},"rbea_excerpt_info":"Enrico Macias, Paris, mars 2012. \u00a9 LIONEL BONAVENTURE \/ AFP Enrico Macias vient de f\u00eater ses 50 ans de musique. Occasion pour le journaliste alg\u00e9rien Sa\u00efd Khatibi de lui rendre hommage, m\u00eame si tout les oppose. Cher Enrico, Je vous &hellip;<p class=\"read-more\"> <a class=\"more-link\" href=\"https:\/\/enricomaciasloriental.fr\/WordPress\/lettre-a-enrico-macias\/\"> <span class=\"screen-reader-text\">Lettre \u00e0 Enrico Macias<\/span> Read More &raquo;<\/a><\/p>","category_list":"<a href=\"https:\/\/enricomaciasloriental.fr\/WordPress\/category\/actualites\/\">Actualit\u00e9s<\/a>, <a href=\"https:\/\/enricomaciasloriental.fr\/WordPress\/category\/le-coup-de-coeur-de-loriental\/\">coup de coeur<\/a>","comments_num":"3 comments","_links":{"self":[{"href":"https:\/\/enricomaciasloriental.fr\/WordPress\/wp-json\/wp\/v2\/posts\/5899","targetHints":{"allow":["GET"]}}],"collection":[{"href":"https:\/\/enricomaciasloriental.fr\/WordPress\/wp-json\/wp\/v2\/posts"}],"about":[{"href":"https:\/\/enricomaciasloriental.fr\/WordPress\/wp-json\/wp\/v2\/types\/post"}],"author":[{"embeddable":true,"href":"https:\/\/enricomaciasloriental.fr\/WordPress\/wp-json\/wp\/v2\/users\/36"}],"replies":[{"embeddable":true,"href":"https:\/\/enricomaciasloriental.fr\/WordPress\/wp-json\/wp\/v2\/comments?post=5899"}],"version-history":[{"count":0,"href":"https:\/\/enricomaciasloriental.fr\/WordPress\/wp-json\/wp\/v2\/posts\/5899\/revisions"}],"wp:attachment":[{"href":"https:\/\/enricomaciasloriental.fr\/WordPress\/wp-json\/wp\/v2\/media?parent=5899"}],"wp:term":[{"taxonomy":"category","embeddable":true,"href":"https:\/\/enricomaciasloriental.fr\/WordPress\/wp-json\/wp\/v2\/categories?post=5899"},{"taxonomy":"post_tag","embeddable":true,"href":"https:\/\/enricomaciasloriental.fr\/WordPress\/wp-json\/wp\/v2\/tags?post=5899"}],"curies":[{"name":"wp","href":"https:\/\/api.w.org\/{rel}","templated":true}]}}