{"id":5997,"date":"2013-03-17T22:33:06","date_gmt":"2013-03-17T21:33:06","guid":{"rendered":"http:\/\/enricomaciasloriental.fr\/WordPress\/?p=5997"},"modified":"2013-03-17T22:33:06","modified_gmt":"2013-03-17T21:33:06","slug":"enrico-macias-en-concert-a-lyon","status":"publish","type":"post","link":"https:\/\/enricomaciasloriental.fr\/WordPress\/enrico-macias-en-concert-a-lyon\/","title":{"rendered":"Enrico Macias en concert \u00e0 LYON"},"content":{"rendered":"<p><a href=\"https:\/\/enricomaciasloriental.fr\/WordPress\/wp-content\/uploads\/\/2013\/03\/enricolyon20131.jpg\"><img fetchpriority=\"high\" decoding=\"async\" class=\"alignleft size-medium wp-image-5999\" alt=\"enricolyon2013\" src=\"https:\/\/enricomaciasloriental.fr\/WordPress\/wp-content\/uploads\/\/2013\/03\/enricolyon20131-282x300.jpg\" width=\"282\" height=\"300\" srcset=\"https:\/\/enricomaciasloriental.fr\/WordPress\/wp-content\/uploads\/2013\/03\/enricolyon20131-282x300.jpg 282w, https:\/\/enricomaciasloriental.fr\/WordPress\/wp-content\/uploads\/2013\/03\/enricolyon20131-964x1024.jpg 964w\" sizes=\"(max-width: 282px) 100vw, 282px\" \/><\/a>\u00a0C&rsquo;est avec son public lyonnais qu&rsquo;Enrico Macias f\u00eatait hier soir ses cinquante ans de carri\u00e8re dans la tr\u00e8s belle salle de l&rsquo;Amphith\u00e9atre.<\/p>\n<p>D&rsquo;ailleurs, Enrico n&rsquo;a pas manqu\u00e9 de rappeler ses d\u00e9buts dans cette ville au palais d&rsquo;hiver &#8230;&#8230;.. Non, il n&rsquo;a pas oubli\u00e9<\/p>\n<p>C&rsquo;est un beau et chaud soleil de l&rsquo;amiti\u00e9 qui a brill\u00e9 hier soir sur Lyon fort appr\u00e9ci\u00e9 compte tenu du vent glacial qui s\u00e9vissait \u00e0 l&rsquo;ext\u00e9rieur.<\/p>\n<p>Et c&rsquo;est\u00a0aux accents nostalgiques du\u00a0\u00ab\u00a0violon de mon p\u00e8re\u00a0\u00bb que la soir\u00e9e s&rsquo;est ouverte rappelant le pays perdu mais invitant in\u00e9vitablement \u00e0 la f\u00eate. Les refrains se sont alors succ\u00e9d\u00e9s au son de la guitare et de la voix inimitables d&rsquo;Enrico recr\u00e9ant une fois encore la magie de la si belle complicit\u00e9 qui lie l&rsquo;artiste et son public.<\/p>\n<p>C&rsquo;est un Enrico en pleine forme, souriant et blagueur, qui a donn\u00e9 la pleine mesure de son talent une fois encore<\/p>\n<p>Dans un seul coeur la salle a repris tous les refrains qu&rsquo;il aime :<br \/>\nOh guitare, guitare<br \/>\nAdieu mon oays<br \/>\nParis tu m&rsquo;as pris dans tes bras<br \/>\nLes gens du nord<br \/>\nAux talons de ses souliers<br \/>\nVous les femmes<br \/>\nQuand les femmes dansent<br \/>\nAie aie aie<br \/>\nJuif espagnol<br \/>\nAdio kerida<br \/>\nUn berger vient de tomber<br \/>\nLe grand pardon<br \/>\nLes filles de mon pays<br \/>\nMedley arabe<br \/>\nYa rayeh<br \/>\nLe mendiant de l&rsquo;amour<br \/>\nL&rsquo;oriental<br \/>\nEl porompompero<\/p>\n<p>Il ne faut pas oublier de remercier les musiciens d&rsquo;Enrico toujours aussi excellents pour suivre le ma\u00eetre dans ses rythmes les plus endiabl\u00e9s<br \/>\nKamel Labbaci au violon<br \/>\nAbdenour Djemai \u00e0 la guitare<br \/>\nHafid Djemai \u00e0 la mandole<br \/>\nSerge Haouzi \u00e0 la batterie<br \/>\nHenri Daguerre \u00e0 la basse<br \/>\nS\u00e9bastien \u00e0 l&rsquo;accord\u00e9on<br \/>\nBibi aux percussions<\/p>\n<p>Merci Enrico pour ces beaux moments de communion qui passent malheureusement toujours trop vite.<br \/>\nNous t&rsquo;aimons tous et tu n&rsquo;es pas seul au monde<\/p>\n<p>&nbsp;<\/p>\n<p>&nbsp;<\/p>\n<p>&nbsp;<\/p>\n","protected":false},"excerpt":{"rendered":"<p>\u00a0C&rsquo;est avec son public lyonnais qu&rsquo;Enrico Macias f\u00eatait hier soir ses cinquante ans de carri\u00e8re dans la tr\u00e8s belle salle de l&rsquo;Amphith\u00e9atre. D&rsquo;ailleurs, Enrico n&rsquo;a pas manqu\u00e9 de rappeler ses d\u00e9buts dans cette ville au palais d&rsquo;hiver &#8230;&#8230;.. Non, il &hellip;<\/p>\n<p class=\"read-more\"> <a class=\"more-link\" href=\"https:\/\/enricomaciasloriental.fr\/WordPress\/enrico-macias-en-concert-a-lyon\/\"> <span class=\"screen-reader-text\">Enrico Macias en concert \u00e0 LYON<\/span> Read More &raquo;<\/a><\/p>\n","protected":false},"author":36,"featured_media":0,"comment_status":"open","ping_status":"open","sticky":false,"template":"","format":"standard","meta":{"footnotes":""},"categories":[1],"tags":[],"class_list":["post-5997","post","type-post","status-publish","format-standard","hentry","category-actualites"],"yoast_head":"<!-- This site is optimized with the Yoast SEO plugin v27.4 - https:\/\/yoast.com\/product\/yoast-seo-wordpress\/ -->\n<title>Enrico Macias en concert \u00e0 LYON - ENRICO MACIAS L&#039;Oriental<\/title>\n<meta name=\"robots\" content=\"index, follow, max-snippet:-1, max-image-preview:large, max-video-preview:-1\" \/>\n<link rel=\"canonical\" href=\"https:\/\/enricomaciasloriental.fr\/WordPress\/enrico-macias-en-concert-a-lyon\/\" \/>\n<meta property=\"og:locale\" content=\"fr_FR\" \/>\n<meta property=\"og:type\" content=\"article\" \/>\n<meta property=\"og:title\" content=\"Enrico Macias en concert \u00e0 LYON - ENRICO MACIAS L&#039;Oriental\" \/>\n<meta property=\"og:description\" content=\"\u00a0C&rsquo;est avec son public lyonnais qu&rsquo;Enrico Macias f\u00eatait hier soir ses cinquante ans de carri\u00e8re dans la tr\u00e8s belle salle de l&rsquo;Amphith\u00e9atre. D&rsquo;ailleurs, Enrico n&rsquo;a pas manqu\u00e9 de rappeler ses d\u00e9buts dans cette ville au palais d&rsquo;hiver &#8230;&#8230;.. Non, il &hellip; Enrico Macias en concert \u00e0 LYON Read More &raquo;\" \/>\n<meta property=\"og:url\" content=\"https:\/\/enricomaciasloriental.fr\/WordPress\/enrico-macias-en-concert-a-lyon\/\" \/>\n<meta property=\"og:site_name\" content=\"ENRICO MACIAS L&#039;Oriental\" \/>\n<meta property=\"article:published_time\" content=\"2013-03-17T21:33:06+00:00\" \/>\n<meta property=\"og:image\" content=\"http:\/\/enricomaciasloriental.fr\/WordPress\/wp-content\/uploads\/\/2013\/03\/enricolyon20131-282x300.jpg\" \/>\n<meta name=\"author\" content=\"Loriental\" \/>\n<meta name=\"twitter:card\" content=\"summary_large_image\" \/>\n<meta name=\"twitter:label1\" content=\"\u00c9crit par\" \/>\n\t<meta name=\"twitter:data1\" content=\"Loriental\" \/>\n\t<meta name=\"twitter:label2\" content=\"Dur\u00e9e de lecture estim\u00e9e\" \/>\n\t<meta name=\"twitter:data2\" content=\"2 minutes\" \/>\n<script type=\"application\/ld+json\" class=\"yoast-schema-graph\">{\"@context\":\"https:\\\/\\\/schema.org\",\"@graph\":[{\"@type\":\"Article\",\"@id\":\"https:\\\/\\\/enricomaciasloriental.fr\\\/WordPress\\\/enrico-macias-en-concert-a-lyon\\\/#article\",\"isPartOf\":{\"@id\":\"https:\\\/\\\/enricomaciasloriental.fr\\\/WordPress\\\/enrico-macias-en-concert-a-lyon\\\/\"},\"author\":{\"name\":\"Loriental\",\"@id\":\"https:\\\/\\\/enricomaciasloriental.fr\\\/WordPress\\\/#\\\/schema\\\/person\\\/53fba112c6f4f0b335578890a816262e\"},\"headline\":\"Enrico Macias en concert \u00e0 LYON\",\"datePublished\":\"2013-03-17T21:33:06+00:00\",\"mainEntityOfPage\":{\"@id\":\"https:\\\/\\\/enricomaciasloriental.fr\\\/WordPress\\\/enrico-macias-en-concert-a-lyon\\\/\"},\"wordCount\":341,\"commentCount\":0,\"publisher\":{\"@id\":\"https:\\\/\\\/enricomaciasloriental.fr\\\/WordPress\\\/#\\\/schema\\\/person\\\/53fba112c6f4f0b335578890a816262e\"},\"image\":{\"@id\":\"https:\\\/\\\/enricomaciasloriental.fr\\\/WordPress\\\/enrico-macias-en-concert-a-lyon\\\/#primaryimage\"},\"thumbnailUrl\":\"http:\\\/\\\/enricomaciasloriental.fr\\\/WordPress\\\/wp-content\\\/uploads\\\/\\\/2013\\\/03\\\/enricolyon20131-282x300.jpg\",\"articleSection\":[\"Actualit\u00e9s\"],\"inLanguage\":\"fr-FR\",\"potentialAction\":[{\"@type\":\"CommentAction\",\"name\":\"Comment\",\"target\":[\"https:\\\/\\\/enricomaciasloriental.fr\\\/WordPress\\\/enrico-macias-en-concert-a-lyon\\\/#respond\"]}]},{\"@type\":\"WebPage\",\"@id\":\"https:\\\/\\\/enricomaciasloriental.fr\\\/WordPress\\\/enrico-macias-en-concert-a-lyon\\\/\",\"url\":\"https:\\\/\\\/enricomaciasloriental.fr\\\/WordPress\\\/enrico-macias-en-concert-a-lyon\\\/\",\"name\":\"Enrico Macias en concert \u00e0 LYON - ENRICO MACIAS L&#039;Oriental\",\"isPartOf\":{\"@id\":\"https:\\\/\\\/enricomaciasloriental.fr\\\/WordPress\\\/#website\"},\"primaryImageOfPage\":{\"@id\":\"https:\\\/\\\/enricomaciasloriental.fr\\\/WordPress\\\/enrico-macias-en-concert-a-lyon\\\/#primaryimage\"},\"image\":{\"@id\":\"https:\\\/\\\/enricomaciasloriental.fr\\\/WordPress\\\/enrico-macias-en-concert-a-lyon\\\/#primaryimage\"},\"thumbnailUrl\":\"http:\\\/\\\/enricomaciasloriental.fr\\\/WordPress\\\/wp-content\\\/uploads\\\/\\\/2013\\\/03\\\/enricolyon20131-282x300.jpg\",\"datePublished\":\"2013-03-17T21:33:06+00:00\",\"breadcrumb\":{\"@id\":\"https:\\\/\\\/enricomaciasloriental.fr\\\/WordPress\\\/enrico-macias-en-concert-a-lyon\\\/#breadcrumb\"},\"inLanguage\":\"fr-FR\",\"potentialAction\":[{\"@type\":\"ReadAction\",\"target\":[\"https:\\\/\\\/enricomaciasloriental.fr\\\/WordPress\\\/enrico-macias-en-concert-a-lyon\\\/\"]}]},{\"@type\":\"ImageObject\",\"inLanguage\":\"fr-FR\",\"@id\":\"https:\\\/\\\/enricomaciasloriental.fr\\\/WordPress\\\/enrico-macias-en-concert-a-lyon\\\/#primaryimage\",\"url\":\"https:\\\/\\\/enricomaciasloriental.fr\\\/WordPress\\\/wp-content\\\/uploads\\\/\\\/2013\\\/03\\\/enricolyon20131.jpg\",\"contentUrl\":\"https:\\\/\\\/enricomaciasloriental.fr\\\/WordPress\\\/wp-content\\\/uploads\\\/\\\/2013\\\/03\\\/enricolyon20131.jpg\",\"width\":3000,\"height\":3184},{\"@type\":\"BreadcrumbList\",\"@id\":\"https:\\\/\\\/enricomaciasloriental.fr\\\/WordPress\\\/enrico-macias-en-concert-a-lyon\\\/#breadcrumb\",\"itemListElement\":[{\"@type\":\"ListItem\",\"position\":1,\"name\":\"Accueil\",\"item\":\"https:\\\/\\\/enricomaciasloriental.fr\\\/WordPress\\\/\"},{\"@type\":\"ListItem\",\"position\":2,\"name\":\"Enrico Macias en concert \u00e0 LYON\"}]},{\"@type\":\"WebSite\",\"@id\":\"https:\\\/\\\/enricomaciasloriental.fr\\\/WordPress\\\/#website\",\"url\":\"https:\\\/\\\/enricomaciasloriental.fr\\\/WordPress\\\/\",\"name\":\"ENRICO MACIAS L'Oriental\",\"description\":\"IL EST COMME LE SOLEIL\",\"publisher\":{\"@id\":\"https:\\\/\\\/enricomaciasloriental.fr\\\/WordPress\\\/#\\\/schema\\\/person\\\/53fba112c6f4f0b335578890a816262e\"},\"potentialAction\":[{\"@type\":\"SearchAction\",\"target\":{\"@type\":\"EntryPoint\",\"urlTemplate\":\"https:\\\/\\\/enricomaciasloriental.fr\\\/WordPress\\\/?s={search_term_string}\"},\"query-input\":{\"@type\":\"PropertyValueSpecification\",\"valueRequired\":true,\"valueName\":\"search_term_string\"}}],\"inLanguage\":\"fr-FR\"},{\"@type\":[\"Person\",\"Organization\"],\"@id\":\"https:\\\/\\\/enricomaciasloriental.fr\\\/WordPress\\\/#\\\/schema\\\/person\\\/53fba112c6f4f0b335578890a816262e\",\"name\":\"Loriental\",\"image\":{\"@type\":\"ImageObject\",\"inLanguage\":\"fr-FR\",\"@id\":\"https:\\\/\\\/enricomaciasloriental.fr\\\/WordPress\\\/wp-content\\\/uploads\\\/\\\/2015\\\/02\\\/cropped-bannier_altaiir-enrico.jpg\",\"url\":\"https:\\\/\\\/enricomaciasloriental.fr\\\/WordPress\\\/wp-content\\\/uploads\\\/\\\/2015\\\/02\\\/cropped-bannier_altaiir-enrico.jpg\",\"contentUrl\":\"https:\\\/\\\/enricomaciasloriental.fr\\\/WordPress\\\/wp-content\\\/uploads\\\/\\\/2015\\\/02\\\/cropped-bannier_altaiir-enrico.jpg\",\"width\":1200,\"height\":150,\"caption\":\"Loriental\"},\"logo\":{\"@id\":\"https:\\\/\\\/enricomaciasloriental.fr\\\/WordPress\\\/wp-content\\\/uploads\\\/\\\/2015\\\/02\\\/cropped-bannier_altaiir-enrico.jpg\"},\"sameAs\":[\"http:\\\/\\\/www.enricomaciasloriental.fr\\\/\"]}]}<\/script>\n<!-- \/ Yoast SEO plugin. -->","yoast_head_json":{"title":"Enrico Macias en concert \u00e0 LYON - ENRICO MACIAS L&#039;Oriental","robots":{"index":"index","follow":"follow","max-snippet":"max-snippet:-1","max-image-preview":"max-image-preview:large","max-video-preview":"max-video-preview:-1"},"canonical":"https:\/\/enricomaciasloriental.fr\/WordPress\/enrico-macias-en-concert-a-lyon\/","og_locale":"fr_FR","og_type":"article","og_title":"Enrico Macias en concert \u00e0 LYON - ENRICO MACIAS L&#039;Oriental","og_description":"\u00a0C&rsquo;est avec son public lyonnais qu&rsquo;Enrico Macias f\u00eatait hier soir ses cinquante ans de carri\u00e8re dans la tr\u00e8s belle salle de l&rsquo;Amphith\u00e9atre. D&rsquo;ailleurs, Enrico n&rsquo;a pas manqu\u00e9 de rappeler ses d\u00e9buts dans cette ville au palais d&rsquo;hiver &#8230;&#8230;.. Non, il &hellip; Enrico Macias en concert \u00e0 LYON Read More &raquo;","og_url":"https:\/\/enricomaciasloriental.fr\/WordPress\/enrico-macias-en-concert-a-lyon\/","og_site_name":"ENRICO MACIAS L&#039;Oriental","article_published_time":"2013-03-17T21:33:06+00:00","og_image":[{"url":"http:\/\/enricomaciasloriental.fr\/WordPress\/wp-content\/uploads\/\/2013\/03\/enricolyon20131-282x300.jpg","type":"","width":"","height":""}],"author":"Loriental","twitter_card":"summary_large_image","twitter_misc":{"\u00c9crit par":"Loriental","Dur\u00e9e de lecture estim\u00e9e":"2 minutes"},"schema":{"@context":"https:\/\/schema.org","@graph":[{"@type":"Article","@id":"https:\/\/enricomaciasloriental.fr\/WordPress\/enrico-macias-en-concert-a-lyon\/#article","isPartOf":{"@id":"https:\/\/enricomaciasloriental.fr\/WordPress\/enrico-macias-en-concert-a-lyon\/"},"author":{"name":"Loriental","@id":"https:\/\/enricomaciasloriental.fr\/WordPress\/#\/schema\/person\/53fba112c6f4f0b335578890a816262e"},"headline":"Enrico Macias en concert \u00e0 LYON","datePublished":"2013-03-17T21:33:06+00:00","mainEntityOfPage":{"@id":"https:\/\/enricomaciasloriental.fr\/WordPress\/enrico-macias-en-concert-a-lyon\/"},"wordCount":341,"commentCount":0,"publisher":{"@id":"https:\/\/enricomaciasloriental.fr\/WordPress\/#\/schema\/person\/53fba112c6f4f0b335578890a816262e"},"image":{"@id":"https:\/\/enricomaciasloriental.fr\/WordPress\/enrico-macias-en-concert-a-lyon\/#primaryimage"},"thumbnailUrl":"http:\/\/enricomaciasloriental.fr\/WordPress\/wp-content\/uploads\/\/2013\/03\/enricolyon20131-282x300.jpg","articleSection":["Actualit\u00e9s"],"inLanguage":"fr-FR","potentialAction":[{"@type":"CommentAction","name":"Comment","target":["https:\/\/enricomaciasloriental.fr\/WordPress\/enrico-macias-en-concert-a-lyon\/#respond"]}]},{"@type":"WebPage","@id":"https:\/\/enricomaciasloriental.fr\/WordPress\/enrico-macias-en-concert-a-lyon\/","url":"https:\/\/enricomaciasloriental.fr\/WordPress\/enrico-macias-en-concert-a-lyon\/","name":"Enrico Macias en concert \u00e0 LYON - ENRICO MACIAS L&#039;Oriental","isPartOf":{"@id":"https:\/\/enricomaciasloriental.fr\/WordPress\/#website"},"primaryImageOfPage":{"@id":"https:\/\/enricomaciasloriental.fr\/WordPress\/enrico-macias-en-concert-a-lyon\/#primaryimage"},"image":{"@id":"https:\/\/enricomaciasloriental.fr\/WordPress\/enrico-macias-en-concert-a-lyon\/#primaryimage"},"thumbnailUrl":"http:\/\/enricomaciasloriental.fr\/WordPress\/wp-content\/uploads\/\/2013\/03\/enricolyon20131-282x300.jpg","datePublished":"2013-03-17T21:33:06+00:00","breadcrumb":{"@id":"https:\/\/enricomaciasloriental.fr\/WordPress\/enrico-macias-en-concert-a-lyon\/#breadcrumb"},"inLanguage":"fr-FR","potentialAction":[{"@type":"ReadAction","target":["https:\/\/enricomaciasloriental.fr\/WordPress\/enrico-macias-en-concert-a-lyon\/"]}]},{"@type":"ImageObject","inLanguage":"fr-FR","@id":"https:\/\/enricomaciasloriental.fr\/WordPress\/enrico-macias-en-concert-a-lyon\/#primaryimage","url":"https:\/\/enricomaciasloriental.fr\/WordPress\/wp-content\/uploads\/\/2013\/03\/enricolyon20131.jpg","contentUrl":"https:\/\/enricomaciasloriental.fr\/WordPress\/wp-content\/uploads\/\/2013\/03\/enricolyon20131.jpg","width":3000,"height":3184},{"@type":"BreadcrumbList","@id":"https:\/\/enricomaciasloriental.fr\/WordPress\/enrico-macias-en-concert-a-lyon\/#breadcrumb","itemListElement":[{"@type":"ListItem","position":1,"name":"Accueil","item":"https:\/\/enricomaciasloriental.fr\/WordPress\/"},{"@type":"ListItem","position":2,"name":"Enrico Macias en concert \u00e0 LYON"}]},{"@type":"WebSite","@id":"https:\/\/enricomaciasloriental.fr\/WordPress\/#website","url":"https:\/\/enricomaciasloriental.fr\/WordPress\/","name":"ENRICO MACIAS L'Oriental","description":"IL EST COMME LE SOLEIL","publisher":{"@id":"https:\/\/enricomaciasloriental.fr\/WordPress\/#\/schema\/person\/53fba112c6f4f0b335578890a816262e"},"potentialAction":[{"@type":"SearchAction","target":{"@type":"EntryPoint","urlTemplate":"https:\/\/enricomaciasloriental.fr\/WordPress\/?s={search_term_string}"},"query-input":{"@type":"PropertyValueSpecification","valueRequired":true,"valueName":"search_term_string"}}],"inLanguage":"fr-FR"},{"@type":["Person","Organization"],"@id":"https:\/\/enricomaciasloriental.fr\/WordPress\/#\/schema\/person\/53fba112c6f4f0b335578890a816262e","name":"Loriental","image":{"@type":"ImageObject","inLanguage":"fr-FR","@id":"https:\/\/enricomaciasloriental.fr\/WordPress\/wp-content\/uploads\/\/2015\/02\/cropped-bannier_altaiir-enrico.jpg","url":"https:\/\/enricomaciasloriental.fr\/WordPress\/wp-content\/uploads\/\/2015\/02\/cropped-bannier_altaiir-enrico.jpg","contentUrl":"https:\/\/enricomaciasloriental.fr\/WordPress\/wp-content\/uploads\/\/2015\/02\/cropped-bannier_altaiir-enrico.jpg","width":1200,"height":150,"caption":"Loriental"},"logo":{"@id":"https:\/\/enricomaciasloriental.fr\/WordPress\/wp-content\/uploads\/\/2015\/02\/cropped-bannier_altaiir-enrico.jpg"},"sameAs":["http:\/\/www.enricomaciasloriental.fr\/"]}]}},"featured_image_src":"","featured_image_src_square":false,"author_info":{"display_name":"Loriental","author_link":"https:\/\/enricomaciasloriental.fr\/WordPress\/author\/admin9234\/"},"rbea_author_info":{"display_name":"Loriental","author_link":"https:\/\/enricomaciasloriental.fr\/WordPress\/author\/admin9234\/"},"rbea_excerpt_info":"\u00a0C&rsquo;est avec son public lyonnais qu&rsquo;Enrico Macias f\u00eatait hier soir ses cinquante ans de carri\u00e8re dans la tr\u00e8s belle salle de l&rsquo;Amphith\u00e9atre. D&rsquo;ailleurs, Enrico n&rsquo;a pas manqu\u00e9 de rappeler ses d\u00e9buts dans cette ville au palais d&rsquo;hiver &#8230;&#8230;.. Non, il &hellip;<p class=\"read-more\"> <a class=\"more-link\" href=\"https:\/\/enricomaciasloriental.fr\/WordPress\/enrico-macias-en-concert-a-lyon\/\"> <span class=\"screen-reader-text\">Enrico Macias en concert \u00e0 LYON<\/span> Read More &raquo;<\/a><\/p>","category_list":"<a href=\"https:\/\/enricomaciasloriental.fr\/WordPress\/category\/actualites\/\">Actualit\u00e9s<\/a>","comments_num":"0 comments","_links":{"self":[{"href":"https:\/\/enricomaciasloriental.fr\/WordPress\/wp-json\/wp\/v2\/posts\/5997","targetHints":{"allow":["GET"]}}],"collection":[{"href":"https:\/\/enricomaciasloriental.fr\/WordPress\/wp-json\/wp\/v2\/posts"}],"about":[{"href":"https:\/\/enricomaciasloriental.fr\/WordPress\/wp-json\/wp\/v2\/types\/post"}],"author":[{"embeddable":true,"href":"https:\/\/enricomaciasloriental.fr\/WordPress\/wp-json\/wp\/v2\/users\/36"}],"replies":[{"embeddable":true,"href":"https:\/\/enricomaciasloriental.fr\/WordPress\/wp-json\/wp\/v2\/comments?post=5997"}],"version-history":[{"count":0,"href":"https:\/\/enricomaciasloriental.fr\/WordPress\/wp-json\/wp\/v2\/posts\/5997\/revisions"}],"wp:attachment":[{"href":"https:\/\/enricomaciasloriental.fr\/WordPress\/wp-json\/wp\/v2\/media?parent=5997"}],"wp:term":[{"taxonomy":"category","embeddable":true,"href":"https:\/\/enricomaciasloriental.fr\/WordPress\/wp-json\/wp\/v2\/categories?post=5997"},{"taxonomy":"post_tag","embeddable":true,"href":"https:\/\/enricomaciasloriental.fr\/WordPress\/wp-json\/wp\/v2\/tags?post=5997"}],"curies":[{"name":"wp","href":"https:\/\/api.w.org\/{rel}","templated":true}]}}