{"id":6173,"date":"2013-05-21T07:51:38","date_gmt":"2013-05-21T05:51:38","guid":{"rendered":"http:\/\/enricomaciasloriental.fr\/WordPress\/?p=6173"},"modified":"2013-05-21T07:51:38","modified_gmt":"2013-05-21T05:51:38","slug":"enrico-macias-je-ne-maccroche-pas-aux-modes","status":"publish","type":"post","link":"https:\/\/enricomaciasloriental.fr\/WordPress\/enrico-macias-je-ne-maccroche-pas-aux-modes\/","title":{"rendered":"Enrico Macias : \u201cJe ne m\u2019accroche pas aux modes\u201d"},"content":{"rendered":"<p>\u00ab\u00a0<i>C\u2019est toujours avec le m\u00eame enthousiasme et la m\u00eame joie que je viens chanter aux Etats-Unis\u201d<\/i>. L\u2019Am\u00e9rique, c\u2019est une deuxi\u00e8me terre pour Enrico Macias. Une terre de m\u00e9langes dont l\u2019hymne aurait pu \u00eatre son hit \u00ab\u00a0Enfant de tout pays\u00a0\u00bb.<\/p>\n<p>Pour f\u00eater ses cinquante ans de carri\u00e8re, quoi de plus naturel que de revenir aux Etats-Unis pour une tourn\u00e9e en trois dates: Los Angeles le 6 juin, Miami le 8 et le Town Hall de New York le 9 juin, o\u00f9 il s\u2019\u00e9tait d\u00e9j\u00e0 produit en 2011. Histoire de prendre une petite cure de jouvence. \u00ab\u00a0<i>En France, il y a moins de diversit\u00e9 dans mon public. Aux Etats-Unis il y a eu une \u00e9volution nette\u00a0: aujourd\u2019hui, de plus en plus de jeunes viennent me voir\u00a0<\/i>\u00bb.<\/p>\n<p><a href=\"https:\/\/enricomaciasloriental.fr\/WordPress\/?attachment_id=6174\" rel=\"attachment wp-att-6174\"><img fetchpriority=\"high\" decoding=\"async\" class=\"alignleft size-full wp-image-6174\" alt=\"enrico_macias_sipa\" src=\"https:\/\/enricomaciasloriental.fr\/WordPress\/wp-content\/uploads\/\/2013\/05\/enrico_macias_sipa.jpg\" width=\"600\" height=\"350\" srcset=\"https:\/\/enricomaciasloriental.fr\/WordPress\/wp-content\/uploads\/2013\/05\/enrico_macias_sipa.jpg 600w, https:\/\/enricomaciasloriental.fr\/WordPress\/wp-content\/uploads\/2013\/05\/enrico_macias_sipa-300x175.jpg 300w\" sizes=\"(max-width: 600px) 100vw, 600px\" \/><\/a>Enrico Macias et les Etats-Unis, c\u2019est une longue histoire. Elle commence le 17 f\u00e9vrier 1968, au mythique Carnegie Hall. L\u2019<a href=\"https:\/\/enricomaciasloriental.fr\/WordPress\/?p=1365\" target=\"_blank\">affiche du spectacle<\/a>, d\u00e9terr\u00e9e sur un site de fans, le montre en photo, s\u00e9ducteur, entre les mots \u201c<i>Salut et Shalom\u2026<\/i>\u201d et \u201c<i>\u2026from the Famous French Singer Enrico Macias<\/i>\u201c. Quarante-cinq ans plus tard, son style n\u2019a pas pris une ride. \u00ab\u00a0<i>La musique arabo-andalouse est bien per\u00e7ue, c\u2019est un genre nouveau pour les Am\u00e9ricains\u201d,\u00a0<\/i>dit-il.<\/p>\n<p>\u00ab\u00a0Adieu mon Pays\u00a0\u00bb, \u00ab\u00a0Les Filles de mon pays\u00a0\u00bb, \u00ab\u00a0Oranges am\u00e8res\u00a0\u00bb\u00a0: sur sc\u00e8ne, l\u2019artiste pr\u00e9sentera son dernier album \u00ab\u00a0Venez tous mes amis\u00a0\u00bb, qui reprend en duos ses plus gros succ\u00e8s. Parmi les duettistes, on retrouve des chanteurs de tout horizon\u00a0: Liane Foly, Dany Brillant, G\u00e9rard Darmon, Sofia Essa\u00efdi et m\u00eame l\u2019ancienne Premi\u00e8re dame Carla Bruni-Sarkozy. Un beau cadeau d\u2019anniversaire de son fils (qui est aussi son producteur) et des duettistes. \u00ab\u00a0<i>Avec les duos, nous avons donn\u00e9 une autre vie aux chansons<\/i>\u00a0\u00bb.<\/p>\n<p><i>\u00ab\u00a0Il y a beaucoup de nostalgie dans cet album. Quand on f\u00eate 50 ans de carri\u00e8re, on repense beaucoup \u00e0 ses d\u00e9buts. C\u2019est aussi \u00e0 cause de certaines chansons qui parlent de mon pays perdu<\/i>\u00a0\u00bb, ajoute-t-il.<\/p>\n<p><b>\u00ab\u00a0J\u2019ai l\u2019intention de mourir sur sc\u00e8ne\u00a0\u00bb<\/b><\/p>\n<p>Et Enrico Macias, star qui traverse les \u00e2ges, n\u2019est pas pr\u00eat de l\u00e2cher le micro.\u00a0\u00ab<i>Ma carri\u00e8re a eu des hauts et des bas mais je suis tr\u00e8s heureux d\u2019\u00eatre en bonne sant\u00e9 pour pouvoir continuer \u00e0 chanter. La sc\u00e8ne repr\u00e9sente toute ma vie. J\u2019ai l\u2019intention de mourir sur sc\u00e8ne<\/i>\u00a0\u00bb, plaisante-t-il. Le secret de son succ\u00e8s\u00a0? \u00ab\u00a0<i>Je ne m\u2019accroche pas aux modes. Les chanteurs \u00e0 la mode ne restent pas car quand la mode s\u2019arr\u00eate, tout part avec elle<\/i>\u00a0\u00bb.<\/p>\n<p><em>Cr\u00e9dit : Sipa Press<\/em><\/p>\n<p>Article paru sur French Morning New York : <a href=\"http:\/\/frenchmorning.com\/ny\/2013\/05\/20\/enrico-macias-le-public-americain-correspond-a-mes-chansons\/\">http:\/\/frenchmorning.com\/ny\/2013\/05\/20\/enrico-macias-le-public-americain-correspond-a-mes-chansons\/<\/a><\/p>\n","protected":false},"excerpt":{"rendered":"<p>\u00ab\u00a0C\u2019est toujours avec le m\u00eame enthousiasme et la m\u00eame joie que je viens chanter aux Etats-Unis\u201d. L\u2019Am\u00e9rique, c\u2019est une deuxi\u00e8me terre pour Enrico Macias. Une terre de m\u00e9langes dont l\u2019hymne aurait pu \u00eatre son hit \u00ab\u00a0Enfant de tout pays\u00a0\u00bb. Pour &hellip;<\/p>\n<p class=\"read-more\"> <a class=\"more-link\" href=\"https:\/\/enricomaciasloriental.fr\/WordPress\/enrico-macias-je-ne-maccroche-pas-aux-modes\/\"> <span class=\"screen-reader-text\">Enrico Macias : \u201cJe ne m\u2019accroche pas aux modes\u201d<\/span> Read More &raquo;<\/a><\/p>\n","protected":false},"author":36,"featured_media":0,"comment_status":"open","ping_status":"open","sticky":false,"template":"","format":"standard","meta":{"footnotes":""},"categories":[1],"tags":[],"class_list":["post-6173","post","type-post","status-publish","format-standard","hentry","category-actualites"],"yoast_head":"<!-- This site is optimized with the Yoast SEO plugin v27.4 - https:\/\/yoast.com\/product\/yoast-seo-wordpress\/ -->\n<title>Enrico Macias : \u201cJe ne m\u2019accroche pas aux modes\u201d - ENRICO MACIAS L&#039;Oriental<\/title>\n<meta name=\"robots\" content=\"index, follow, max-snippet:-1, max-image-preview:large, max-video-preview:-1\" \/>\n<link rel=\"canonical\" href=\"https:\/\/enricomaciasloriental.fr\/WordPress\/enrico-macias-je-ne-maccroche-pas-aux-modes\/\" \/>\n<meta property=\"og:locale\" content=\"fr_FR\" \/>\n<meta property=\"og:type\" content=\"article\" \/>\n<meta property=\"og:title\" content=\"Enrico Macias : \u201cJe ne m\u2019accroche pas aux modes\u201d - ENRICO MACIAS L&#039;Oriental\" \/>\n<meta property=\"og:description\" content=\"\u00ab\u00a0C\u2019est toujours avec le m\u00eame enthousiasme et la m\u00eame joie que je viens chanter aux Etats-Unis\u201d. L\u2019Am\u00e9rique, c\u2019est une deuxi\u00e8me terre pour Enrico Macias. Une terre de m\u00e9langes dont l\u2019hymne aurait pu \u00eatre son hit \u00ab\u00a0Enfant de tout pays\u00a0\u00bb. Pour &hellip; Enrico Macias : \u201cJe ne m\u2019accroche pas aux modes\u201d Read More &raquo;\" \/>\n<meta property=\"og:url\" content=\"https:\/\/enricomaciasloriental.fr\/WordPress\/enrico-macias-je-ne-maccroche-pas-aux-modes\/\" \/>\n<meta property=\"og:site_name\" content=\"ENRICO MACIAS L&#039;Oriental\" \/>\n<meta property=\"article:published_time\" content=\"2013-05-21T05:51:38+00:00\" \/>\n<meta property=\"og:image\" content=\"http:\/\/enricomaciasloriental.fr\/WordPress\/wp-content\/uploads\/\/2013\/05\/enrico_macias_sipa.jpg\" \/>\n<meta name=\"author\" content=\"Loriental\" \/>\n<meta name=\"twitter:card\" content=\"summary_large_image\" \/>\n<meta name=\"twitter:label1\" content=\"\u00c9crit par\" \/>\n\t<meta name=\"twitter:data1\" content=\"Loriental\" \/>\n\t<meta name=\"twitter:label2\" content=\"Dur\u00e9e de lecture estim\u00e9e\" \/>\n\t<meta name=\"twitter:data2\" content=\"2 minutes\" \/>\n<script type=\"application\/ld+json\" class=\"yoast-schema-graph\">{\"@context\":\"https:\\\/\\\/schema.org\",\"@graph\":[{\"@type\":\"Article\",\"@id\":\"https:\\\/\\\/enricomaciasloriental.fr\\\/WordPress\\\/enrico-macias-je-ne-maccroche-pas-aux-modes\\\/#article\",\"isPartOf\":{\"@id\":\"https:\\\/\\\/enricomaciasloriental.fr\\\/WordPress\\\/enrico-macias-je-ne-maccroche-pas-aux-modes\\\/\"},\"author\":{\"name\":\"Loriental\",\"@id\":\"https:\\\/\\\/enricomaciasloriental.fr\\\/WordPress\\\/#\\\/schema\\\/person\\\/53fba112c6f4f0b335578890a816262e\"},\"headline\":\"Enrico Macias : \u201cJe ne m\u2019accroche pas aux modes\u201d\",\"datePublished\":\"2013-05-21T05:51:38+00:00\",\"mainEntityOfPage\":{\"@id\":\"https:\\\/\\\/enricomaciasloriental.fr\\\/WordPress\\\/enrico-macias-je-ne-maccroche-pas-aux-modes\\\/\"},\"wordCount\":469,\"commentCount\":2,\"publisher\":{\"@id\":\"https:\\\/\\\/enricomaciasloriental.fr\\\/WordPress\\\/#\\\/schema\\\/person\\\/53fba112c6f4f0b335578890a816262e\"},\"image\":{\"@id\":\"https:\\\/\\\/enricomaciasloriental.fr\\\/WordPress\\\/enrico-macias-je-ne-maccroche-pas-aux-modes\\\/#primaryimage\"},\"thumbnailUrl\":\"http:\\\/\\\/enricomaciasloriental.fr\\\/WordPress\\\/wp-content\\\/uploads\\\/\\\/2013\\\/05\\\/enrico_macias_sipa.jpg\",\"articleSection\":[\"Actualit\u00e9s\"],\"inLanguage\":\"fr-FR\",\"potentialAction\":[{\"@type\":\"CommentAction\",\"name\":\"Comment\",\"target\":[\"https:\\\/\\\/enricomaciasloriental.fr\\\/WordPress\\\/enrico-macias-je-ne-maccroche-pas-aux-modes\\\/#respond\"]}]},{\"@type\":\"WebPage\",\"@id\":\"https:\\\/\\\/enricomaciasloriental.fr\\\/WordPress\\\/enrico-macias-je-ne-maccroche-pas-aux-modes\\\/\",\"url\":\"https:\\\/\\\/enricomaciasloriental.fr\\\/WordPress\\\/enrico-macias-je-ne-maccroche-pas-aux-modes\\\/\",\"name\":\"Enrico Macias : \u201cJe ne m\u2019accroche pas aux modes\u201d - ENRICO MACIAS L&#039;Oriental\",\"isPartOf\":{\"@id\":\"https:\\\/\\\/enricomaciasloriental.fr\\\/WordPress\\\/#website\"},\"primaryImageOfPage\":{\"@id\":\"https:\\\/\\\/enricomaciasloriental.fr\\\/WordPress\\\/enrico-macias-je-ne-maccroche-pas-aux-modes\\\/#primaryimage\"},\"image\":{\"@id\":\"https:\\\/\\\/enricomaciasloriental.fr\\\/WordPress\\\/enrico-macias-je-ne-maccroche-pas-aux-modes\\\/#primaryimage\"},\"thumbnailUrl\":\"http:\\\/\\\/enricomaciasloriental.fr\\\/WordPress\\\/wp-content\\\/uploads\\\/\\\/2013\\\/05\\\/enrico_macias_sipa.jpg\",\"datePublished\":\"2013-05-21T05:51:38+00:00\",\"breadcrumb\":{\"@id\":\"https:\\\/\\\/enricomaciasloriental.fr\\\/WordPress\\\/enrico-macias-je-ne-maccroche-pas-aux-modes\\\/#breadcrumb\"},\"inLanguage\":\"fr-FR\",\"potentialAction\":[{\"@type\":\"ReadAction\",\"target\":[\"https:\\\/\\\/enricomaciasloriental.fr\\\/WordPress\\\/enrico-macias-je-ne-maccroche-pas-aux-modes\\\/\"]}]},{\"@type\":\"ImageObject\",\"inLanguage\":\"fr-FR\",\"@id\":\"https:\\\/\\\/enricomaciasloriental.fr\\\/WordPress\\\/enrico-macias-je-ne-maccroche-pas-aux-modes\\\/#primaryimage\",\"url\":\"https:\\\/\\\/enricomaciasloriental.fr\\\/WordPress\\\/wp-content\\\/uploads\\\/\\\/2013\\\/05\\\/enrico_macias_sipa.jpg\",\"contentUrl\":\"https:\\\/\\\/enricomaciasloriental.fr\\\/WordPress\\\/wp-content\\\/uploads\\\/\\\/2013\\\/05\\\/enrico_macias_sipa.jpg\",\"width\":600,\"height\":350},{\"@type\":\"BreadcrumbList\",\"@id\":\"https:\\\/\\\/enricomaciasloriental.fr\\\/WordPress\\\/enrico-macias-je-ne-maccroche-pas-aux-modes\\\/#breadcrumb\",\"itemListElement\":[{\"@type\":\"ListItem\",\"position\":1,\"name\":\"Accueil\",\"item\":\"https:\\\/\\\/enricomaciasloriental.fr\\\/WordPress\\\/\"},{\"@type\":\"ListItem\",\"position\":2,\"name\":\"Enrico Macias : \u201cJe ne m\u2019accroche pas aux modes\u201d\"}]},{\"@type\":\"WebSite\",\"@id\":\"https:\\\/\\\/enricomaciasloriental.fr\\\/WordPress\\\/#website\",\"url\":\"https:\\\/\\\/enricomaciasloriental.fr\\\/WordPress\\\/\",\"name\":\"ENRICO MACIAS L'Oriental\",\"description\":\"IL EST COMME LE SOLEIL\",\"publisher\":{\"@id\":\"https:\\\/\\\/enricomaciasloriental.fr\\\/WordPress\\\/#\\\/schema\\\/person\\\/53fba112c6f4f0b335578890a816262e\"},\"potentialAction\":[{\"@type\":\"SearchAction\",\"target\":{\"@type\":\"EntryPoint\",\"urlTemplate\":\"https:\\\/\\\/enricomaciasloriental.fr\\\/WordPress\\\/?s={search_term_string}\"},\"query-input\":{\"@type\":\"PropertyValueSpecification\",\"valueRequired\":true,\"valueName\":\"search_term_string\"}}],\"inLanguage\":\"fr-FR\"},{\"@type\":[\"Person\",\"Organization\"],\"@id\":\"https:\\\/\\\/enricomaciasloriental.fr\\\/WordPress\\\/#\\\/schema\\\/person\\\/53fba112c6f4f0b335578890a816262e\",\"name\":\"Loriental\",\"image\":{\"@type\":\"ImageObject\",\"inLanguage\":\"fr-FR\",\"@id\":\"https:\\\/\\\/enricomaciasloriental.fr\\\/WordPress\\\/wp-content\\\/uploads\\\/\\\/2015\\\/02\\\/cropped-bannier_altaiir-enrico.jpg\",\"url\":\"https:\\\/\\\/enricomaciasloriental.fr\\\/WordPress\\\/wp-content\\\/uploads\\\/\\\/2015\\\/02\\\/cropped-bannier_altaiir-enrico.jpg\",\"contentUrl\":\"https:\\\/\\\/enricomaciasloriental.fr\\\/WordPress\\\/wp-content\\\/uploads\\\/\\\/2015\\\/02\\\/cropped-bannier_altaiir-enrico.jpg\",\"width\":1200,\"height\":150,\"caption\":\"Loriental\"},\"logo\":{\"@id\":\"https:\\\/\\\/enricomaciasloriental.fr\\\/WordPress\\\/wp-content\\\/uploads\\\/\\\/2015\\\/02\\\/cropped-bannier_altaiir-enrico.jpg\"},\"sameAs\":[\"http:\\\/\\\/www.enricomaciasloriental.fr\\\/\"]}]}<\/script>\n<!-- \/ Yoast SEO plugin. -->","yoast_head_json":{"title":"Enrico Macias : \u201cJe ne m\u2019accroche pas aux modes\u201d - ENRICO MACIAS L&#039;Oriental","robots":{"index":"index","follow":"follow","max-snippet":"max-snippet:-1","max-image-preview":"max-image-preview:large","max-video-preview":"max-video-preview:-1"},"canonical":"https:\/\/enricomaciasloriental.fr\/WordPress\/enrico-macias-je-ne-maccroche-pas-aux-modes\/","og_locale":"fr_FR","og_type":"article","og_title":"Enrico Macias : \u201cJe ne m\u2019accroche pas aux modes\u201d - ENRICO MACIAS L&#039;Oriental","og_description":"\u00ab\u00a0C\u2019est toujours avec le m\u00eame enthousiasme et la m\u00eame joie que je viens chanter aux Etats-Unis\u201d. L\u2019Am\u00e9rique, c\u2019est une deuxi\u00e8me terre pour Enrico Macias. Une terre de m\u00e9langes dont l\u2019hymne aurait pu \u00eatre son hit \u00ab\u00a0Enfant de tout pays\u00a0\u00bb. Pour &hellip; Enrico Macias : \u201cJe ne m\u2019accroche pas aux modes\u201d Read More &raquo;","og_url":"https:\/\/enricomaciasloriental.fr\/WordPress\/enrico-macias-je-ne-maccroche-pas-aux-modes\/","og_site_name":"ENRICO MACIAS L&#039;Oriental","article_published_time":"2013-05-21T05:51:38+00:00","og_image":[{"url":"http:\/\/enricomaciasloriental.fr\/WordPress\/wp-content\/uploads\/\/2013\/05\/enrico_macias_sipa.jpg","type":"","width":"","height":""}],"author":"Loriental","twitter_card":"summary_large_image","twitter_misc":{"\u00c9crit par":"Loriental","Dur\u00e9e de lecture estim\u00e9e":"2 minutes"},"schema":{"@context":"https:\/\/schema.org","@graph":[{"@type":"Article","@id":"https:\/\/enricomaciasloriental.fr\/WordPress\/enrico-macias-je-ne-maccroche-pas-aux-modes\/#article","isPartOf":{"@id":"https:\/\/enricomaciasloriental.fr\/WordPress\/enrico-macias-je-ne-maccroche-pas-aux-modes\/"},"author":{"name":"Loriental","@id":"https:\/\/enricomaciasloriental.fr\/WordPress\/#\/schema\/person\/53fba112c6f4f0b335578890a816262e"},"headline":"Enrico Macias : \u201cJe ne m\u2019accroche pas aux modes\u201d","datePublished":"2013-05-21T05:51:38+00:00","mainEntityOfPage":{"@id":"https:\/\/enricomaciasloriental.fr\/WordPress\/enrico-macias-je-ne-maccroche-pas-aux-modes\/"},"wordCount":469,"commentCount":2,"publisher":{"@id":"https:\/\/enricomaciasloriental.fr\/WordPress\/#\/schema\/person\/53fba112c6f4f0b335578890a816262e"},"image":{"@id":"https:\/\/enricomaciasloriental.fr\/WordPress\/enrico-macias-je-ne-maccroche-pas-aux-modes\/#primaryimage"},"thumbnailUrl":"http:\/\/enricomaciasloriental.fr\/WordPress\/wp-content\/uploads\/\/2013\/05\/enrico_macias_sipa.jpg","articleSection":["Actualit\u00e9s"],"inLanguage":"fr-FR","potentialAction":[{"@type":"CommentAction","name":"Comment","target":["https:\/\/enricomaciasloriental.fr\/WordPress\/enrico-macias-je-ne-maccroche-pas-aux-modes\/#respond"]}]},{"@type":"WebPage","@id":"https:\/\/enricomaciasloriental.fr\/WordPress\/enrico-macias-je-ne-maccroche-pas-aux-modes\/","url":"https:\/\/enricomaciasloriental.fr\/WordPress\/enrico-macias-je-ne-maccroche-pas-aux-modes\/","name":"Enrico Macias : \u201cJe ne m\u2019accroche pas aux modes\u201d - ENRICO MACIAS L&#039;Oriental","isPartOf":{"@id":"https:\/\/enricomaciasloriental.fr\/WordPress\/#website"},"primaryImageOfPage":{"@id":"https:\/\/enricomaciasloriental.fr\/WordPress\/enrico-macias-je-ne-maccroche-pas-aux-modes\/#primaryimage"},"image":{"@id":"https:\/\/enricomaciasloriental.fr\/WordPress\/enrico-macias-je-ne-maccroche-pas-aux-modes\/#primaryimage"},"thumbnailUrl":"http:\/\/enricomaciasloriental.fr\/WordPress\/wp-content\/uploads\/\/2013\/05\/enrico_macias_sipa.jpg","datePublished":"2013-05-21T05:51:38+00:00","breadcrumb":{"@id":"https:\/\/enricomaciasloriental.fr\/WordPress\/enrico-macias-je-ne-maccroche-pas-aux-modes\/#breadcrumb"},"inLanguage":"fr-FR","potentialAction":[{"@type":"ReadAction","target":["https:\/\/enricomaciasloriental.fr\/WordPress\/enrico-macias-je-ne-maccroche-pas-aux-modes\/"]}]},{"@type":"ImageObject","inLanguage":"fr-FR","@id":"https:\/\/enricomaciasloriental.fr\/WordPress\/enrico-macias-je-ne-maccroche-pas-aux-modes\/#primaryimage","url":"https:\/\/enricomaciasloriental.fr\/WordPress\/wp-content\/uploads\/\/2013\/05\/enrico_macias_sipa.jpg","contentUrl":"https:\/\/enricomaciasloriental.fr\/WordPress\/wp-content\/uploads\/\/2013\/05\/enrico_macias_sipa.jpg","width":600,"height":350},{"@type":"BreadcrumbList","@id":"https:\/\/enricomaciasloriental.fr\/WordPress\/enrico-macias-je-ne-maccroche-pas-aux-modes\/#breadcrumb","itemListElement":[{"@type":"ListItem","position":1,"name":"Accueil","item":"https:\/\/enricomaciasloriental.fr\/WordPress\/"},{"@type":"ListItem","position":2,"name":"Enrico Macias : \u201cJe ne m\u2019accroche pas aux modes\u201d"}]},{"@type":"WebSite","@id":"https:\/\/enricomaciasloriental.fr\/WordPress\/#website","url":"https:\/\/enricomaciasloriental.fr\/WordPress\/","name":"ENRICO MACIAS L'Oriental","description":"IL EST COMME LE SOLEIL","publisher":{"@id":"https:\/\/enricomaciasloriental.fr\/WordPress\/#\/schema\/person\/53fba112c6f4f0b335578890a816262e"},"potentialAction":[{"@type":"SearchAction","target":{"@type":"EntryPoint","urlTemplate":"https:\/\/enricomaciasloriental.fr\/WordPress\/?s={search_term_string}"},"query-input":{"@type":"PropertyValueSpecification","valueRequired":true,"valueName":"search_term_string"}}],"inLanguage":"fr-FR"},{"@type":["Person","Organization"],"@id":"https:\/\/enricomaciasloriental.fr\/WordPress\/#\/schema\/person\/53fba112c6f4f0b335578890a816262e","name":"Loriental","image":{"@type":"ImageObject","inLanguage":"fr-FR","@id":"https:\/\/enricomaciasloriental.fr\/WordPress\/wp-content\/uploads\/\/2015\/02\/cropped-bannier_altaiir-enrico.jpg","url":"https:\/\/enricomaciasloriental.fr\/WordPress\/wp-content\/uploads\/\/2015\/02\/cropped-bannier_altaiir-enrico.jpg","contentUrl":"https:\/\/enricomaciasloriental.fr\/WordPress\/wp-content\/uploads\/\/2015\/02\/cropped-bannier_altaiir-enrico.jpg","width":1200,"height":150,"caption":"Loriental"},"logo":{"@id":"https:\/\/enricomaciasloriental.fr\/WordPress\/wp-content\/uploads\/\/2015\/02\/cropped-bannier_altaiir-enrico.jpg"},"sameAs":["http:\/\/www.enricomaciasloriental.fr\/"]}]}},"featured_image_src":"","featured_image_src_square":false,"author_info":{"display_name":"Loriental","author_link":"https:\/\/enricomaciasloriental.fr\/WordPress\/author\/admin9234\/"},"rbea_author_info":{"display_name":"Loriental","author_link":"https:\/\/enricomaciasloriental.fr\/WordPress\/author\/admin9234\/"},"rbea_excerpt_info":"\u00ab\u00a0C\u2019est toujours avec le m\u00eame enthousiasme et la m\u00eame joie que je viens chanter aux Etats-Unis\u201d. L\u2019Am\u00e9rique, c\u2019est une deuxi\u00e8me terre pour Enrico Macias. Une terre de m\u00e9langes dont l\u2019hymne aurait pu \u00eatre son hit \u00ab\u00a0Enfant de tout pays\u00a0\u00bb. Pour &hellip;<p class=\"read-more\"> <a class=\"more-link\" href=\"https:\/\/enricomaciasloriental.fr\/WordPress\/enrico-macias-je-ne-maccroche-pas-aux-modes\/\"> <span class=\"screen-reader-text\">Enrico Macias : \u201cJe ne m\u2019accroche pas aux modes\u201d<\/span> Read More &raquo;<\/a><\/p>","category_list":"<a href=\"https:\/\/enricomaciasloriental.fr\/WordPress\/category\/actualites\/\">Actualit\u00e9s<\/a>","comments_num":"2 comments","_links":{"self":[{"href":"https:\/\/enricomaciasloriental.fr\/WordPress\/wp-json\/wp\/v2\/posts\/6173","targetHints":{"allow":["GET"]}}],"collection":[{"href":"https:\/\/enricomaciasloriental.fr\/WordPress\/wp-json\/wp\/v2\/posts"}],"about":[{"href":"https:\/\/enricomaciasloriental.fr\/WordPress\/wp-json\/wp\/v2\/types\/post"}],"author":[{"embeddable":true,"href":"https:\/\/enricomaciasloriental.fr\/WordPress\/wp-json\/wp\/v2\/users\/36"}],"replies":[{"embeddable":true,"href":"https:\/\/enricomaciasloriental.fr\/WordPress\/wp-json\/wp\/v2\/comments?post=6173"}],"version-history":[{"count":0,"href":"https:\/\/enricomaciasloriental.fr\/WordPress\/wp-json\/wp\/v2\/posts\/6173\/revisions"}],"wp:attachment":[{"href":"https:\/\/enricomaciasloriental.fr\/WordPress\/wp-json\/wp\/v2\/media?parent=6173"}],"wp:term":[{"taxonomy":"category","embeddable":true,"href":"https:\/\/enricomaciasloriental.fr\/WordPress\/wp-json\/wp\/v2\/categories?post=6173"},{"taxonomy":"post_tag","embeddable":true,"href":"https:\/\/enricomaciasloriental.fr\/WordPress\/wp-json\/wp\/v2\/tags?post=6173"}],"curies":[{"name":"wp","href":"https:\/\/api.w.org\/{rel}","templated":true}]}}