{"id":7002,"date":"2014-06-01T13:21:14","date_gmt":"2014-06-01T11:21:14","guid":{"rendered":"http:\/\/enricomaciasloriental.fr\/WordPress\/?p=7002"},"modified":"2014-06-01T13:21:14","modified_gmt":"2014-06-01T11:21:14","slug":"enrico-macias-en-concert-gratuit-ce-dimanche-apres-midi-a-nice","status":"publish","type":"post","link":"https:\/\/enricomaciasloriental.fr\/WordPress\/enrico-macias-en-concert-gratuit-ce-dimanche-apres-midi-a-nice\/","title":{"rendered":"Enrico Macias en concert gratuit ce dimanche apr\u00e8s-midi \u00e0 Nice"},"content":{"rendered":"<blockquote><p><strong><a href=\"https:\/\/enricomaciasloriental.fr\/WordPress\/?attachment_id=7003\" rel=\"attachment wp-att-7003\"><img fetchpriority=\"high\" decoding=\"async\" class=\"alignleft size-full wp-image-7003\" src=\"https:\/\/enricomaciasloriental.fr\/WordPress\/wp-content\/uploads\/\/2014\/06\/25565069.jpg\" alt=\"25565069\" width=\"500\" height=\"270\" srcset=\"https:\/\/enricomaciasloriental.fr\/WordPress\/wp-content\/uploads\/2014\/06\/25565069.jpg 500w, https:\/\/enricomaciasloriental.fr\/WordPress\/wp-content\/uploads\/2014\/06\/25565069-300x162.jpg 300w\" sizes=\"(max-width: 500px) 100vw, 500px\" \/><\/a>Enrico Macias donnera un grand concert gratuit, cet apr\u00e8s-midi \u00e0 17h30, au jardin des ar\u00e8nes de Cimiez.<\/strong> Il aura lieu dans le cadre de la 5e \u00e9dition d\u2019\u00a0\u00bbAu Soleil des deux rives\u00a0\u00bb, manifestation sous-titr\u00e9e \u00ab\u00a0Harkis et pieds-noirs, un m\u00eame c\u0153ur\u00a0\u00bb.<\/p>\n<p>Toute la journ\u00e9e, des animations musicales, des spectacles de magiciens d\u00e9ambulatoires, des conf\u00e9rences et des rencontres avec les associations locales et nationales de rapatri\u00e9s d\u2019Alg\u00e9rie, du Maroc et de Tunisie et de harkis seront offerts.<\/p>\n<p>Les espaces de restauration proposeront des sp\u00e9cialit\u00e9s culinaires pieds-noirs.<\/p>\n<p>&nbsp;<\/p>\n<p>Article paru sur Nice Matin : http:\/\/www.nicematin.com\/nice\/enrico-macias-en-concert-gratuit-ce-dimanche-apres-midi-a-nice.1763582.html<\/p>\n<p>&nbsp;<\/p>\n<p>&nbsp;<\/p>\n<p>&nbsp;<\/p>\n<p>&nbsp;<\/p><\/blockquote>\n","protected":false},"excerpt":{"rendered":"<p>Enrico Macias donnera un grand concert gratuit, cet apr\u00e8s-midi \u00e0 17h30, au jardin des ar\u00e8nes de Cimiez. Il aura lieu dans le cadre de la 5e \u00e9dition d\u2019\u00a0\u00bbAu Soleil des deux rives\u00a0\u00bb, manifestation sous-titr\u00e9e \u00ab\u00a0Harkis et pieds-noirs, un m\u00eame c\u0153ur\u00a0\u00bb. &hellip;<\/p>\n<p class=\"read-more\"> <a class=\"more-link\" href=\"https:\/\/enricomaciasloriental.fr\/WordPress\/enrico-macias-en-concert-gratuit-ce-dimanche-apres-midi-a-nice\/\"> <span class=\"screen-reader-text\">Enrico Macias en concert gratuit ce dimanche apr\u00e8s-midi \u00e0 Nice<\/span> Read More &raquo;<\/a><\/p>\n","protected":false},"author":36,"featured_media":0,"comment_status":"open","ping_status":"open","sticky":false,"template":"","format":"standard","meta":{"footnotes":""},"categories":[1],"tags":[],"class_list":["post-7002","post","type-post","status-publish","format-standard","hentry","category-actualites"],"yoast_head":"<!-- This site is optimized with the Yoast SEO plugin v27.4 - https:\/\/yoast.com\/product\/yoast-seo-wordpress\/ -->\n<title>Enrico Macias en concert gratuit ce dimanche apr\u00e8s-midi \u00e0 Nice - ENRICO MACIAS L&#039;Oriental<\/title>\n<meta name=\"robots\" content=\"index, follow, max-snippet:-1, max-image-preview:large, max-video-preview:-1\" \/>\n<link rel=\"canonical\" href=\"https:\/\/enricomaciasloriental.fr\/WordPress\/enrico-macias-en-concert-gratuit-ce-dimanche-apres-midi-a-nice\/\" \/>\n<meta property=\"og:locale\" content=\"fr_FR\" \/>\n<meta property=\"og:type\" content=\"article\" \/>\n<meta property=\"og:title\" content=\"Enrico Macias en concert gratuit ce dimanche apr\u00e8s-midi \u00e0 Nice - ENRICO MACIAS L&#039;Oriental\" \/>\n<meta property=\"og:description\" content=\"Enrico Macias donnera un grand concert gratuit, cet apr\u00e8s-midi \u00e0 17h30, au jardin des ar\u00e8nes de Cimiez. Il aura lieu dans le cadre de la 5e \u00e9dition d\u2019\u00a0\u00bbAu Soleil des deux rives\u00a0\u00bb, manifestation sous-titr\u00e9e \u00ab\u00a0Harkis et pieds-noirs, un m\u00eame c\u0153ur\u00a0\u00bb. &hellip; Enrico Macias en concert gratuit ce dimanche apr\u00e8s-midi \u00e0 Nice Read More &raquo;\" \/>\n<meta property=\"og:url\" content=\"https:\/\/enricomaciasloriental.fr\/WordPress\/enrico-macias-en-concert-gratuit-ce-dimanche-apres-midi-a-nice\/\" \/>\n<meta property=\"og:site_name\" content=\"ENRICO MACIAS L&#039;Oriental\" \/>\n<meta property=\"article:published_time\" content=\"2014-06-01T11:21:14+00:00\" \/>\n<meta property=\"og:image\" content=\"http:\/\/enricomaciasloriental.fr\/WordPress\/wp-content\/uploads\/\/2014\/06\/25565069.jpg\" \/>\n<meta name=\"author\" content=\"Loriental\" \/>\n<meta name=\"twitter:card\" content=\"summary_large_image\" \/>\n<meta name=\"twitter:label1\" content=\"\u00c9crit par\" \/>\n\t<meta name=\"twitter:data1\" content=\"Loriental\" \/>\n\t<meta name=\"twitter:label2\" content=\"Dur\u00e9e de lecture estim\u00e9e\" \/>\n\t<meta name=\"twitter:data2\" content=\"1 minute\" \/>\n<script type=\"application\/ld+json\" class=\"yoast-schema-graph\">{\"@context\":\"https:\\\/\\\/schema.org\",\"@graph\":[{\"@type\":\"Article\",\"@id\":\"https:\\\/\\\/enricomaciasloriental.fr\\\/WordPress\\\/enrico-macias-en-concert-gratuit-ce-dimanche-apres-midi-a-nice\\\/#article\",\"isPartOf\":{\"@id\":\"https:\\\/\\\/enricomaciasloriental.fr\\\/WordPress\\\/enrico-macias-en-concert-gratuit-ce-dimanche-apres-midi-a-nice\\\/\"},\"author\":{\"name\":\"Loriental\",\"@id\":\"https:\\\/\\\/enricomaciasloriental.fr\\\/WordPress\\\/#\\\/schema\\\/person\\\/53fba112c6f4f0b335578890a816262e\"},\"headline\":\"Enrico Macias en concert gratuit ce dimanche apr\u00e8s-midi \u00e0 Nice\",\"datePublished\":\"2014-06-01T11:21:14+00:00\",\"mainEntityOfPage\":{\"@id\":\"https:\\\/\\\/enricomaciasloriental.fr\\\/WordPress\\\/enrico-macias-en-concert-gratuit-ce-dimanche-apres-midi-a-nice\\\/\"},\"wordCount\":124,\"commentCount\":0,\"publisher\":{\"@id\":\"https:\\\/\\\/enricomaciasloriental.fr\\\/WordPress\\\/#\\\/schema\\\/person\\\/53fba112c6f4f0b335578890a816262e\"},\"image\":{\"@id\":\"https:\\\/\\\/enricomaciasloriental.fr\\\/WordPress\\\/enrico-macias-en-concert-gratuit-ce-dimanche-apres-midi-a-nice\\\/#primaryimage\"},\"thumbnailUrl\":\"http:\\\/\\\/enricomaciasloriental.fr\\\/WordPress\\\/wp-content\\\/uploads\\\/\\\/2014\\\/06\\\/25565069.jpg\",\"articleSection\":[\"Actualit\u00e9s\"],\"inLanguage\":\"fr-FR\",\"potentialAction\":[{\"@type\":\"CommentAction\",\"name\":\"Comment\",\"target\":[\"https:\\\/\\\/enricomaciasloriental.fr\\\/WordPress\\\/enrico-macias-en-concert-gratuit-ce-dimanche-apres-midi-a-nice\\\/#respond\"]}]},{\"@type\":\"WebPage\",\"@id\":\"https:\\\/\\\/enricomaciasloriental.fr\\\/WordPress\\\/enrico-macias-en-concert-gratuit-ce-dimanche-apres-midi-a-nice\\\/\",\"url\":\"https:\\\/\\\/enricomaciasloriental.fr\\\/WordPress\\\/enrico-macias-en-concert-gratuit-ce-dimanche-apres-midi-a-nice\\\/\",\"name\":\"Enrico Macias en concert gratuit ce dimanche apr\u00e8s-midi \u00e0 Nice - ENRICO MACIAS L&#039;Oriental\",\"isPartOf\":{\"@id\":\"https:\\\/\\\/enricomaciasloriental.fr\\\/WordPress\\\/#website\"},\"primaryImageOfPage\":{\"@id\":\"https:\\\/\\\/enricomaciasloriental.fr\\\/WordPress\\\/enrico-macias-en-concert-gratuit-ce-dimanche-apres-midi-a-nice\\\/#primaryimage\"},\"image\":{\"@id\":\"https:\\\/\\\/enricomaciasloriental.fr\\\/WordPress\\\/enrico-macias-en-concert-gratuit-ce-dimanche-apres-midi-a-nice\\\/#primaryimage\"},\"thumbnailUrl\":\"http:\\\/\\\/enricomaciasloriental.fr\\\/WordPress\\\/wp-content\\\/uploads\\\/\\\/2014\\\/06\\\/25565069.jpg\",\"datePublished\":\"2014-06-01T11:21:14+00:00\",\"breadcrumb\":{\"@id\":\"https:\\\/\\\/enricomaciasloriental.fr\\\/WordPress\\\/enrico-macias-en-concert-gratuit-ce-dimanche-apres-midi-a-nice\\\/#breadcrumb\"},\"inLanguage\":\"fr-FR\",\"potentialAction\":[{\"@type\":\"ReadAction\",\"target\":[\"https:\\\/\\\/enricomaciasloriental.fr\\\/WordPress\\\/enrico-macias-en-concert-gratuit-ce-dimanche-apres-midi-a-nice\\\/\"]}]},{\"@type\":\"ImageObject\",\"inLanguage\":\"fr-FR\",\"@id\":\"https:\\\/\\\/enricomaciasloriental.fr\\\/WordPress\\\/enrico-macias-en-concert-gratuit-ce-dimanche-apres-midi-a-nice\\\/#primaryimage\",\"url\":\"https:\\\/\\\/enricomaciasloriental.fr\\\/WordPress\\\/wp-content\\\/uploads\\\/\\\/2014\\\/06\\\/25565069.jpg\",\"contentUrl\":\"https:\\\/\\\/enricomaciasloriental.fr\\\/WordPress\\\/wp-content\\\/uploads\\\/\\\/2014\\\/06\\\/25565069.jpg\",\"width\":500,\"height\":270},{\"@type\":\"BreadcrumbList\",\"@id\":\"https:\\\/\\\/enricomaciasloriental.fr\\\/WordPress\\\/enrico-macias-en-concert-gratuit-ce-dimanche-apres-midi-a-nice\\\/#breadcrumb\",\"itemListElement\":[{\"@type\":\"ListItem\",\"position\":1,\"name\":\"Accueil\",\"item\":\"https:\\\/\\\/enricomaciasloriental.fr\\\/WordPress\\\/\"},{\"@type\":\"ListItem\",\"position\":2,\"name\":\"Enrico Macias en concert gratuit ce dimanche apr\u00e8s-midi \u00e0 Nice\"}]},{\"@type\":\"WebSite\",\"@id\":\"https:\\\/\\\/enricomaciasloriental.fr\\\/WordPress\\\/#website\",\"url\":\"https:\\\/\\\/enricomaciasloriental.fr\\\/WordPress\\\/\",\"name\":\"ENRICO MACIAS L'Oriental\",\"description\":\"IL EST COMME LE SOLEIL\",\"publisher\":{\"@id\":\"https:\\\/\\\/enricomaciasloriental.fr\\\/WordPress\\\/#\\\/schema\\\/person\\\/53fba112c6f4f0b335578890a816262e\"},\"potentialAction\":[{\"@type\":\"SearchAction\",\"target\":{\"@type\":\"EntryPoint\",\"urlTemplate\":\"https:\\\/\\\/enricomaciasloriental.fr\\\/WordPress\\\/?s={search_term_string}\"},\"query-input\":{\"@type\":\"PropertyValueSpecification\",\"valueRequired\":true,\"valueName\":\"search_term_string\"}}],\"inLanguage\":\"fr-FR\"},{\"@type\":[\"Person\",\"Organization\"],\"@id\":\"https:\\\/\\\/enricomaciasloriental.fr\\\/WordPress\\\/#\\\/schema\\\/person\\\/53fba112c6f4f0b335578890a816262e\",\"name\":\"Loriental\",\"image\":{\"@type\":\"ImageObject\",\"inLanguage\":\"fr-FR\",\"@id\":\"https:\\\/\\\/enricomaciasloriental.fr\\\/WordPress\\\/wp-content\\\/uploads\\\/\\\/2015\\\/02\\\/cropped-bannier_altaiir-enrico.jpg\",\"url\":\"https:\\\/\\\/enricomaciasloriental.fr\\\/WordPress\\\/wp-content\\\/uploads\\\/\\\/2015\\\/02\\\/cropped-bannier_altaiir-enrico.jpg\",\"contentUrl\":\"https:\\\/\\\/enricomaciasloriental.fr\\\/WordPress\\\/wp-content\\\/uploads\\\/\\\/2015\\\/02\\\/cropped-bannier_altaiir-enrico.jpg\",\"width\":1200,\"height\":150,\"caption\":\"Loriental\"},\"logo\":{\"@id\":\"https:\\\/\\\/enricomaciasloriental.fr\\\/WordPress\\\/wp-content\\\/uploads\\\/\\\/2015\\\/02\\\/cropped-bannier_altaiir-enrico.jpg\"},\"sameAs\":[\"http:\\\/\\\/www.enricomaciasloriental.fr\\\/\"]}]}<\/script>\n<!-- \/ Yoast SEO plugin. -->","yoast_head_json":{"title":"Enrico Macias en concert gratuit ce dimanche apr\u00e8s-midi \u00e0 Nice - ENRICO MACIAS L&#039;Oriental","robots":{"index":"index","follow":"follow","max-snippet":"max-snippet:-1","max-image-preview":"max-image-preview:large","max-video-preview":"max-video-preview:-1"},"canonical":"https:\/\/enricomaciasloriental.fr\/WordPress\/enrico-macias-en-concert-gratuit-ce-dimanche-apres-midi-a-nice\/","og_locale":"fr_FR","og_type":"article","og_title":"Enrico Macias en concert gratuit ce dimanche apr\u00e8s-midi \u00e0 Nice - ENRICO MACIAS L&#039;Oriental","og_description":"Enrico Macias donnera un grand concert gratuit, cet apr\u00e8s-midi \u00e0 17h30, au jardin des ar\u00e8nes de Cimiez. Il aura lieu dans le cadre de la 5e \u00e9dition d\u2019\u00a0\u00bbAu Soleil des deux rives\u00a0\u00bb, manifestation sous-titr\u00e9e \u00ab\u00a0Harkis et pieds-noirs, un m\u00eame c\u0153ur\u00a0\u00bb. &hellip; Enrico Macias en concert gratuit ce dimanche apr\u00e8s-midi \u00e0 Nice Read More &raquo;","og_url":"https:\/\/enricomaciasloriental.fr\/WordPress\/enrico-macias-en-concert-gratuit-ce-dimanche-apres-midi-a-nice\/","og_site_name":"ENRICO MACIAS L&#039;Oriental","article_published_time":"2014-06-01T11:21:14+00:00","og_image":[{"url":"http:\/\/enricomaciasloriental.fr\/WordPress\/wp-content\/uploads\/\/2014\/06\/25565069.jpg","type":"","width":"","height":""}],"author":"Loriental","twitter_card":"summary_large_image","twitter_misc":{"\u00c9crit par":"Loriental","Dur\u00e9e de lecture estim\u00e9e":"1 minute"},"schema":{"@context":"https:\/\/schema.org","@graph":[{"@type":"Article","@id":"https:\/\/enricomaciasloriental.fr\/WordPress\/enrico-macias-en-concert-gratuit-ce-dimanche-apres-midi-a-nice\/#article","isPartOf":{"@id":"https:\/\/enricomaciasloriental.fr\/WordPress\/enrico-macias-en-concert-gratuit-ce-dimanche-apres-midi-a-nice\/"},"author":{"name":"Loriental","@id":"https:\/\/enricomaciasloriental.fr\/WordPress\/#\/schema\/person\/53fba112c6f4f0b335578890a816262e"},"headline":"Enrico Macias en concert gratuit ce dimanche apr\u00e8s-midi \u00e0 Nice","datePublished":"2014-06-01T11:21:14+00:00","mainEntityOfPage":{"@id":"https:\/\/enricomaciasloriental.fr\/WordPress\/enrico-macias-en-concert-gratuit-ce-dimanche-apres-midi-a-nice\/"},"wordCount":124,"commentCount":0,"publisher":{"@id":"https:\/\/enricomaciasloriental.fr\/WordPress\/#\/schema\/person\/53fba112c6f4f0b335578890a816262e"},"image":{"@id":"https:\/\/enricomaciasloriental.fr\/WordPress\/enrico-macias-en-concert-gratuit-ce-dimanche-apres-midi-a-nice\/#primaryimage"},"thumbnailUrl":"http:\/\/enricomaciasloriental.fr\/WordPress\/wp-content\/uploads\/\/2014\/06\/25565069.jpg","articleSection":["Actualit\u00e9s"],"inLanguage":"fr-FR","potentialAction":[{"@type":"CommentAction","name":"Comment","target":["https:\/\/enricomaciasloriental.fr\/WordPress\/enrico-macias-en-concert-gratuit-ce-dimanche-apres-midi-a-nice\/#respond"]}]},{"@type":"WebPage","@id":"https:\/\/enricomaciasloriental.fr\/WordPress\/enrico-macias-en-concert-gratuit-ce-dimanche-apres-midi-a-nice\/","url":"https:\/\/enricomaciasloriental.fr\/WordPress\/enrico-macias-en-concert-gratuit-ce-dimanche-apres-midi-a-nice\/","name":"Enrico Macias en concert gratuit ce dimanche apr\u00e8s-midi \u00e0 Nice - ENRICO MACIAS L&#039;Oriental","isPartOf":{"@id":"https:\/\/enricomaciasloriental.fr\/WordPress\/#website"},"primaryImageOfPage":{"@id":"https:\/\/enricomaciasloriental.fr\/WordPress\/enrico-macias-en-concert-gratuit-ce-dimanche-apres-midi-a-nice\/#primaryimage"},"image":{"@id":"https:\/\/enricomaciasloriental.fr\/WordPress\/enrico-macias-en-concert-gratuit-ce-dimanche-apres-midi-a-nice\/#primaryimage"},"thumbnailUrl":"http:\/\/enricomaciasloriental.fr\/WordPress\/wp-content\/uploads\/\/2014\/06\/25565069.jpg","datePublished":"2014-06-01T11:21:14+00:00","breadcrumb":{"@id":"https:\/\/enricomaciasloriental.fr\/WordPress\/enrico-macias-en-concert-gratuit-ce-dimanche-apres-midi-a-nice\/#breadcrumb"},"inLanguage":"fr-FR","potentialAction":[{"@type":"ReadAction","target":["https:\/\/enricomaciasloriental.fr\/WordPress\/enrico-macias-en-concert-gratuit-ce-dimanche-apres-midi-a-nice\/"]}]},{"@type":"ImageObject","inLanguage":"fr-FR","@id":"https:\/\/enricomaciasloriental.fr\/WordPress\/enrico-macias-en-concert-gratuit-ce-dimanche-apres-midi-a-nice\/#primaryimage","url":"https:\/\/enricomaciasloriental.fr\/WordPress\/wp-content\/uploads\/\/2014\/06\/25565069.jpg","contentUrl":"https:\/\/enricomaciasloriental.fr\/WordPress\/wp-content\/uploads\/\/2014\/06\/25565069.jpg","width":500,"height":270},{"@type":"BreadcrumbList","@id":"https:\/\/enricomaciasloriental.fr\/WordPress\/enrico-macias-en-concert-gratuit-ce-dimanche-apres-midi-a-nice\/#breadcrumb","itemListElement":[{"@type":"ListItem","position":1,"name":"Accueil","item":"https:\/\/enricomaciasloriental.fr\/WordPress\/"},{"@type":"ListItem","position":2,"name":"Enrico Macias en concert gratuit ce dimanche apr\u00e8s-midi \u00e0 Nice"}]},{"@type":"WebSite","@id":"https:\/\/enricomaciasloriental.fr\/WordPress\/#website","url":"https:\/\/enricomaciasloriental.fr\/WordPress\/","name":"ENRICO MACIAS L'Oriental","description":"IL EST COMME LE SOLEIL","publisher":{"@id":"https:\/\/enricomaciasloriental.fr\/WordPress\/#\/schema\/person\/53fba112c6f4f0b335578890a816262e"},"potentialAction":[{"@type":"SearchAction","target":{"@type":"EntryPoint","urlTemplate":"https:\/\/enricomaciasloriental.fr\/WordPress\/?s={search_term_string}"},"query-input":{"@type":"PropertyValueSpecification","valueRequired":true,"valueName":"search_term_string"}}],"inLanguage":"fr-FR"},{"@type":["Person","Organization"],"@id":"https:\/\/enricomaciasloriental.fr\/WordPress\/#\/schema\/person\/53fba112c6f4f0b335578890a816262e","name":"Loriental","image":{"@type":"ImageObject","inLanguage":"fr-FR","@id":"https:\/\/enricomaciasloriental.fr\/WordPress\/wp-content\/uploads\/\/2015\/02\/cropped-bannier_altaiir-enrico.jpg","url":"https:\/\/enricomaciasloriental.fr\/WordPress\/wp-content\/uploads\/\/2015\/02\/cropped-bannier_altaiir-enrico.jpg","contentUrl":"https:\/\/enricomaciasloriental.fr\/WordPress\/wp-content\/uploads\/\/2015\/02\/cropped-bannier_altaiir-enrico.jpg","width":1200,"height":150,"caption":"Loriental"},"logo":{"@id":"https:\/\/enricomaciasloriental.fr\/WordPress\/wp-content\/uploads\/\/2015\/02\/cropped-bannier_altaiir-enrico.jpg"},"sameAs":["http:\/\/www.enricomaciasloriental.fr\/"]}]}},"featured_image_src":"","featured_image_src_square":false,"author_info":{"display_name":"Loriental","author_link":"https:\/\/enricomaciasloriental.fr\/WordPress\/author\/admin9234\/"},"rbea_author_info":{"display_name":"Loriental","author_link":"https:\/\/enricomaciasloriental.fr\/WordPress\/author\/admin9234\/"},"rbea_excerpt_info":"Enrico Macias donnera un grand concert gratuit, cet apr\u00e8s-midi \u00e0 17h30, au jardin des ar\u00e8nes de Cimiez. Il aura lieu dans le cadre de la 5e \u00e9dition d\u2019\u00a0\u00bbAu Soleil des deux rives\u00a0\u00bb, manifestation sous-titr\u00e9e \u00ab\u00a0Harkis et pieds-noirs, un m\u00eame c\u0153ur\u00a0\u00bb. &hellip;<p class=\"read-more\"> <a class=\"more-link\" href=\"https:\/\/enricomaciasloriental.fr\/WordPress\/enrico-macias-en-concert-gratuit-ce-dimanche-apres-midi-a-nice\/\"> <span class=\"screen-reader-text\">Enrico Macias en concert gratuit ce dimanche apr\u00e8s-midi \u00e0 Nice<\/span> Read More &raquo;<\/a><\/p>","category_list":"<a href=\"https:\/\/enricomaciasloriental.fr\/WordPress\/category\/actualites\/\">Actualit\u00e9s<\/a>","comments_num":"0 comments","_links":{"self":[{"href":"https:\/\/enricomaciasloriental.fr\/WordPress\/wp-json\/wp\/v2\/posts\/7002","targetHints":{"allow":["GET"]}}],"collection":[{"href":"https:\/\/enricomaciasloriental.fr\/WordPress\/wp-json\/wp\/v2\/posts"}],"about":[{"href":"https:\/\/enricomaciasloriental.fr\/WordPress\/wp-json\/wp\/v2\/types\/post"}],"author":[{"embeddable":true,"href":"https:\/\/enricomaciasloriental.fr\/WordPress\/wp-json\/wp\/v2\/users\/36"}],"replies":[{"embeddable":true,"href":"https:\/\/enricomaciasloriental.fr\/WordPress\/wp-json\/wp\/v2\/comments?post=7002"}],"version-history":[{"count":0,"href":"https:\/\/enricomaciasloriental.fr\/WordPress\/wp-json\/wp\/v2\/posts\/7002\/revisions"}],"wp:attachment":[{"href":"https:\/\/enricomaciasloriental.fr\/WordPress\/wp-json\/wp\/v2\/media?parent=7002"}],"wp:term":[{"taxonomy":"category","embeddable":true,"href":"https:\/\/enricomaciasloriental.fr\/WordPress\/wp-json\/wp\/v2\/categories?post=7002"},{"taxonomy":"post_tag","embeddable":true,"href":"https:\/\/enricomaciasloriental.fr\/WordPress\/wp-json\/wp\/v2\/tags?post=7002"}],"curies":[{"name":"wp","href":"https:\/\/api.w.org\/{rel}","templated":true}]}}