{"id":7040,"date":"2014-06-24T08:05:50","date_gmt":"2014-06-24T06:05:50","guid":{"rendered":"http:\/\/enricomaciasloriental.fr\/WordPress\/?p=7040"},"modified":"2014-06-24T08:05:50","modified_gmt":"2014-06-24T06:05:50","slug":"enrico-macias-au-festival-de-ramatuelle","status":"publish","type":"post","link":"https:\/\/enricomaciasloriental.fr\/WordPress\/enrico-macias-au-festival-de-ramatuelle\/","title":{"rendered":"Enrico Macias au festival de Ramatuelle"},"content":{"rendered":"<p><strong>Le Festival de Ramatuelle c\u00e9l\u00e8bre sa 30\u00e8me \u00e9dition du 1er au 12 ao\u00fbt 2014 !<\/strong><\/p>\n<p><a href=\"https:\/\/enricomaciasloriental.fr\/WordPress\/?attachment_id=7041\" rel=\"attachment wp-att-7041\"><img fetchpriority=\"high\" decoding=\"async\" class=\"alignleft wp-image-7041 size-full\" src=\"https:\/\/enricomaciasloriental.fr\/WordPress\/wp-content\/uploads\/\/2014\/06\/affiche-e1403589934582.png\" alt=\"affiche\" width=\"500\" height=\"316\" \/><\/a>Pr\u00e9sid\u00e9 par Michel Boujenah, le th\u00e9\u00e2tre cr\u00e9\u00e9 en 1985 par Jean-Claude Brialy et Jacqueline Franjou dans un modeste champ entrecoup\u00e9 de restanques et sem\u00e9 de hauts murets, \u00e0 l\u2019ombre du vieux figuier aux amoureux\u2026a d\u00e9sormais acquis son statut de <strong>festival incontournable de l\u2019\u00e9t\u00e9<\/strong>!<\/p>\n<p>Au programme: du Show, du Chant, du Rire\u2026.bref du Spectacle!<\/p>\n<p><strong><em>PROGRAMME<\/em>:<\/strong><\/p>\n<p><strong>1er ao\u00fbt: <\/strong>Concert de<strong> -M-<\/strong>, alias Mister Myst\u00e8re, alias Matthieu Ch\u00e9did<br \/>\n<strong>2 ao\u00fbt: <\/strong>Com\u00e9die \u00ab\u00a0<strong>Le Placard<\/strong>\u00a0\u00bb de Francis Veber avec Elie Semoun, Laurent Gamelon, Philippe Magnan, Zo\u00e9 Felix \u2026<br \/>\n<strong>3 ao\u00fbt:<\/strong> Com\u00e9die \u00ab\u00a0Des Journ\u00e9es Enti\u00e8res dans les Arbres\u00a0\u00bb de Marguerite Duras avec <strong>Fanny Ardant<\/strong>, Nicolas Duvauchelle, Agathe Bonitzer . . .<br \/>\n<strong>4 ao\u00fbt:<\/strong> One Man Show de<strong> Laurent Gerra<\/strong>: un show complet qu\u2019il pr\u00e9sente, dans la meilleure tradition du music-hall, accompagn\u00e9 par le grand orchestre de Fred Manoukian et ses dix-neuf musiciens.<br \/>\n<strong>5 ao\u00fbt: <\/strong>Pi\u00e8ce de Th\u00e9\u00e2tre \u00ab\u00a0L\u2019Affrontement\u00a0\u00bb de Bill C. Davis. avec <strong>Francis Huster<\/strong> et Davy Sardou.<br \/>\n<strong>6 ao\u00fbt:<\/strong> One Woman Show de <strong>Claudia Tagbo<\/strong> \u00ab\u00a0CRAZY\u00a0\u00bb, mis en sc\u00e8ne par Fabrice Ebou\u00e9<br \/>\n<strong>7 ao\u00fbt: <\/strong>Com\u00e9die \u00ab\u00a0Le Fils du Comique\u00a0\u00bb de<strong> Pierre Palmade<\/strong> avec Pierre Palmade, Anne-Elisabeth Blateau, No\u00e9mie de Lattre \u2026<br \/>\n<strong>8 ao\u00fbt: <\/strong>Com\u00e9die \u00ab\u00a0L\u2019Appel de Londres\u00a0\u00bb de <strong>Philippe Lellouche<\/strong> avec Vanessa Demouy, Philippe Lellouche, David Br\u00e9court et Christian Vadim \u2026<br \/>\n<strong>9 ao\u00fbt: <\/strong>Com\u00e9die \u00ab\u00a0Ensemble et S\u00e9parement\u00a0\u00bb de Fran\u00e7oise Dorin avec <strong>Jean Piat et Marthe Villalonga<\/strong> \u2026<br \/>\n<strong>10 ao\u00fbt: <\/strong>Concert de <strong>Enrico Macias<\/strong> \u00ab\u00a0Venez tous mes Amis\u00a0\u00bb : 50 ans de tubes<br \/>\n<strong>11 ao\u00fbt: <\/strong>Soir\u00e9e \u00ab\u00a0Rire \u00e0 Ramatuelle\u00a0\u00bb anim\u00e9e par Michel Boujenah et <strong>Eric Antoine<\/strong>, avec Florent Peyre, Antonia, Masques et Nez, Walter et Caroline Vigneaux.<br \/>\n<strong>12 ao\u00fbt:<\/strong> One Man Show de<strong> Michel Boujenah<\/strong> \u00ab\u00a0Ma vie r\u00eav\u00e9e\u00a0\u00bb<\/p>\n","protected":false},"excerpt":{"rendered":"<p>Le Festival de Ramatuelle c\u00e9l\u00e8bre sa 30\u00e8me \u00e9dition du 1er au 12 ao\u00fbt 2014 ! Pr\u00e9sid\u00e9 par Michel Boujenah, le th\u00e9\u00e2tre cr\u00e9\u00e9 en 1985 par Jean-Claude Brialy et Jacqueline Franjou dans un modeste champ entrecoup\u00e9 de restanques et sem\u00e9 de &hellip;<\/p>\n<p class=\"read-more\"> <a class=\"more-link\" href=\"https:\/\/enricomaciasloriental.fr\/WordPress\/enrico-macias-au-festival-de-ramatuelle\/\"> <span class=\"screen-reader-text\">Enrico Macias au festival de Ramatuelle<\/span> Read More &raquo;<\/a><\/p>\n","protected":false},"author":36,"featured_media":0,"comment_status":"open","ping_status":"open","sticky":false,"template":"","format":"standard","meta":{"footnotes":""},"categories":[1],"tags":[],"class_list":["post-7040","post","type-post","status-publish","format-standard","hentry","category-actualites"],"yoast_head":"<!-- This site is optimized with the Yoast SEO plugin v27.4 - https:\/\/yoast.com\/product\/yoast-seo-wordpress\/ -->\n<title>Enrico Macias au festival de Ramatuelle - ENRICO MACIAS L&#039;Oriental<\/title>\n<meta name=\"robots\" content=\"index, follow, max-snippet:-1, max-image-preview:large, max-video-preview:-1\" \/>\n<link rel=\"canonical\" href=\"https:\/\/enricomaciasloriental.fr\/WordPress\/enrico-macias-au-festival-de-ramatuelle\/\" \/>\n<meta property=\"og:locale\" content=\"fr_FR\" \/>\n<meta property=\"og:type\" content=\"article\" \/>\n<meta property=\"og:title\" content=\"Enrico Macias au festival de Ramatuelle - ENRICO MACIAS L&#039;Oriental\" \/>\n<meta property=\"og:description\" content=\"Le Festival de Ramatuelle c\u00e9l\u00e8bre sa 30\u00e8me \u00e9dition du 1er au 12 ao\u00fbt 2014 ! Pr\u00e9sid\u00e9 par Michel Boujenah, le th\u00e9\u00e2tre cr\u00e9\u00e9 en 1985 par Jean-Claude Brialy et Jacqueline Franjou dans un modeste champ entrecoup\u00e9 de restanques et sem\u00e9 de &hellip; Enrico Macias au festival de Ramatuelle Read More &raquo;\" \/>\n<meta property=\"og:url\" content=\"https:\/\/enricomaciasloriental.fr\/WordPress\/enrico-macias-au-festival-de-ramatuelle\/\" \/>\n<meta property=\"og:site_name\" content=\"ENRICO MACIAS L&#039;Oriental\" \/>\n<meta property=\"article:published_time\" content=\"2014-06-24T06:05:50+00:00\" \/>\n<meta property=\"og:image\" content=\"http:\/\/enricomaciasloriental.fr\/WordPress\/wp-content\/uploads\/\/2014\/06\/affiche-e1403589934582.png\" \/>\n<meta name=\"author\" content=\"Loriental\" \/>\n<meta name=\"twitter:card\" content=\"summary_large_image\" \/>\n<meta name=\"twitter:label1\" content=\"\u00c9crit par\" \/>\n\t<meta name=\"twitter:data1\" content=\"Loriental\" \/>\n\t<meta name=\"twitter:label2\" content=\"Dur\u00e9e de lecture estim\u00e9e\" \/>\n\t<meta name=\"twitter:data2\" content=\"2 minutes\" \/>\n<script type=\"application\/ld+json\" class=\"yoast-schema-graph\">{\"@context\":\"https:\\\/\\\/schema.org\",\"@graph\":[{\"@type\":\"Article\",\"@id\":\"https:\\\/\\\/enricomaciasloriental.fr\\\/WordPress\\\/enrico-macias-au-festival-de-ramatuelle\\\/#article\",\"isPartOf\":{\"@id\":\"https:\\\/\\\/enricomaciasloriental.fr\\\/WordPress\\\/enrico-macias-au-festival-de-ramatuelle\\\/\"},\"author\":{\"name\":\"Loriental\",\"@id\":\"https:\\\/\\\/enricomaciasloriental.fr\\\/WordPress\\\/#\\\/schema\\\/person\\\/53fba112c6f4f0b335578890a816262e\"},\"headline\":\"Enrico Macias au festival de Ramatuelle\",\"datePublished\":\"2014-06-24T06:05:50+00:00\",\"mainEntityOfPage\":{\"@id\":\"https:\\\/\\\/enricomaciasloriental.fr\\\/WordPress\\\/enrico-macias-au-festival-de-ramatuelle\\\/\"},\"wordCount\":313,\"commentCount\":0,\"publisher\":{\"@id\":\"https:\\\/\\\/enricomaciasloriental.fr\\\/WordPress\\\/#\\\/schema\\\/person\\\/53fba112c6f4f0b335578890a816262e\"},\"image\":{\"@id\":\"https:\\\/\\\/enricomaciasloriental.fr\\\/WordPress\\\/enrico-macias-au-festival-de-ramatuelle\\\/#primaryimage\"},\"thumbnailUrl\":\"http:\\\/\\\/enricomaciasloriental.fr\\\/WordPress\\\/wp-content\\\/uploads\\\/\\\/2014\\\/06\\\/affiche-e1403589934582.png\",\"articleSection\":[\"Actualit\u00e9s\"],\"inLanguage\":\"fr-FR\",\"potentialAction\":[{\"@type\":\"CommentAction\",\"name\":\"Comment\",\"target\":[\"https:\\\/\\\/enricomaciasloriental.fr\\\/WordPress\\\/enrico-macias-au-festival-de-ramatuelle\\\/#respond\"]}]},{\"@type\":\"WebPage\",\"@id\":\"https:\\\/\\\/enricomaciasloriental.fr\\\/WordPress\\\/enrico-macias-au-festival-de-ramatuelle\\\/\",\"url\":\"https:\\\/\\\/enricomaciasloriental.fr\\\/WordPress\\\/enrico-macias-au-festival-de-ramatuelle\\\/\",\"name\":\"Enrico Macias au festival de Ramatuelle - ENRICO MACIAS L&#039;Oriental\",\"isPartOf\":{\"@id\":\"https:\\\/\\\/enricomaciasloriental.fr\\\/WordPress\\\/#website\"},\"primaryImageOfPage\":{\"@id\":\"https:\\\/\\\/enricomaciasloriental.fr\\\/WordPress\\\/enrico-macias-au-festival-de-ramatuelle\\\/#primaryimage\"},\"image\":{\"@id\":\"https:\\\/\\\/enricomaciasloriental.fr\\\/WordPress\\\/enrico-macias-au-festival-de-ramatuelle\\\/#primaryimage\"},\"thumbnailUrl\":\"http:\\\/\\\/enricomaciasloriental.fr\\\/WordPress\\\/wp-content\\\/uploads\\\/\\\/2014\\\/06\\\/affiche-e1403589934582.png\",\"datePublished\":\"2014-06-24T06:05:50+00:00\",\"breadcrumb\":{\"@id\":\"https:\\\/\\\/enricomaciasloriental.fr\\\/WordPress\\\/enrico-macias-au-festival-de-ramatuelle\\\/#breadcrumb\"},\"inLanguage\":\"fr-FR\",\"potentialAction\":[{\"@type\":\"ReadAction\",\"target\":[\"https:\\\/\\\/enricomaciasloriental.fr\\\/WordPress\\\/enrico-macias-au-festival-de-ramatuelle\\\/\"]}]},{\"@type\":\"ImageObject\",\"inLanguage\":\"fr-FR\",\"@id\":\"https:\\\/\\\/enricomaciasloriental.fr\\\/WordPress\\\/enrico-macias-au-festival-de-ramatuelle\\\/#primaryimage\",\"url\":\"https:\\\/\\\/enricomaciasloriental.fr\\\/WordPress\\\/wp-content\\\/uploads\\\/\\\/2014\\\/06\\\/affiche-e1403589934582.png\",\"contentUrl\":\"https:\\\/\\\/enricomaciasloriental.fr\\\/WordPress\\\/wp-content\\\/uploads\\\/\\\/2014\\\/06\\\/affiche-e1403589934582.png\",\"width\":500,\"height\":316},{\"@type\":\"BreadcrumbList\",\"@id\":\"https:\\\/\\\/enricomaciasloriental.fr\\\/WordPress\\\/enrico-macias-au-festival-de-ramatuelle\\\/#breadcrumb\",\"itemListElement\":[{\"@type\":\"ListItem\",\"position\":1,\"name\":\"Accueil\",\"item\":\"https:\\\/\\\/enricomaciasloriental.fr\\\/WordPress\\\/\"},{\"@type\":\"ListItem\",\"position\":2,\"name\":\"Enrico Macias au festival de Ramatuelle\"}]},{\"@type\":\"WebSite\",\"@id\":\"https:\\\/\\\/enricomaciasloriental.fr\\\/WordPress\\\/#website\",\"url\":\"https:\\\/\\\/enricomaciasloriental.fr\\\/WordPress\\\/\",\"name\":\"ENRICO MACIAS L'Oriental\",\"description\":\"IL EST COMME LE SOLEIL\",\"publisher\":{\"@id\":\"https:\\\/\\\/enricomaciasloriental.fr\\\/WordPress\\\/#\\\/schema\\\/person\\\/53fba112c6f4f0b335578890a816262e\"},\"potentialAction\":[{\"@type\":\"SearchAction\",\"target\":{\"@type\":\"EntryPoint\",\"urlTemplate\":\"https:\\\/\\\/enricomaciasloriental.fr\\\/WordPress\\\/?s={search_term_string}\"},\"query-input\":{\"@type\":\"PropertyValueSpecification\",\"valueRequired\":true,\"valueName\":\"search_term_string\"}}],\"inLanguage\":\"fr-FR\"},{\"@type\":[\"Person\",\"Organization\"],\"@id\":\"https:\\\/\\\/enricomaciasloriental.fr\\\/WordPress\\\/#\\\/schema\\\/person\\\/53fba112c6f4f0b335578890a816262e\",\"name\":\"Loriental\",\"image\":{\"@type\":\"ImageObject\",\"inLanguage\":\"fr-FR\",\"@id\":\"https:\\\/\\\/enricomaciasloriental.fr\\\/WordPress\\\/wp-content\\\/uploads\\\/\\\/2015\\\/02\\\/cropped-bannier_altaiir-enrico.jpg\",\"url\":\"https:\\\/\\\/enricomaciasloriental.fr\\\/WordPress\\\/wp-content\\\/uploads\\\/\\\/2015\\\/02\\\/cropped-bannier_altaiir-enrico.jpg\",\"contentUrl\":\"https:\\\/\\\/enricomaciasloriental.fr\\\/WordPress\\\/wp-content\\\/uploads\\\/\\\/2015\\\/02\\\/cropped-bannier_altaiir-enrico.jpg\",\"width\":1200,\"height\":150,\"caption\":\"Loriental\"},\"logo\":{\"@id\":\"https:\\\/\\\/enricomaciasloriental.fr\\\/WordPress\\\/wp-content\\\/uploads\\\/\\\/2015\\\/02\\\/cropped-bannier_altaiir-enrico.jpg\"},\"sameAs\":[\"http:\\\/\\\/www.enricomaciasloriental.fr\\\/\"]}]}<\/script>\n<!-- \/ Yoast SEO plugin. -->","yoast_head_json":{"title":"Enrico Macias au festival de Ramatuelle - ENRICO MACIAS L&#039;Oriental","robots":{"index":"index","follow":"follow","max-snippet":"max-snippet:-1","max-image-preview":"max-image-preview:large","max-video-preview":"max-video-preview:-1"},"canonical":"https:\/\/enricomaciasloriental.fr\/WordPress\/enrico-macias-au-festival-de-ramatuelle\/","og_locale":"fr_FR","og_type":"article","og_title":"Enrico Macias au festival de Ramatuelle - ENRICO MACIAS L&#039;Oriental","og_description":"Le Festival de Ramatuelle c\u00e9l\u00e8bre sa 30\u00e8me \u00e9dition du 1er au 12 ao\u00fbt 2014 ! Pr\u00e9sid\u00e9 par Michel Boujenah, le th\u00e9\u00e2tre cr\u00e9\u00e9 en 1985 par Jean-Claude Brialy et Jacqueline Franjou dans un modeste champ entrecoup\u00e9 de restanques et sem\u00e9 de &hellip; Enrico Macias au festival de Ramatuelle Read More &raquo;","og_url":"https:\/\/enricomaciasloriental.fr\/WordPress\/enrico-macias-au-festival-de-ramatuelle\/","og_site_name":"ENRICO MACIAS L&#039;Oriental","article_published_time":"2014-06-24T06:05:50+00:00","og_image":[{"url":"http:\/\/enricomaciasloriental.fr\/WordPress\/wp-content\/uploads\/\/2014\/06\/affiche-e1403589934582.png","type":"","width":"","height":""}],"author":"Loriental","twitter_card":"summary_large_image","twitter_misc":{"\u00c9crit par":"Loriental","Dur\u00e9e de lecture estim\u00e9e":"2 minutes"},"schema":{"@context":"https:\/\/schema.org","@graph":[{"@type":"Article","@id":"https:\/\/enricomaciasloriental.fr\/WordPress\/enrico-macias-au-festival-de-ramatuelle\/#article","isPartOf":{"@id":"https:\/\/enricomaciasloriental.fr\/WordPress\/enrico-macias-au-festival-de-ramatuelle\/"},"author":{"name":"Loriental","@id":"https:\/\/enricomaciasloriental.fr\/WordPress\/#\/schema\/person\/53fba112c6f4f0b335578890a816262e"},"headline":"Enrico Macias au festival de Ramatuelle","datePublished":"2014-06-24T06:05:50+00:00","mainEntityOfPage":{"@id":"https:\/\/enricomaciasloriental.fr\/WordPress\/enrico-macias-au-festival-de-ramatuelle\/"},"wordCount":313,"commentCount":0,"publisher":{"@id":"https:\/\/enricomaciasloriental.fr\/WordPress\/#\/schema\/person\/53fba112c6f4f0b335578890a816262e"},"image":{"@id":"https:\/\/enricomaciasloriental.fr\/WordPress\/enrico-macias-au-festival-de-ramatuelle\/#primaryimage"},"thumbnailUrl":"http:\/\/enricomaciasloriental.fr\/WordPress\/wp-content\/uploads\/\/2014\/06\/affiche-e1403589934582.png","articleSection":["Actualit\u00e9s"],"inLanguage":"fr-FR","potentialAction":[{"@type":"CommentAction","name":"Comment","target":["https:\/\/enricomaciasloriental.fr\/WordPress\/enrico-macias-au-festival-de-ramatuelle\/#respond"]}]},{"@type":"WebPage","@id":"https:\/\/enricomaciasloriental.fr\/WordPress\/enrico-macias-au-festival-de-ramatuelle\/","url":"https:\/\/enricomaciasloriental.fr\/WordPress\/enrico-macias-au-festival-de-ramatuelle\/","name":"Enrico Macias au festival de Ramatuelle - ENRICO MACIAS L&#039;Oriental","isPartOf":{"@id":"https:\/\/enricomaciasloriental.fr\/WordPress\/#website"},"primaryImageOfPage":{"@id":"https:\/\/enricomaciasloriental.fr\/WordPress\/enrico-macias-au-festival-de-ramatuelle\/#primaryimage"},"image":{"@id":"https:\/\/enricomaciasloriental.fr\/WordPress\/enrico-macias-au-festival-de-ramatuelle\/#primaryimage"},"thumbnailUrl":"http:\/\/enricomaciasloriental.fr\/WordPress\/wp-content\/uploads\/\/2014\/06\/affiche-e1403589934582.png","datePublished":"2014-06-24T06:05:50+00:00","breadcrumb":{"@id":"https:\/\/enricomaciasloriental.fr\/WordPress\/enrico-macias-au-festival-de-ramatuelle\/#breadcrumb"},"inLanguage":"fr-FR","potentialAction":[{"@type":"ReadAction","target":["https:\/\/enricomaciasloriental.fr\/WordPress\/enrico-macias-au-festival-de-ramatuelle\/"]}]},{"@type":"ImageObject","inLanguage":"fr-FR","@id":"https:\/\/enricomaciasloriental.fr\/WordPress\/enrico-macias-au-festival-de-ramatuelle\/#primaryimage","url":"https:\/\/enricomaciasloriental.fr\/WordPress\/wp-content\/uploads\/\/2014\/06\/affiche-e1403589934582.png","contentUrl":"https:\/\/enricomaciasloriental.fr\/WordPress\/wp-content\/uploads\/\/2014\/06\/affiche-e1403589934582.png","width":500,"height":316},{"@type":"BreadcrumbList","@id":"https:\/\/enricomaciasloriental.fr\/WordPress\/enrico-macias-au-festival-de-ramatuelle\/#breadcrumb","itemListElement":[{"@type":"ListItem","position":1,"name":"Accueil","item":"https:\/\/enricomaciasloriental.fr\/WordPress\/"},{"@type":"ListItem","position":2,"name":"Enrico Macias au festival de Ramatuelle"}]},{"@type":"WebSite","@id":"https:\/\/enricomaciasloriental.fr\/WordPress\/#website","url":"https:\/\/enricomaciasloriental.fr\/WordPress\/","name":"ENRICO MACIAS L'Oriental","description":"IL EST COMME LE SOLEIL","publisher":{"@id":"https:\/\/enricomaciasloriental.fr\/WordPress\/#\/schema\/person\/53fba112c6f4f0b335578890a816262e"},"potentialAction":[{"@type":"SearchAction","target":{"@type":"EntryPoint","urlTemplate":"https:\/\/enricomaciasloriental.fr\/WordPress\/?s={search_term_string}"},"query-input":{"@type":"PropertyValueSpecification","valueRequired":true,"valueName":"search_term_string"}}],"inLanguage":"fr-FR"},{"@type":["Person","Organization"],"@id":"https:\/\/enricomaciasloriental.fr\/WordPress\/#\/schema\/person\/53fba112c6f4f0b335578890a816262e","name":"Loriental","image":{"@type":"ImageObject","inLanguage":"fr-FR","@id":"https:\/\/enricomaciasloriental.fr\/WordPress\/wp-content\/uploads\/\/2015\/02\/cropped-bannier_altaiir-enrico.jpg","url":"https:\/\/enricomaciasloriental.fr\/WordPress\/wp-content\/uploads\/\/2015\/02\/cropped-bannier_altaiir-enrico.jpg","contentUrl":"https:\/\/enricomaciasloriental.fr\/WordPress\/wp-content\/uploads\/\/2015\/02\/cropped-bannier_altaiir-enrico.jpg","width":1200,"height":150,"caption":"Loriental"},"logo":{"@id":"https:\/\/enricomaciasloriental.fr\/WordPress\/wp-content\/uploads\/\/2015\/02\/cropped-bannier_altaiir-enrico.jpg"},"sameAs":["http:\/\/www.enricomaciasloriental.fr\/"]}]}},"featured_image_src":"","featured_image_src_square":false,"author_info":{"display_name":"Loriental","author_link":"https:\/\/enricomaciasloriental.fr\/WordPress\/author\/admin9234\/"},"rbea_author_info":{"display_name":"Loriental","author_link":"https:\/\/enricomaciasloriental.fr\/WordPress\/author\/admin9234\/"},"rbea_excerpt_info":"Le Festival de Ramatuelle c\u00e9l\u00e8bre sa 30\u00e8me \u00e9dition du 1er au 12 ao\u00fbt 2014 ! Pr\u00e9sid\u00e9 par Michel Boujenah, le th\u00e9\u00e2tre cr\u00e9\u00e9 en 1985 par Jean-Claude Brialy et Jacqueline Franjou dans un modeste champ entrecoup\u00e9 de restanques et sem\u00e9 de &hellip;<p class=\"read-more\"> <a class=\"more-link\" href=\"https:\/\/enricomaciasloriental.fr\/WordPress\/enrico-macias-au-festival-de-ramatuelle\/\"> <span class=\"screen-reader-text\">Enrico Macias au festival de Ramatuelle<\/span> Read More &raquo;<\/a><\/p>","category_list":"<a href=\"https:\/\/enricomaciasloriental.fr\/WordPress\/category\/actualites\/\">Actualit\u00e9s<\/a>","comments_num":"0 comments","_links":{"self":[{"href":"https:\/\/enricomaciasloriental.fr\/WordPress\/wp-json\/wp\/v2\/posts\/7040","targetHints":{"allow":["GET"]}}],"collection":[{"href":"https:\/\/enricomaciasloriental.fr\/WordPress\/wp-json\/wp\/v2\/posts"}],"about":[{"href":"https:\/\/enricomaciasloriental.fr\/WordPress\/wp-json\/wp\/v2\/types\/post"}],"author":[{"embeddable":true,"href":"https:\/\/enricomaciasloriental.fr\/WordPress\/wp-json\/wp\/v2\/users\/36"}],"replies":[{"embeddable":true,"href":"https:\/\/enricomaciasloriental.fr\/WordPress\/wp-json\/wp\/v2\/comments?post=7040"}],"version-history":[{"count":0,"href":"https:\/\/enricomaciasloriental.fr\/WordPress\/wp-json\/wp\/v2\/posts\/7040\/revisions"}],"wp:attachment":[{"href":"https:\/\/enricomaciasloriental.fr\/WordPress\/wp-json\/wp\/v2\/media?parent=7040"}],"wp:term":[{"taxonomy":"category","embeddable":true,"href":"https:\/\/enricomaciasloriental.fr\/WordPress\/wp-json\/wp\/v2\/categories?post=7040"},{"taxonomy":"post_tag","embeddable":true,"href":"https:\/\/enricomaciasloriental.fr\/WordPress\/wp-json\/wp\/v2\/tags?post=7040"}],"curies":[{"name":"wp","href":"https:\/\/api.w.org\/{rel}","templated":true}]}}