{"id":8008,"date":"2015-06-07T21:30:40","date_gmt":"2015-06-07T19:30:40","guid":{"rendered":"http:\/\/enricomaciasloriental.fr\/WordPress\/?p=8008"},"modified":"2015-06-07T21:30:40","modified_gmt":"2015-06-07T19:30:40","slug":"enrico-macias-a-avesnes-sur-helpe-6-juin-2015","status":"publish","type":"post","link":"https:\/\/enricomaciasloriental.fr\/WordPress\/enrico-macias-a-avesnes-sur-helpe-6-juin-2015\/","title":{"rendered":"Enrico Macias \u00e0 Avesnes sur Helpe &#8211; 6 juin 2015"},"content":{"rendered":"<p><span style=\"color: #000000; font-family: Calibri;\"><a href=\"https:\/\/enricomaciasloriental.fr\/WordPress\/?attachment_id=8009\" rel=\"attachment wp-att-8009\"><img fetchpriority=\"high\" decoding=\"async\" class=\"alignleft size-full wp-image-8009\" src=\"https:\/\/enricomaciasloriental.fr\/WordPress\/wp-content\/uploads\/\/2015\/06\/Avesnes-06-06-2015-86.jpg\" alt=\"Avesnes-06-06-2015-(86)\" width=\"600\" height=\"400\" srcset=\"https:\/\/enricomaciasloriental.fr\/WordPress\/wp-content\/uploads\/2015\/06\/Avesnes-06-06-2015-86.jpg 600w, https:\/\/enricomaciasloriental.fr\/WordPress\/wp-content\/uploads\/2015\/06\/Avesnes-06-06-2015-86-300x200.jpg 300w\" sizes=\"(max-width: 600px) 100vw, 600px\" \/><\/a><\/span><\/p>\n<p>De notre envoy\u00e9e sp\u00e9ciale \u00e0 Avesnes, Muriel M<br \/>\nMille mercis<\/p>\n<p><span style=\"color: #000000; font-family: Calibri;\">\u00ab\u00a0Les gens de Nord ont dans les yeux le bleu qu\u2019il manque \u00e0 leur d\u00e9cor, les gens du Nord ont dans le c\u0153ur le soleil qu\u2019ils n\u2019ont pas dehors\u00a0\u00bb. Samedi 6 juin \u00e0 Avesnes-sur-Helpe, ceci n\u2019\u00e9tait pas vrai, le ciel \u00e9tait bleu et le soleil brillait de mille feux dans les rues du c\u0153ur de l\u2019Avesnois. Mais la chaleur a \u00e9t\u00e9 \u00e0 son comble dans la chaleureuse salle des f\u00eates d\u2019Avesnes lorsqu\u2019Enrico a fait son apparition \u00e0 20h30.<\/span><\/p>\n<p><span style=\"color: #000000; font-family: Calibri;\">Madame le maire et son \u00e9quipe \u00e9tait aux premi\u00e8res loges pour accueillir notre chanteur pr\u00e9f\u00e9r\u00e9.<\/span><\/p>\n<p><span style=\"color: #000000; font-family: Calibri;\">Un concert alliant humour et chansons. Ce 6 juin, Enrico a \u00e9t\u00e9 et je le cite \u00ab\u00a0l\u2019humoriste et le chanteur\u00a0\u00bb. Et il a aussi \u00e9t\u00e9 taquin avec son public fid\u00e8le et avec ses merveilleux musiciens. Une pens\u00e9e pour Henri Daguerre qui n\u2019a pu \u00eatre pr\u00e9sent, mais Enrico nous a rassur\u00e9 sur son \u00e9tat de sant\u00e9. On esp\u00e8re le revoir tr\u00e8s vite avec sa basse. Toutefois, son rempla\u00e7ant, Karim a \u00e9t\u00e9 bon. Ils sont tous bons nos musiciens pr\u00e9f\u00e9r\u00e9s, Thierry, Bruno, Amar, Abdenour, Serge\u2026. Je n\u2019oublie personne\u00a0? Ah si\u00a0! Kamel\u2026\u2026\u2026\u2026\u2026\u2026\u2026. (D\u00e9sol\u00e9e, j\u2019\u00e9coute les taquineries de mon ma\u00eetre et je les r\u00e9p\u00e8te).<\/span><\/p>\n<p><span style=\"color: #000000; font-family: Calibri;\">Donc vous l\u2019aurez compris, cela a \u00e9t\u00e9 un concert dans la bonne humeur et la convivialit\u00e9. Qui me laissera un souvenir imp\u00e9rissable.<\/span><\/p>\n<p><span style=\"color: #000000; font-family: Calibri;\">Lorsque vint le moment de chanter \u00ab\u00a0Les gens du Nord\u00a0\u00bb, Enrico nous a offert une introduction jamais entendue. Un m\u00e9lange de nouveaut\u00e9s et de notes tir\u00e9es de cette chanson incontournable. Il nous a tenus en haleine pendant 1\u201930\u2019\u2019 avant d\u2019enfin chanter ces quelques mots qui sont dans la m\u00e9moire de tous. Durant ces 90 secondes, il a mis l\u2019eau \u00e0 la bouche \u00e0 son public nordiste et comme on s\u2019y attendait, cela a \u00e9t\u00e9 un vrai bonheur que de r\u00e9entendre ce petit bijou en hommage aux ch\u2019tis, qui s\u2019est termin\u00e9 sous une salve d\u2019applaudissements.<\/span><\/p>\n<p><span style=\"color: #000000; font-family: Calibri;\">Cette chanson culte, Enrico la chante dans le monde entier et dans tous les coins de France, mais samedi soir dans cette salle des f\u00eates, elle avait une saveur particuli\u00e8re.<\/span><\/p>\n<p><span style=\"color: #000000; font-family: Calibri;\">Muriel M.<\/span><\/p>\n<p>&nbsp;<\/p>\n","protected":false},"excerpt":{"rendered":"<p>De notre envoy\u00e9e sp\u00e9ciale \u00e0 Avesnes, Muriel M Mille mercis \u00ab\u00a0Les gens de Nord ont dans les yeux le bleu qu\u2019il manque \u00e0 leur d\u00e9cor, les gens du Nord ont dans le c\u0153ur le soleil qu\u2019ils n\u2019ont pas dehors\u00a0\u00bb. Samedi &hellip;<\/p>\n<p class=\"read-more\"> <a class=\"more-link\" href=\"https:\/\/enricomaciasloriental.fr\/WordPress\/enrico-macias-a-avesnes-sur-helpe-6-juin-2015\/\"> <span class=\"screen-reader-text\">Enrico Macias \u00e0 Avesnes sur Helpe &#8211; 6 juin 2015<\/span> Read More &raquo;<\/a><\/p>\n","protected":false},"author":36,"featured_media":0,"comment_status":"open","ping_status":"open","sticky":false,"template":"","format":"standard","meta":{"footnotes":""},"categories":[1],"tags":[],"class_list":["post-8008","post","type-post","status-publish","format-standard","hentry","category-actualites"],"yoast_head":"<!-- This site is optimized with the Yoast SEO plugin v27.4 - https:\/\/yoast.com\/product\/yoast-seo-wordpress\/ -->\n<title>Enrico Macias \u00e0 Avesnes sur Helpe - 6 juin 2015 - ENRICO MACIAS L&#039;Oriental<\/title>\n<meta name=\"robots\" content=\"index, follow, max-snippet:-1, max-image-preview:large, max-video-preview:-1\" \/>\n<link rel=\"canonical\" href=\"https:\/\/enricomaciasloriental.fr\/WordPress\/enrico-macias-a-avesnes-sur-helpe-6-juin-2015\/\" \/>\n<meta property=\"og:locale\" content=\"fr_FR\" \/>\n<meta property=\"og:type\" content=\"article\" \/>\n<meta property=\"og:title\" content=\"Enrico Macias \u00e0 Avesnes sur Helpe - 6 juin 2015 - ENRICO MACIAS L&#039;Oriental\" \/>\n<meta property=\"og:description\" content=\"De notre envoy\u00e9e sp\u00e9ciale \u00e0 Avesnes, Muriel M Mille mercis \u00ab\u00a0Les gens de Nord ont dans les yeux le bleu qu\u2019il manque \u00e0 leur d\u00e9cor, les gens du Nord ont dans le c\u0153ur le soleil qu\u2019ils n\u2019ont pas dehors\u00a0\u00bb. Samedi &hellip; Enrico Macias \u00e0 Avesnes sur Helpe &#8211; 6 juin 2015 Read More &raquo;\" \/>\n<meta property=\"og:url\" content=\"https:\/\/enricomaciasloriental.fr\/WordPress\/enrico-macias-a-avesnes-sur-helpe-6-juin-2015\/\" \/>\n<meta property=\"og:site_name\" content=\"ENRICO MACIAS L&#039;Oriental\" \/>\n<meta property=\"article:published_time\" content=\"2015-06-07T19:30:40+00:00\" \/>\n<meta property=\"og:image\" content=\"http:\/\/enricomaciasloriental.fr\/WordPress\/wp-content\/uploads\/\/2015\/06\/Avesnes-06-06-2015-86.jpg\" \/>\n<meta name=\"author\" content=\"Loriental\" \/>\n<meta name=\"twitter:card\" content=\"summary_large_image\" \/>\n<meta name=\"twitter:label1\" content=\"\u00c9crit par\" \/>\n\t<meta name=\"twitter:data1\" content=\"Loriental\" \/>\n\t<meta name=\"twitter:label2\" content=\"Dur\u00e9e de lecture estim\u00e9e\" \/>\n\t<meta name=\"twitter:data2\" content=\"2 minutes\" \/>\n<script type=\"application\/ld+json\" class=\"yoast-schema-graph\">{\"@context\":\"https:\\\/\\\/schema.org\",\"@graph\":[{\"@type\":\"Article\",\"@id\":\"https:\\\/\\\/enricomaciasloriental.fr\\\/WordPress\\\/enrico-macias-a-avesnes-sur-helpe-6-juin-2015\\\/#article\",\"isPartOf\":{\"@id\":\"https:\\\/\\\/enricomaciasloriental.fr\\\/WordPress\\\/enrico-macias-a-avesnes-sur-helpe-6-juin-2015\\\/\"},\"author\":{\"name\":\"Loriental\",\"@id\":\"https:\\\/\\\/enricomaciasloriental.fr\\\/WordPress\\\/#\\\/schema\\\/person\\\/53fba112c6f4f0b335578890a816262e\"},\"headline\":\"Enrico Macias \u00e0 Avesnes sur Helpe &#8211; 6 juin 2015\",\"datePublished\":\"2015-06-07T19:30:40+00:00\",\"mainEntityOfPage\":{\"@id\":\"https:\\\/\\\/enricomaciasloriental.fr\\\/WordPress\\\/enrico-macias-a-avesnes-sur-helpe-6-juin-2015\\\/\"},\"wordCount\":397,\"commentCount\":0,\"publisher\":{\"@id\":\"https:\\\/\\\/enricomaciasloriental.fr\\\/WordPress\\\/#\\\/schema\\\/person\\\/53fba112c6f4f0b335578890a816262e\"},\"image\":{\"@id\":\"https:\\\/\\\/enricomaciasloriental.fr\\\/WordPress\\\/enrico-macias-a-avesnes-sur-helpe-6-juin-2015\\\/#primaryimage\"},\"thumbnailUrl\":\"http:\\\/\\\/enricomaciasloriental.fr\\\/WordPress\\\/wp-content\\\/uploads\\\/\\\/2015\\\/06\\\/Avesnes-06-06-2015-86.jpg\",\"articleSection\":[\"Actualit\u00e9s\"],\"inLanguage\":\"fr-FR\",\"potentialAction\":[{\"@type\":\"CommentAction\",\"name\":\"Comment\",\"target\":[\"https:\\\/\\\/enricomaciasloriental.fr\\\/WordPress\\\/enrico-macias-a-avesnes-sur-helpe-6-juin-2015\\\/#respond\"]}]},{\"@type\":\"WebPage\",\"@id\":\"https:\\\/\\\/enricomaciasloriental.fr\\\/WordPress\\\/enrico-macias-a-avesnes-sur-helpe-6-juin-2015\\\/\",\"url\":\"https:\\\/\\\/enricomaciasloriental.fr\\\/WordPress\\\/enrico-macias-a-avesnes-sur-helpe-6-juin-2015\\\/\",\"name\":\"Enrico Macias \u00e0 Avesnes sur Helpe - 6 juin 2015 - ENRICO MACIAS L&#039;Oriental\",\"isPartOf\":{\"@id\":\"https:\\\/\\\/enricomaciasloriental.fr\\\/WordPress\\\/#website\"},\"primaryImageOfPage\":{\"@id\":\"https:\\\/\\\/enricomaciasloriental.fr\\\/WordPress\\\/enrico-macias-a-avesnes-sur-helpe-6-juin-2015\\\/#primaryimage\"},\"image\":{\"@id\":\"https:\\\/\\\/enricomaciasloriental.fr\\\/WordPress\\\/enrico-macias-a-avesnes-sur-helpe-6-juin-2015\\\/#primaryimage\"},\"thumbnailUrl\":\"http:\\\/\\\/enricomaciasloriental.fr\\\/WordPress\\\/wp-content\\\/uploads\\\/\\\/2015\\\/06\\\/Avesnes-06-06-2015-86.jpg\",\"datePublished\":\"2015-06-07T19:30:40+00:00\",\"breadcrumb\":{\"@id\":\"https:\\\/\\\/enricomaciasloriental.fr\\\/WordPress\\\/enrico-macias-a-avesnes-sur-helpe-6-juin-2015\\\/#breadcrumb\"},\"inLanguage\":\"fr-FR\",\"potentialAction\":[{\"@type\":\"ReadAction\",\"target\":[\"https:\\\/\\\/enricomaciasloriental.fr\\\/WordPress\\\/enrico-macias-a-avesnes-sur-helpe-6-juin-2015\\\/\"]}]},{\"@type\":\"ImageObject\",\"inLanguage\":\"fr-FR\",\"@id\":\"https:\\\/\\\/enricomaciasloriental.fr\\\/WordPress\\\/enrico-macias-a-avesnes-sur-helpe-6-juin-2015\\\/#primaryimage\",\"url\":\"https:\\\/\\\/enricomaciasloriental.fr\\\/WordPress\\\/wp-content\\\/uploads\\\/\\\/2015\\\/06\\\/Avesnes-06-06-2015-86.jpg\",\"contentUrl\":\"https:\\\/\\\/enricomaciasloriental.fr\\\/WordPress\\\/wp-content\\\/uploads\\\/\\\/2015\\\/06\\\/Avesnes-06-06-2015-86.jpg\",\"width\":600,\"height\":400},{\"@type\":\"BreadcrumbList\",\"@id\":\"https:\\\/\\\/enricomaciasloriental.fr\\\/WordPress\\\/enrico-macias-a-avesnes-sur-helpe-6-juin-2015\\\/#breadcrumb\",\"itemListElement\":[{\"@type\":\"ListItem\",\"position\":1,\"name\":\"Accueil\",\"item\":\"https:\\\/\\\/enricomaciasloriental.fr\\\/WordPress\\\/\"},{\"@type\":\"ListItem\",\"position\":2,\"name\":\"Enrico Macias \u00e0 Avesnes sur Helpe &#8211; 6 juin 2015\"}]},{\"@type\":\"WebSite\",\"@id\":\"https:\\\/\\\/enricomaciasloriental.fr\\\/WordPress\\\/#website\",\"url\":\"https:\\\/\\\/enricomaciasloriental.fr\\\/WordPress\\\/\",\"name\":\"ENRICO MACIAS L'Oriental\",\"description\":\"IL EST COMME LE SOLEIL\",\"publisher\":{\"@id\":\"https:\\\/\\\/enricomaciasloriental.fr\\\/WordPress\\\/#\\\/schema\\\/person\\\/53fba112c6f4f0b335578890a816262e\"},\"potentialAction\":[{\"@type\":\"SearchAction\",\"target\":{\"@type\":\"EntryPoint\",\"urlTemplate\":\"https:\\\/\\\/enricomaciasloriental.fr\\\/WordPress\\\/?s={search_term_string}\"},\"query-input\":{\"@type\":\"PropertyValueSpecification\",\"valueRequired\":true,\"valueName\":\"search_term_string\"}}],\"inLanguage\":\"fr-FR\"},{\"@type\":[\"Person\",\"Organization\"],\"@id\":\"https:\\\/\\\/enricomaciasloriental.fr\\\/WordPress\\\/#\\\/schema\\\/person\\\/53fba112c6f4f0b335578890a816262e\",\"name\":\"Loriental\",\"image\":{\"@type\":\"ImageObject\",\"inLanguage\":\"fr-FR\",\"@id\":\"https:\\\/\\\/enricomaciasloriental.fr\\\/WordPress\\\/wp-content\\\/uploads\\\/\\\/2015\\\/02\\\/cropped-bannier_altaiir-enrico.jpg\",\"url\":\"https:\\\/\\\/enricomaciasloriental.fr\\\/WordPress\\\/wp-content\\\/uploads\\\/\\\/2015\\\/02\\\/cropped-bannier_altaiir-enrico.jpg\",\"contentUrl\":\"https:\\\/\\\/enricomaciasloriental.fr\\\/WordPress\\\/wp-content\\\/uploads\\\/\\\/2015\\\/02\\\/cropped-bannier_altaiir-enrico.jpg\",\"width\":1200,\"height\":150,\"caption\":\"Loriental\"},\"logo\":{\"@id\":\"https:\\\/\\\/enricomaciasloriental.fr\\\/WordPress\\\/wp-content\\\/uploads\\\/\\\/2015\\\/02\\\/cropped-bannier_altaiir-enrico.jpg\"},\"sameAs\":[\"http:\\\/\\\/www.enricomaciasloriental.fr\\\/\"]}]}<\/script>\n<!-- \/ Yoast SEO plugin. -->","yoast_head_json":{"title":"Enrico Macias \u00e0 Avesnes sur Helpe - 6 juin 2015 - ENRICO MACIAS L&#039;Oriental","robots":{"index":"index","follow":"follow","max-snippet":"max-snippet:-1","max-image-preview":"max-image-preview:large","max-video-preview":"max-video-preview:-1"},"canonical":"https:\/\/enricomaciasloriental.fr\/WordPress\/enrico-macias-a-avesnes-sur-helpe-6-juin-2015\/","og_locale":"fr_FR","og_type":"article","og_title":"Enrico Macias \u00e0 Avesnes sur Helpe - 6 juin 2015 - ENRICO MACIAS L&#039;Oriental","og_description":"De notre envoy\u00e9e sp\u00e9ciale \u00e0 Avesnes, Muriel M Mille mercis \u00ab\u00a0Les gens de Nord ont dans les yeux le bleu qu\u2019il manque \u00e0 leur d\u00e9cor, les gens du Nord ont dans le c\u0153ur le soleil qu\u2019ils n\u2019ont pas dehors\u00a0\u00bb. Samedi &hellip; Enrico Macias \u00e0 Avesnes sur Helpe &#8211; 6 juin 2015 Read More &raquo;","og_url":"https:\/\/enricomaciasloriental.fr\/WordPress\/enrico-macias-a-avesnes-sur-helpe-6-juin-2015\/","og_site_name":"ENRICO MACIAS L&#039;Oriental","article_published_time":"2015-06-07T19:30:40+00:00","og_image":[{"url":"http:\/\/enricomaciasloriental.fr\/WordPress\/wp-content\/uploads\/\/2015\/06\/Avesnes-06-06-2015-86.jpg","type":"","width":"","height":""}],"author":"Loriental","twitter_card":"summary_large_image","twitter_misc":{"\u00c9crit par":"Loriental","Dur\u00e9e de lecture estim\u00e9e":"2 minutes"},"schema":{"@context":"https:\/\/schema.org","@graph":[{"@type":"Article","@id":"https:\/\/enricomaciasloriental.fr\/WordPress\/enrico-macias-a-avesnes-sur-helpe-6-juin-2015\/#article","isPartOf":{"@id":"https:\/\/enricomaciasloriental.fr\/WordPress\/enrico-macias-a-avesnes-sur-helpe-6-juin-2015\/"},"author":{"name":"Loriental","@id":"https:\/\/enricomaciasloriental.fr\/WordPress\/#\/schema\/person\/53fba112c6f4f0b335578890a816262e"},"headline":"Enrico Macias \u00e0 Avesnes sur Helpe &#8211; 6 juin 2015","datePublished":"2015-06-07T19:30:40+00:00","mainEntityOfPage":{"@id":"https:\/\/enricomaciasloriental.fr\/WordPress\/enrico-macias-a-avesnes-sur-helpe-6-juin-2015\/"},"wordCount":397,"commentCount":0,"publisher":{"@id":"https:\/\/enricomaciasloriental.fr\/WordPress\/#\/schema\/person\/53fba112c6f4f0b335578890a816262e"},"image":{"@id":"https:\/\/enricomaciasloriental.fr\/WordPress\/enrico-macias-a-avesnes-sur-helpe-6-juin-2015\/#primaryimage"},"thumbnailUrl":"http:\/\/enricomaciasloriental.fr\/WordPress\/wp-content\/uploads\/\/2015\/06\/Avesnes-06-06-2015-86.jpg","articleSection":["Actualit\u00e9s"],"inLanguage":"fr-FR","potentialAction":[{"@type":"CommentAction","name":"Comment","target":["https:\/\/enricomaciasloriental.fr\/WordPress\/enrico-macias-a-avesnes-sur-helpe-6-juin-2015\/#respond"]}]},{"@type":"WebPage","@id":"https:\/\/enricomaciasloriental.fr\/WordPress\/enrico-macias-a-avesnes-sur-helpe-6-juin-2015\/","url":"https:\/\/enricomaciasloriental.fr\/WordPress\/enrico-macias-a-avesnes-sur-helpe-6-juin-2015\/","name":"Enrico Macias \u00e0 Avesnes sur Helpe - 6 juin 2015 - ENRICO MACIAS L&#039;Oriental","isPartOf":{"@id":"https:\/\/enricomaciasloriental.fr\/WordPress\/#website"},"primaryImageOfPage":{"@id":"https:\/\/enricomaciasloriental.fr\/WordPress\/enrico-macias-a-avesnes-sur-helpe-6-juin-2015\/#primaryimage"},"image":{"@id":"https:\/\/enricomaciasloriental.fr\/WordPress\/enrico-macias-a-avesnes-sur-helpe-6-juin-2015\/#primaryimage"},"thumbnailUrl":"http:\/\/enricomaciasloriental.fr\/WordPress\/wp-content\/uploads\/\/2015\/06\/Avesnes-06-06-2015-86.jpg","datePublished":"2015-06-07T19:30:40+00:00","breadcrumb":{"@id":"https:\/\/enricomaciasloriental.fr\/WordPress\/enrico-macias-a-avesnes-sur-helpe-6-juin-2015\/#breadcrumb"},"inLanguage":"fr-FR","potentialAction":[{"@type":"ReadAction","target":["https:\/\/enricomaciasloriental.fr\/WordPress\/enrico-macias-a-avesnes-sur-helpe-6-juin-2015\/"]}]},{"@type":"ImageObject","inLanguage":"fr-FR","@id":"https:\/\/enricomaciasloriental.fr\/WordPress\/enrico-macias-a-avesnes-sur-helpe-6-juin-2015\/#primaryimage","url":"https:\/\/enricomaciasloriental.fr\/WordPress\/wp-content\/uploads\/\/2015\/06\/Avesnes-06-06-2015-86.jpg","contentUrl":"https:\/\/enricomaciasloriental.fr\/WordPress\/wp-content\/uploads\/\/2015\/06\/Avesnes-06-06-2015-86.jpg","width":600,"height":400},{"@type":"BreadcrumbList","@id":"https:\/\/enricomaciasloriental.fr\/WordPress\/enrico-macias-a-avesnes-sur-helpe-6-juin-2015\/#breadcrumb","itemListElement":[{"@type":"ListItem","position":1,"name":"Accueil","item":"https:\/\/enricomaciasloriental.fr\/WordPress\/"},{"@type":"ListItem","position":2,"name":"Enrico Macias \u00e0 Avesnes sur Helpe &#8211; 6 juin 2015"}]},{"@type":"WebSite","@id":"https:\/\/enricomaciasloriental.fr\/WordPress\/#website","url":"https:\/\/enricomaciasloriental.fr\/WordPress\/","name":"ENRICO MACIAS L'Oriental","description":"IL EST COMME LE SOLEIL","publisher":{"@id":"https:\/\/enricomaciasloriental.fr\/WordPress\/#\/schema\/person\/53fba112c6f4f0b335578890a816262e"},"potentialAction":[{"@type":"SearchAction","target":{"@type":"EntryPoint","urlTemplate":"https:\/\/enricomaciasloriental.fr\/WordPress\/?s={search_term_string}"},"query-input":{"@type":"PropertyValueSpecification","valueRequired":true,"valueName":"search_term_string"}}],"inLanguage":"fr-FR"},{"@type":["Person","Organization"],"@id":"https:\/\/enricomaciasloriental.fr\/WordPress\/#\/schema\/person\/53fba112c6f4f0b335578890a816262e","name":"Loriental","image":{"@type":"ImageObject","inLanguage":"fr-FR","@id":"https:\/\/enricomaciasloriental.fr\/WordPress\/wp-content\/uploads\/\/2015\/02\/cropped-bannier_altaiir-enrico.jpg","url":"https:\/\/enricomaciasloriental.fr\/WordPress\/wp-content\/uploads\/\/2015\/02\/cropped-bannier_altaiir-enrico.jpg","contentUrl":"https:\/\/enricomaciasloriental.fr\/WordPress\/wp-content\/uploads\/\/2015\/02\/cropped-bannier_altaiir-enrico.jpg","width":1200,"height":150,"caption":"Loriental"},"logo":{"@id":"https:\/\/enricomaciasloriental.fr\/WordPress\/wp-content\/uploads\/\/2015\/02\/cropped-bannier_altaiir-enrico.jpg"},"sameAs":["http:\/\/www.enricomaciasloriental.fr\/"]}]}},"featured_image_src":"","featured_image_src_square":false,"author_info":{"display_name":"Loriental","author_link":"https:\/\/enricomaciasloriental.fr\/WordPress\/author\/admin9234\/"},"rbea_author_info":{"display_name":"Loriental","author_link":"https:\/\/enricomaciasloriental.fr\/WordPress\/author\/admin9234\/"},"rbea_excerpt_info":"De notre envoy\u00e9e sp\u00e9ciale \u00e0 Avesnes, Muriel M Mille mercis \u00ab\u00a0Les gens de Nord ont dans les yeux le bleu qu\u2019il manque \u00e0 leur d\u00e9cor, les gens du Nord ont dans le c\u0153ur le soleil qu\u2019ils n\u2019ont pas dehors\u00a0\u00bb. Samedi &hellip;<p class=\"read-more\"> <a class=\"more-link\" href=\"https:\/\/enricomaciasloriental.fr\/WordPress\/enrico-macias-a-avesnes-sur-helpe-6-juin-2015\/\"> <span class=\"screen-reader-text\">Enrico Macias \u00e0 Avesnes sur Helpe &#8211; 6 juin 2015<\/span> Read More &raquo;<\/a><\/p>","category_list":"<a href=\"https:\/\/enricomaciasloriental.fr\/WordPress\/category\/actualites\/\">Actualit\u00e9s<\/a>","comments_num":"0 comments","_links":{"self":[{"href":"https:\/\/enricomaciasloriental.fr\/WordPress\/wp-json\/wp\/v2\/posts\/8008","targetHints":{"allow":["GET"]}}],"collection":[{"href":"https:\/\/enricomaciasloriental.fr\/WordPress\/wp-json\/wp\/v2\/posts"}],"about":[{"href":"https:\/\/enricomaciasloriental.fr\/WordPress\/wp-json\/wp\/v2\/types\/post"}],"author":[{"embeddable":true,"href":"https:\/\/enricomaciasloriental.fr\/WordPress\/wp-json\/wp\/v2\/users\/36"}],"replies":[{"embeddable":true,"href":"https:\/\/enricomaciasloriental.fr\/WordPress\/wp-json\/wp\/v2\/comments?post=8008"}],"version-history":[{"count":0,"href":"https:\/\/enricomaciasloriental.fr\/WordPress\/wp-json\/wp\/v2\/posts\/8008\/revisions"}],"wp:attachment":[{"href":"https:\/\/enricomaciasloriental.fr\/WordPress\/wp-json\/wp\/v2\/media?parent=8008"}],"wp:term":[{"taxonomy":"category","embeddable":true,"href":"https:\/\/enricomaciasloriental.fr\/WordPress\/wp-json\/wp\/v2\/categories?post=8008"},{"taxonomy":"post_tag","embeddable":true,"href":"https:\/\/enricomaciasloriental.fr\/WordPress\/wp-json\/wp\/v2\/tags?post=8008"}],"curies":[{"name":"wp","href":"https:\/\/api.w.org\/{rel}","templated":true}]}}