{"id":9227,"date":"2016-03-08T19:46:37","date_gmt":"2016-03-08T18:46:37","guid":{"rendered":"http:\/\/enricomaciasloriental.fr\/WordPress\/?p=9227"},"modified":"2016-03-08T19:53:51","modified_gmt":"2016-03-08T18:53:51","slug":"les-clefs-du-coeur","status":"publish","type":"post","link":"https:\/\/enricomaciasloriental.fr\/WordPress\/les-clefs-du-coeur\/","title":{"rendered":"Les clefs du c\u0153ur"},"content":{"rendered":"<p><a href=\"https:\/\/enricomaciasloriental.fr\/WordPress\/wp-content\/uploads\/\/2016\/03\/Page1.jpg\" rel=\"attachment wp-att-9228\"><img fetchpriority=\"high\" decoding=\"async\" class=\"alignleft wp-image-9228\" src=\"https:\/\/enricomaciasloriental.fr\/WordPress\/wp-content\/uploads\/\/2016\/03\/Page1.jpg\" alt=\"Page1\" width=\"400\" height=\"533\" srcset=\"https:\/\/enricomaciasloriental.fr\/WordPress\/wp-content\/uploads\/2016\/03\/Page1.jpg 600w, https:\/\/enricomaciasloriental.fr\/WordPress\/wp-content\/uploads\/2016\/03\/Page1-225x300.jpg 225w\" sizes=\"(max-width: 400px) 100vw, 400px\" \/><\/a><\/p>\n<p>Cr\u00e9dits photo : H\u00e9l\u00e8ne Pambrun<\/p>\n<p>&nbsp;<\/p>\n<p><span style=\"color: #000000; font-family: Calibri;\">En toute objectivit\u00e9, ce CD est magnifique.<\/span><\/p>\n<p><span style=\"color: #000000; font-family: Calibri;\">Cet album, je l\u2019ai attendu, comme jamais je n\u2019en ai attendu un autre. <\/span><\/p>\n<p><span style=\"color: #000000; font-family: Calibri;\">D\u2019abord la sortie est report\u00e9e d\u2019octobre \u00e0 f\u00e9vrier pour la raison que l\u2019on sait.<br \/>\nPuis je le commande \u00e0 l\u2019importation, il devait arriver avant le 12\/02, rat\u00e9\u00a0! et j\u2019en passe.<br \/>\nAlors inutile de dire que le 19, j\u2019\u00e9tais sur des charbons ardents et d\u00e8s 8 h du matin dans un magasin afin de me le procurer.<br \/>\nAussit\u00f4t arriv\u00e9e au bureau, je le lance et l\u00e0, je tombe sous le charme de l\u2019int\u00e9gralit\u00e9 des chansons (ou presque).<br \/>\nC\u2019est vrai que nous en avions d\u00e9j\u00e0 d\u00e9couvert 5 \u00e0 l\u2019Olympia et celles-ci refl\u00e8tent assez bien le CD.<br \/>\nDe la musique orientale sur des paroles de sagesse.<br \/>\nDes textes puissants sur des m\u00e9lodies qui vous trottent dans la t\u00eate.<br \/>\nPetit b\u00e9mol dans ce CD, il manque le 13<sup><span style=\"font-size: small;\">\u00e8me<\/span><\/sup> titre.<br \/>\nQu\u2019\u00e0 cela ne tienne, apr\u00e8s une enqu\u00eate approfondie, nous comprenons comment nous le procurer, et voil\u00e0 c\u2019est parti pour un 3<sup><span style=\"font-size: small;\">\u00e8me<\/span><\/sup> achat.<\/span><\/p>\n<p><span style=\"color: #000000; font-family: Calibri;\">Commen\u00e7ons par les chansons rythm\u00e9es\u00a0: \u00ab\u00a0<strong>A la gr\u00e2ce de Dieu<\/strong>\u00a0\u00bb et \u00ab\u00a0<strong>Vivre, vivre<\/strong>\u00a0\u00bb. J\u2019adore\u00a0! Il n\u2019y a pas d\u2019autres mots.<br \/>\nSi je suis debout en les \u00e9coutant, je me mets \u00e0 danser, leur musique est transcendante et leurs textes sont ceux d\u2019une personne qui a compris ce qu\u2019est l\u2019essentiel dans la vie.<br \/>\nDans cette m\u00eame cat\u00e9gorie \u00ab\u00a0<strong>Du soleil<\/strong>\u00a0\u00bb met du baume au c\u0153ur.<\/span><\/p>\n<p><span style=\"color: #000000; font-family: Calibri;\">Concernant les chansons \u00e0 textes, je serais incapable de dire laquelle est ma pr\u00e9f\u00e9r\u00e9e entre les 4 suivantes. D\u2019abord \u00ab\u00a0<strong>Comme vous<\/strong>\u00a0\u00bb et \u00ab\u00a0<strong>Vas vers toi-m\u00eame\u00a0<\/strong>\u00bb me touchent avec, de nouveau, des textes profonds.<br \/>\nBien s\u00fbr, je suis boulevers\u00e9e par le cri du c\u0153ur de \u00ab\u00a0<strong>Chanter pour toi\u00a0<\/strong>\u00bb. Et, mais comment pourrait-il en \u00eatre autrement, je suis \u00e9mue par \u00ab\u00a0<strong>Pour ma bel<\/strong>le\u00a0\u00bb.<\/span><\/p>\n<p><span style=\"color: #000000; font-family: Calibri;\">La chanson \u00ab\u00a0<strong>La justice et ma m\u00e8re<\/strong>\u00a0\u00bb est tellement d\u2019actualit\u00e9 qu\u2019elle vous saisit. Bien qu\u2019elle ne lui ressemble pas, \u00ab\u00a0<strong>Ami<\/strong>\u00a0\u00bb est sympathique \u00e0 \u00e9couter. Puis nous avons\u00a0: \u00ab\u00a0<strong>Des pieds et des mains<\/strong>\u00a0\u00bb. Le mot \u00ab\u00a0perplexe\u00a0\u00bb est celui qui r\u00e9sume le mieux ce que je ressens. La musique et le rythme sont parfaits, mais j\u2019imagine que le texte est trop subtil car je ne l\u2019ai pas encore bien capt\u00e9.<\/span><\/p>\n<p><span style=\"color: #000000; font-family: Calibri;\">L\u2019Alg\u00e9rie est \u00e0 l\u2019honneur avec \u00ab\u00a0<strong>Les clefs<\/strong>\u00a0\u00bb. C\u2019est un chef d\u2019\u0153uvre musical avec un texte qui me parle au plus profond de mes racines. Dans le m\u00eame registre nous avons\u00a0: \u00ab\u00a0<strong>Venez<\/strong>\u00a0\u00bb. L\u2019une comme l\u2019autre me renvoient \u00e0 une chanson des fr\u00e8res Nacash \u00ab\u00a0elle imagine\u00a0\u00bb. J\u2019ai cette nostalgie du pays perdu, mais je ne peux qu\u2019imaginer\u2026\u2026.<\/span><\/p>\n<p><span style=\"color: #000000; font-family: Calibri;\">Le morceau de guitare nous rappelle qu\u2019Enrico est avant tout un tr\u00e8s grand guitariste qui, associ\u00e9 au merveilleux Bruno, nous offre l\u00e0 un bijou.<\/span><\/p>\n<p><span style=\"color: #000000; font-family: Calibri;\">Donc voil\u00e0, comme vous l\u2019aurez sans doute compris, je classe ce CD comme le meilleur depuis la \u00ab\u00a0reconversion\u00a0\u00bb, ce qui n\u2019enl\u00e8ve rien \u00e0 la qualit\u00e9 des pr\u00e9c\u00e9dents. <\/span><\/p>\n<p><span style=\"color: #000000; font-family: Calibri;\">Merci \u00e0 Enrico, Jean-Claude et \u00e0 tous les autres participants pour ce cadeau. <\/span><\/p>\n<p>Muriel Meimoun<\/p>\n<p>&nbsp;<\/p>\n<p><em>Un immense merci \u00e0\u00a0Muriel. Je ne pouvais faire mieux qu&rsquo;elle pour vous pr\u00e9senter ce nouvel album de notre chanteur pr\u00e9f\u00e9r\u00e9<\/em><\/p>\n<p><em>Il ne nous reste plus qu&rsquo;\u00e0 le remettre sur la platine, nous installer confortablement dans un fauteuil et replonger dans le monde ensoleill\u00e9 d&rsquo;Enrico<\/em><\/p>\n<p>&nbsp;<\/p>\n","protected":false},"excerpt":{"rendered":"<p>Cr\u00e9dits photo : H\u00e9l\u00e8ne Pambrun &nbsp; En toute objectivit\u00e9, ce CD est magnifique. Cet album, je l\u2019ai attendu, comme jamais je n\u2019en ai attendu un autre. D\u2019abord la sortie est report\u00e9e d\u2019octobre \u00e0 f\u00e9vrier pour la raison que l\u2019on sait. &hellip;<\/p>\n<p class=\"read-more\"> <a class=\"more-link\" href=\"https:\/\/enricomaciasloriental.fr\/WordPress\/les-clefs-du-coeur\/\"> <span class=\"screen-reader-text\">Les clefs du c\u0153ur<\/span> Read More &raquo;<\/a><\/p>\n","protected":false},"author":36,"featured_media":0,"comment_status":"open","ping_status":"open","sticky":false,"template":"","format":"standard","meta":{"footnotes":""},"categories":[1,11,47],"tags":[],"class_list":["post-9227","post","type-post","status-publish","format-standard","hentry","category-actualites","category-le-coup-de-coeur-de-loriental","category-le-coin-des-fans"],"yoast_head":"<!-- This site is optimized with the Yoast SEO plugin v27.4 - https:\/\/yoast.com\/product\/yoast-seo-wordpress\/ -->\n<title>Les clefs du c\u0153ur - ENRICO MACIAS L&#039;Oriental<\/title>\n<meta name=\"robots\" content=\"index, follow, max-snippet:-1, max-image-preview:large, max-video-preview:-1\" \/>\n<link rel=\"canonical\" href=\"https:\/\/enricomaciasloriental.fr\/WordPress\/les-clefs-du-coeur\/\" \/>\n<meta property=\"og:locale\" content=\"fr_FR\" \/>\n<meta property=\"og:type\" content=\"article\" \/>\n<meta property=\"og:title\" content=\"Les clefs du c\u0153ur - ENRICO MACIAS L&#039;Oriental\" \/>\n<meta property=\"og:description\" content=\"Cr\u00e9dits photo : H\u00e9l\u00e8ne Pambrun &nbsp; En toute objectivit\u00e9, ce CD est magnifique. Cet album, je l\u2019ai attendu, comme jamais je n\u2019en ai attendu un autre. D\u2019abord la sortie est report\u00e9e d\u2019octobre \u00e0 f\u00e9vrier pour la raison que l\u2019on sait. &hellip; Les clefs du c\u0153ur Read More &raquo;\" \/>\n<meta property=\"og:url\" content=\"https:\/\/enricomaciasloriental.fr\/WordPress\/les-clefs-du-coeur\/\" \/>\n<meta property=\"og:site_name\" content=\"ENRICO MACIAS L&#039;Oriental\" \/>\n<meta property=\"article:published_time\" content=\"2016-03-08T18:46:37+00:00\" \/>\n<meta property=\"article:modified_time\" content=\"2016-03-08T18:53:51+00:00\" \/>\n<meta property=\"og:image\" content=\"http:\/\/enricomaciasloriental.fr\/WordPress\/wp-content\/uploads\/\/2016\/03\/Page1.jpg\" \/>\n<meta name=\"author\" content=\"Loriental\" \/>\n<meta name=\"twitter:card\" content=\"summary_large_image\" \/>\n<meta name=\"twitter:label1\" content=\"\u00c9crit par\" \/>\n\t<meta name=\"twitter:data1\" content=\"Loriental\" \/>\n\t<meta name=\"twitter:label2\" content=\"Dur\u00e9e de lecture estim\u00e9e\" \/>\n\t<meta name=\"twitter:data2\" content=\"3 minutes\" \/>\n<script type=\"application\/ld+json\" class=\"yoast-schema-graph\">{\"@context\":\"https:\\\/\\\/schema.org\",\"@graph\":[{\"@type\":\"Article\",\"@id\":\"https:\\\/\\\/enricomaciasloriental.fr\\\/WordPress\\\/les-clefs-du-coeur\\\/#article\",\"isPartOf\":{\"@id\":\"https:\\\/\\\/enricomaciasloriental.fr\\\/WordPress\\\/les-clefs-du-coeur\\\/\"},\"author\":{\"name\":\"Loriental\",\"@id\":\"https:\\\/\\\/enricomaciasloriental.fr\\\/WordPress\\\/#\\\/schema\\\/person\\\/53fba112c6f4f0b335578890a816262e\"},\"headline\":\"Les clefs du c\u0153ur\",\"datePublished\":\"2016-03-08T18:46:37+00:00\",\"dateModified\":\"2016-03-08T18:53:51+00:00\",\"mainEntityOfPage\":{\"@id\":\"https:\\\/\\\/enricomaciasloriental.fr\\\/WordPress\\\/les-clefs-du-coeur\\\/\"},\"wordCount\":599,\"commentCount\":3,\"publisher\":{\"@id\":\"https:\\\/\\\/enricomaciasloriental.fr\\\/WordPress\\\/#\\\/schema\\\/person\\\/53fba112c6f4f0b335578890a816262e\"},\"image\":{\"@id\":\"https:\\\/\\\/enricomaciasloriental.fr\\\/WordPress\\\/les-clefs-du-coeur\\\/#primaryimage\"},\"thumbnailUrl\":\"http:\\\/\\\/enricomaciasloriental.fr\\\/WordPress\\\/wp-content\\\/uploads\\\/\\\/2016\\\/03\\\/Page1.jpg\",\"articleSection\":[\"Actualit\u00e9s\",\"coup de coeur\",\"Le coin des Fans\"],\"inLanguage\":\"fr-FR\",\"potentialAction\":[{\"@type\":\"CommentAction\",\"name\":\"Comment\",\"target\":[\"https:\\\/\\\/enricomaciasloriental.fr\\\/WordPress\\\/les-clefs-du-coeur\\\/#respond\"]}]},{\"@type\":\"WebPage\",\"@id\":\"https:\\\/\\\/enricomaciasloriental.fr\\\/WordPress\\\/les-clefs-du-coeur\\\/\",\"url\":\"https:\\\/\\\/enricomaciasloriental.fr\\\/WordPress\\\/les-clefs-du-coeur\\\/\",\"name\":\"Les clefs du c\u0153ur - ENRICO MACIAS L&#039;Oriental\",\"isPartOf\":{\"@id\":\"https:\\\/\\\/enricomaciasloriental.fr\\\/WordPress\\\/#website\"},\"primaryImageOfPage\":{\"@id\":\"https:\\\/\\\/enricomaciasloriental.fr\\\/WordPress\\\/les-clefs-du-coeur\\\/#primaryimage\"},\"image\":{\"@id\":\"https:\\\/\\\/enricomaciasloriental.fr\\\/WordPress\\\/les-clefs-du-coeur\\\/#primaryimage\"},\"thumbnailUrl\":\"http:\\\/\\\/enricomaciasloriental.fr\\\/WordPress\\\/wp-content\\\/uploads\\\/\\\/2016\\\/03\\\/Page1.jpg\",\"datePublished\":\"2016-03-08T18:46:37+00:00\",\"dateModified\":\"2016-03-08T18:53:51+00:00\",\"breadcrumb\":{\"@id\":\"https:\\\/\\\/enricomaciasloriental.fr\\\/WordPress\\\/les-clefs-du-coeur\\\/#breadcrumb\"},\"inLanguage\":\"fr-FR\",\"potentialAction\":[{\"@type\":\"ReadAction\",\"target\":[\"https:\\\/\\\/enricomaciasloriental.fr\\\/WordPress\\\/les-clefs-du-coeur\\\/\"]}]},{\"@type\":\"ImageObject\",\"inLanguage\":\"fr-FR\",\"@id\":\"https:\\\/\\\/enricomaciasloriental.fr\\\/WordPress\\\/les-clefs-du-coeur\\\/#primaryimage\",\"url\":\"https:\\\/\\\/enricomaciasloriental.fr\\\/WordPress\\\/wp-content\\\/uploads\\\/\\\/2016\\\/03\\\/Page1.jpg\",\"contentUrl\":\"https:\\\/\\\/enricomaciasloriental.fr\\\/WordPress\\\/wp-content\\\/uploads\\\/\\\/2016\\\/03\\\/Page1.jpg\",\"width\":600,\"height\":800},{\"@type\":\"BreadcrumbList\",\"@id\":\"https:\\\/\\\/enricomaciasloriental.fr\\\/WordPress\\\/les-clefs-du-coeur\\\/#breadcrumb\",\"itemListElement\":[{\"@type\":\"ListItem\",\"position\":1,\"name\":\"Accueil\",\"item\":\"https:\\\/\\\/enricomaciasloriental.fr\\\/WordPress\\\/\"},{\"@type\":\"ListItem\",\"position\":2,\"name\":\"Les clefs du c\u0153ur\"}]},{\"@type\":\"WebSite\",\"@id\":\"https:\\\/\\\/enricomaciasloriental.fr\\\/WordPress\\\/#website\",\"url\":\"https:\\\/\\\/enricomaciasloriental.fr\\\/WordPress\\\/\",\"name\":\"ENRICO MACIAS L'Oriental\",\"description\":\"IL EST COMME LE SOLEIL\",\"publisher\":{\"@id\":\"https:\\\/\\\/enricomaciasloriental.fr\\\/WordPress\\\/#\\\/schema\\\/person\\\/53fba112c6f4f0b335578890a816262e\"},\"potentialAction\":[{\"@type\":\"SearchAction\",\"target\":{\"@type\":\"EntryPoint\",\"urlTemplate\":\"https:\\\/\\\/enricomaciasloriental.fr\\\/WordPress\\\/?s={search_term_string}\"},\"query-input\":{\"@type\":\"PropertyValueSpecification\",\"valueRequired\":true,\"valueName\":\"search_term_string\"}}],\"inLanguage\":\"fr-FR\"},{\"@type\":[\"Person\",\"Organization\"],\"@id\":\"https:\\\/\\\/enricomaciasloriental.fr\\\/WordPress\\\/#\\\/schema\\\/person\\\/53fba112c6f4f0b335578890a816262e\",\"name\":\"Loriental\",\"image\":{\"@type\":\"ImageObject\",\"inLanguage\":\"fr-FR\",\"@id\":\"https:\\\/\\\/enricomaciasloriental.fr\\\/WordPress\\\/wp-content\\\/uploads\\\/\\\/2015\\\/02\\\/cropped-bannier_altaiir-enrico.jpg\",\"url\":\"https:\\\/\\\/enricomaciasloriental.fr\\\/WordPress\\\/wp-content\\\/uploads\\\/\\\/2015\\\/02\\\/cropped-bannier_altaiir-enrico.jpg\",\"contentUrl\":\"https:\\\/\\\/enricomaciasloriental.fr\\\/WordPress\\\/wp-content\\\/uploads\\\/\\\/2015\\\/02\\\/cropped-bannier_altaiir-enrico.jpg\",\"width\":1200,\"height\":150,\"caption\":\"Loriental\"},\"logo\":{\"@id\":\"https:\\\/\\\/enricomaciasloriental.fr\\\/WordPress\\\/wp-content\\\/uploads\\\/\\\/2015\\\/02\\\/cropped-bannier_altaiir-enrico.jpg\"},\"sameAs\":[\"http:\\\/\\\/www.enricomaciasloriental.fr\\\/\"]}]}<\/script>\n<!-- \/ Yoast SEO plugin. -->","yoast_head_json":{"title":"Les clefs du c\u0153ur - ENRICO MACIAS L&#039;Oriental","robots":{"index":"index","follow":"follow","max-snippet":"max-snippet:-1","max-image-preview":"max-image-preview:large","max-video-preview":"max-video-preview:-1"},"canonical":"https:\/\/enricomaciasloriental.fr\/WordPress\/les-clefs-du-coeur\/","og_locale":"fr_FR","og_type":"article","og_title":"Les clefs du c\u0153ur - ENRICO MACIAS L&#039;Oriental","og_description":"Cr\u00e9dits photo : H\u00e9l\u00e8ne Pambrun &nbsp; En toute objectivit\u00e9, ce CD est magnifique. Cet album, je l\u2019ai attendu, comme jamais je n\u2019en ai attendu un autre. D\u2019abord la sortie est report\u00e9e d\u2019octobre \u00e0 f\u00e9vrier pour la raison que l\u2019on sait. &hellip; Les clefs du c\u0153ur Read More &raquo;","og_url":"https:\/\/enricomaciasloriental.fr\/WordPress\/les-clefs-du-coeur\/","og_site_name":"ENRICO MACIAS L&#039;Oriental","article_published_time":"2016-03-08T18:46:37+00:00","article_modified_time":"2016-03-08T18:53:51+00:00","og_image":[{"url":"http:\/\/enricomaciasloriental.fr\/WordPress\/wp-content\/uploads\/\/2016\/03\/Page1.jpg","type":"","width":"","height":""}],"author":"Loriental","twitter_card":"summary_large_image","twitter_misc":{"\u00c9crit par":"Loriental","Dur\u00e9e de lecture estim\u00e9e":"3 minutes"},"schema":{"@context":"https:\/\/schema.org","@graph":[{"@type":"Article","@id":"https:\/\/enricomaciasloriental.fr\/WordPress\/les-clefs-du-coeur\/#article","isPartOf":{"@id":"https:\/\/enricomaciasloriental.fr\/WordPress\/les-clefs-du-coeur\/"},"author":{"name":"Loriental","@id":"https:\/\/enricomaciasloriental.fr\/WordPress\/#\/schema\/person\/53fba112c6f4f0b335578890a816262e"},"headline":"Les clefs du c\u0153ur","datePublished":"2016-03-08T18:46:37+00:00","dateModified":"2016-03-08T18:53:51+00:00","mainEntityOfPage":{"@id":"https:\/\/enricomaciasloriental.fr\/WordPress\/les-clefs-du-coeur\/"},"wordCount":599,"commentCount":3,"publisher":{"@id":"https:\/\/enricomaciasloriental.fr\/WordPress\/#\/schema\/person\/53fba112c6f4f0b335578890a816262e"},"image":{"@id":"https:\/\/enricomaciasloriental.fr\/WordPress\/les-clefs-du-coeur\/#primaryimage"},"thumbnailUrl":"http:\/\/enricomaciasloriental.fr\/WordPress\/wp-content\/uploads\/\/2016\/03\/Page1.jpg","articleSection":["Actualit\u00e9s","coup de coeur","Le coin des Fans"],"inLanguage":"fr-FR","potentialAction":[{"@type":"CommentAction","name":"Comment","target":["https:\/\/enricomaciasloriental.fr\/WordPress\/les-clefs-du-coeur\/#respond"]}]},{"@type":"WebPage","@id":"https:\/\/enricomaciasloriental.fr\/WordPress\/les-clefs-du-coeur\/","url":"https:\/\/enricomaciasloriental.fr\/WordPress\/les-clefs-du-coeur\/","name":"Les clefs du c\u0153ur - ENRICO MACIAS L&#039;Oriental","isPartOf":{"@id":"https:\/\/enricomaciasloriental.fr\/WordPress\/#website"},"primaryImageOfPage":{"@id":"https:\/\/enricomaciasloriental.fr\/WordPress\/les-clefs-du-coeur\/#primaryimage"},"image":{"@id":"https:\/\/enricomaciasloriental.fr\/WordPress\/les-clefs-du-coeur\/#primaryimage"},"thumbnailUrl":"http:\/\/enricomaciasloriental.fr\/WordPress\/wp-content\/uploads\/\/2016\/03\/Page1.jpg","datePublished":"2016-03-08T18:46:37+00:00","dateModified":"2016-03-08T18:53:51+00:00","breadcrumb":{"@id":"https:\/\/enricomaciasloriental.fr\/WordPress\/les-clefs-du-coeur\/#breadcrumb"},"inLanguage":"fr-FR","potentialAction":[{"@type":"ReadAction","target":["https:\/\/enricomaciasloriental.fr\/WordPress\/les-clefs-du-coeur\/"]}]},{"@type":"ImageObject","inLanguage":"fr-FR","@id":"https:\/\/enricomaciasloriental.fr\/WordPress\/les-clefs-du-coeur\/#primaryimage","url":"https:\/\/enricomaciasloriental.fr\/WordPress\/wp-content\/uploads\/\/2016\/03\/Page1.jpg","contentUrl":"https:\/\/enricomaciasloriental.fr\/WordPress\/wp-content\/uploads\/\/2016\/03\/Page1.jpg","width":600,"height":800},{"@type":"BreadcrumbList","@id":"https:\/\/enricomaciasloriental.fr\/WordPress\/les-clefs-du-coeur\/#breadcrumb","itemListElement":[{"@type":"ListItem","position":1,"name":"Accueil","item":"https:\/\/enricomaciasloriental.fr\/WordPress\/"},{"@type":"ListItem","position":2,"name":"Les clefs du c\u0153ur"}]},{"@type":"WebSite","@id":"https:\/\/enricomaciasloriental.fr\/WordPress\/#website","url":"https:\/\/enricomaciasloriental.fr\/WordPress\/","name":"ENRICO MACIAS L'Oriental","description":"IL EST COMME LE SOLEIL","publisher":{"@id":"https:\/\/enricomaciasloriental.fr\/WordPress\/#\/schema\/person\/53fba112c6f4f0b335578890a816262e"},"potentialAction":[{"@type":"SearchAction","target":{"@type":"EntryPoint","urlTemplate":"https:\/\/enricomaciasloriental.fr\/WordPress\/?s={search_term_string}"},"query-input":{"@type":"PropertyValueSpecification","valueRequired":true,"valueName":"search_term_string"}}],"inLanguage":"fr-FR"},{"@type":["Person","Organization"],"@id":"https:\/\/enricomaciasloriental.fr\/WordPress\/#\/schema\/person\/53fba112c6f4f0b335578890a816262e","name":"Loriental","image":{"@type":"ImageObject","inLanguage":"fr-FR","@id":"https:\/\/enricomaciasloriental.fr\/WordPress\/wp-content\/uploads\/\/2015\/02\/cropped-bannier_altaiir-enrico.jpg","url":"https:\/\/enricomaciasloriental.fr\/WordPress\/wp-content\/uploads\/\/2015\/02\/cropped-bannier_altaiir-enrico.jpg","contentUrl":"https:\/\/enricomaciasloriental.fr\/WordPress\/wp-content\/uploads\/\/2015\/02\/cropped-bannier_altaiir-enrico.jpg","width":1200,"height":150,"caption":"Loriental"},"logo":{"@id":"https:\/\/enricomaciasloriental.fr\/WordPress\/wp-content\/uploads\/\/2015\/02\/cropped-bannier_altaiir-enrico.jpg"},"sameAs":["http:\/\/www.enricomaciasloriental.fr\/"]}]}},"featured_image_src":"","featured_image_src_square":false,"author_info":{"display_name":"Loriental","author_link":"https:\/\/enricomaciasloriental.fr\/WordPress\/author\/admin9234\/"},"rbea_author_info":{"display_name":"Loriental","author_link":"https:\/\/enricomaciasloriental.fr\/WordPress\/author\/admin9234\/"},"rbea_excerpt_info":"Cr\u00e9dits photo : H\u00e9l\u00e8ne Pambrun &nbsp; En toute objectivit\u00e9, ce CD est magnifique. Cet album, je l\u2019ai attendu, comme jamais je n\u2019en ai attendu un autre. D\u2019abord la sortie est report\u00e9e d\u2019octobre \u00e0 f\u00e9vrier pour la raison que l\u2019on sait. &hellip;<p class=\"read-more\"> <a class=\"more-link\" href=\"https:\/\/enricomaciasloriental.fr\/WordPress\/les-clefs-du-coeur\/\"> <span class=\"screen-reader-text\">Les clefs du c\u0153ur<\/span> Read More &raquo;<\/a><\/p>","category_list":"<a href=\"https:\/\/enricomaciasloriental.fr\/WordPress\/category\/actualites\/\">Actualit\u00e9s<\/a>, <a href=\"https:\/\/enricomaciasloriental.fr\/WordPress\/category\/le-coup-de-coeur-de-loriental\/\">coup de coeur<\/a>, <a href=\"https:\/\/enricomaciasloriental.fr\/WordPress\/category\/le-coin-des-fans\/\">Le coin des Fans<\/a>","comments_num":"3 comments","_links":{"self":[{"href":"https:\/\/enricomaciasloriental.fr\/WordPress\/wp-json\/wp\/v2\/posts\/9227","targetHints":{"allow":["GET"]}}],"collection":[{"href":"https:\/\/enricomaciasloriental.fr\/WordPress\/wp-json\/wp\/v2\/posts"}],"about":[{"href":"https:\/\/enricomaciasloriental.fr\/WordPress\/wp-json\/wp\/v2\/types\/post"}],"author":[{"embeddable":true,"href":"https:\/\/enricomaciasloriental.fr\/WordPress\/wp-json\/wp\/v2\/users\/36"}],"replies":[{"embeddable":true,"href":"https:\/\/enricomaciasloriental.fr\/WordPress\/wp-json\/wp\/v2\/comments?post=9227"}],"version-history":[{"count":0,"href":"https:\/\/enricomaciasloriental.fr\/WordPress\/wp-json\/wp\/v2\/posts\/9227\/revisions"}],"wp:attachment":[{"href":"https:\/\/enricomaciasloriental.fr\/WordPress\/wp-json\/wp\/v2\/media?parent=9227"}],"wp:term":[{"taxonomy":"category","embeddable":true,"href":"https:\/\/enricomaciasloriental.fr\/WordPress\/wp-json\/wp\/v2\/categories?post=9227"},{"taxonomy":"post_tag","embeddable":true,"href":"https:\/\/enricomaciasloriental.fr\/WordPress\/wp-json\/wp\/v2\/tags?post=9227"}],"curies":[{"name":"wp","href":"https:\/\/api.w.org\/{rel}","templated":true}]}}